{"id":3712,"date":"2015-12-30T10:36:08","date_gmt":"2015-12-30T10:36:08","guid":{"rendered":"http:\/\/granadacosta.es\/?p=3712"},"modified":"2015-12-30T10:36:08","modified_gmt":"2015-12-30T10:36:08","slug":"ii-certamen-de-poesia-granada-costa-ciudad-de-valencia","status":"publish","type":"post","link":"https:\/\/granadacostaglobal.es\/?p=3712","title":{"rendered":"II Certamen de poes\u00eda Granada Costa  \u201cCiudad de Valencia\u201d"},"content":{"rendered":"<p>1) Pueden participar s\u00f3lo socios de Granada Costa que lo deseen con un poema\u00a0 (ESCRITO EN CASTELLANO). El tema y la rima ser\u00e1n libres.<\/p>\n<p>2) El poema deber\u00e1 ser in\u00e9dito y escrito en formato DIN A4 por quintuplicado y a doble espacio\u00a0 por una sola cara con un m\u00ednimo de 30 versos y un m\u00e1ximo de 60.<\/p>\n<p>3) Cada autor presentar\u00e1 un solo trabajo que ser\u00e1 firmado con un pseud\u00f3nimo el cual figurar\u00e1 en la cara exterior del sobre cerrado, en cuyo interior deber\u00e1 ir el nombre y direcci\u00f3n del autor, n\u00famero de tel\u00e9fono y correo electr\u00f3nico acompa\u00f1ado de un certificado del propio autor en el cual acredite que el poema es in\u00e9dito.<\/p>\n<p>4) Todos los trabajos deben remitirse a Granada Costa en Avenida de Andaluc\u00eda n\u00ba 18, \u00a0Molv\u00edzar ( Costa Tropical),18611 Granada.<\/p>\n<p>5) Premios: El primer premio consistir\u00e1 en la edici\u00f3n de un libro de 80 p\u00e1ginas en blanco y negro m\u00e1s portada a color, donde figurar\u00e1 el poema ganador y otros poemas que aportar\u00e1 el premiado para la edici\u00f3n del libro, m\u00e1s diploma.<\/p>\n<p>Otros premios: Tres finalistas con diploma m\u00e1s la publicaci\u00f3n de sus poemas finalistas en la edici\u00f3n del libro.<\/p>\n<p>6) El ganador del primer premio recibir\u00e1 200 ejemplares de la obra publicada, y los finalistas 20. Dicho libro ser\u00e1 distribuido gratuitamente a todos los suscriptores del Granada Costa.<\/p>\n<p>7) El d\u00eda 1 de septiembre de 2016 finalizar\u00e1 el plazo de admisi\u00f3n de los trabajos.<\/p>\n<p>8) El fallo del jurado se har\u00e1 p\u00fablico el d\u00eda 30 de Septiembre de 2016. El premio se entregar\u00e1 durante el circuito cultural de los d\u00edas del 15 al 18 de diciembre de 2016 en Almu\u00f1\u00e9car (Granada-Costa Tropical).<\/p>\n<p>9) El fallo ser\u00e1 inapelable, quedando las obras premiadas en propiedad del Granada Costa y reserv\u00e1ndose \u00e9ste el derecho de editarlas o difundirlas en cualquier medio de comunicaci\u00f3n que considere oportuno. Las no premiadas ser\u00e1n destruidas.<\/p>\n<p>10) El jurado estar\u00e1 presidido por D. Jos\u00e9 Segura Haro m\u00e1s cinco vocales de reconocido prestigio de diferentes provincias de Espa\u00f1a.<\/p>\n<p>11) La asistencia a la recogida del premio ser\u00e1 condici\u00f3n indispensable para la obtenci\u00f3n del mismo. En caso contrario, dicho premio ser\u00e1 declarado nulo.<\/p>\n<p>12) Este Cert\u00e1men est\u00e1 patrocinado por Conde de Hubrite<\/p>\n","protected":false},"excerpt":{"rendered":"<p>1) Pueden participar s\u00f3lo socios de Granada Costa que lo deseen con un poema\u00a0 (ESCRITO EN CASTELLANO). El tema y&hellip;<\/p>\n","protected":false},"author":2,"featured_media":3699,"comment_status":"open","ping_status":"open","sticky":false,"template":"","format":"standard","meta":{"om_disable_all_campaigns":false,"_mi_skip_tracking":false,"_monsterinsights_sitenote_active":false,"_monsterinsights_sitenote_note":"","_monsterinsights_sitenote_category":0,"footnotes":""},"categories":[26],"tags":[],"aioseo_notices":[],"_links":{"self":[{"href":"https:\/\/granadacostaglobal.es\/index.php?rest_route=\/wp\/v2\/posts\/3712"}],"collection":[{"href":"https:\/\/granadacostaglobal.es\/index.php?rest_route=\/wp\/v2\/posts"}],"about":[{"href":"https:\/\/granadacostaglobal.es\/index.php?rest_route=\/wp\/v2\/types\/post"}],"author":[{"embeddable":true,"href":"https:\/\/granadacostaglobal.es\/index.php?rest_route=\/wp\/v2\/users\/2"}],"replies":[{"embeddable":true,"href":"https:\/\/granadacostaglobal.es\/index.php?rest_route=%2Fwp%2Fv2%2Fcomments&post=3712"}],"version-history":[{"count":0,"href":"https:\/\/granadacostaglobal.es\/index.php?rest_route=\/wp\/v2\/posts\/3712\/revisions"}],"wp:featuredmedia":[{"embeddable":true,"href":"https:\/\/granadacostaglobal.es\/index.php?rest_route=\/"}],"wp:attachment":[{"href":"https:\/\/granadacostaglobal.es\/index.php?rest_route=%2Fwp%2Fv2%2Fmedia&parent=3712"}],"wp:term":[{"taxonomy":"category","embeddable":true,"href":"https:\/\/granadacostaglobal.es\/index.php?rest_route=%2Fwp%2Fv2%2Fcategories&post=3712"},{"taxonomy":"post_tag","embeddable":true,"href":"https:\/\/granadacostaglobal.es\/index.php?rest_route=%2Fwp%2Fv2%2Ftags&post=3712"}],"curies":[{"name":"wp","href":"https:\/\/api.w.org\/{rel}","templated":true}]}}