{"id":35634,"date":"2023-05-16T06:37:51","date_gmt":"2023-05-16T05:37:51","guid":{"rendered":"http:\/\/granadacostanacional.es\/?p=35634"},"modified":"2023-05-16T06:37:51","modified_gmt":"2023-05-16T05:37:51","slug":"entrevista-al-pianista-y-compositor-borja-marino","status":"publish","type":"post","link":"https:\/\/granadacostaglobal.es\/?p=35634","title":{"rendered":"ENTREVISTA AL PIANISTA Y COMPOSITOR BORJA MARI\u00d1O"},"content":{"rendered":"\n<p><strong>Queridos lectores del Granada Costa, para esta ocasi\u00f3n les traigo al excelente pianista y compositor Borja Mari\u00f1o nacido en Vigo pero residente en la actualidad en Madrid. Este joven m\u00fasico comenz\u00f3 sus estudios en su localidad natal para concluirlos en el Real Conservatorio de Madrid. Su carrera se ir\u00eda desarrollando en una doble direcci\u00f3n, tanto la de interpretaci\u00f3n como la de composici\u00f3n, orientado hacia el acompa\u00f1amiento vocal y la correpetici\u00f3n de \u00f3pera, por lo que realiza una espl\u00e9ndida labor como Maestro en muchos teatros, as\u00ed como coach de cantantes.<\/strong><\/p>\n\n\n\n<p><strong>&nbsp;&nbsp;&nbsp;&nbsp;&nbsp;&nbsp;&nbsp;&nbsp;&nbsp;&nbsp;&nbsp;&nbsp;&nbsp; Ha llegado a trabajar en el Teatro Real, la Zarzuela, el Liceu, el Palau de les Arts, la Maestranza, la \u00d3pera de Oviedo, Las Palmas, Tenerife, Amigos de la \u00d3pera de Coru\u00f1a, Principal de Palma, los Festivales de Peralada, Santander, El Escorial, la Quincena Musical, etc\u2026 Junto a importantes batutas y solistas desarrollando un vasto repertorio, desde la \u00d3pera barroca a estrenos contempor\u00e1neos. Desde este contacto deriva especialmente su vocaci\u00f3n y pasi\u00f3n por la composici\u00f3n por la Canci\u00f3n de concierto, siendo por ello uno de los preferidos por los interpretes actuales del \u00e1mbito nacional e internacional; tales Saioa Hern\u00e1ndez, Nadine Benjam\u00edn, Francisco Corujo, Mariola Cantarero, Beatriz Lanza, Theresa Karcher, Eleonora Deveze, Gabriel Alonso, Rub\u00e9n Amoretti, Beatriz D\u00edaz, Carmen Sol\u00eds, Patricia Illera, Bego\u00f1a G\u00f3mez, Marta Bauz\u00e0, Mirta Arrua, Santiago Sirur, Everaldo Barbosa, Patricia Blanco, Carolina G\u00f3mez\u2026 Sus canciones se han interpretado en pa\u00edses como USA, Inglaterra, Argentina, Brasil, etc\u2026Algunas de ellas se han presentando en versi\u00f3n orquestal, destacando sus <em>Canciones sefard\u00edes<\/em> que Saioa Hern\u00e1ndez ofreci\u00f3 en el Auditorio Nacional de Madrid. Tambi\u00e9n ha sido llevado al formato digital en CD, recientemente por Gabriel Alonso acompa\u00f1ado por Aurelio Viribay.<\/strong><\/p>\n\n\n\n<p><strong>&nbsp;&nbsp;&nbsp;&nbsp;&nbsp;&nbsp;&nbsp;&nbsp;&nbsp;&nbsp;&nbsp;&nbsp;&nbsp; Tambi\u00e9n ha compuesto m\u00fasica de c\u00e1mara, y como orquestador ha arreglado \u00f3peras y zarzuelas como <em>The Land of Joy <\/em>(Oviedo) o <em>The republic of love <\/em>(New Delhi, India). Entre algunas revisiones cr\u00edticas de (<em>Pepita J\u00edmenez <\/em>o <em>The Magic Opal <\/em>de Alb\u00e9niz o <em>Mar\u00eda del Carmen <\/em>de Granados). Durante su carrera ha explorado diferentes espacios sonoros como la composici\u00f3n para violoncello y pedales electr\u00f3nicos (Praza d\u00b4Almeida, Tarde de choiva), las composiciones para arpa con voz o en tr\u00edo instrumental (No espazo, Can\u00e7\u00f3 trista), el cuarteto de cuerda y clave como su Mon\u00f3logo de La Vida es sue\u00f1o para el especialista en m\u00fasica barroca Franco Fagioli. Sobre la poes\u00eda del Siglo de Oro escribi\u00f3 tambi\u00e9n el ciclo 3 p\u00e1ginas de Fuenteovejuna y durante el periodo que vivimos en todo el mundo de la pandemia durante el Covid-19, ide\u00f3 \u201cM\u00fasica e cuarentena\u201d para flauta y clarinete, inspirada en las vivencias de dos m\u00fasicos en el confinamiento: Pilar Constancio y Luis Miguel M\u00e9ndez.<\/strong><\/p>\n\n\n\n<p><strong>&nbsp;&nbsp;&nbsp;&nbsp;&nbsp;&nbsp;&nbsp;&nbsp;&nbsp;&nbsp;&nbsp;&nbsp;&nbsp; Le unen fuertes v\u00ednculos con el mundo del teatro; habiendo preparado, interpretado y compuesto m\u00fasica para el teatro. Adem\u00e1s de la orquestaci\u00f3n para peque\u00f1as formaciones (L\u00b4heure espagnole, The republic of love, The Land of Joy) ha escrito m\u00fasica original para obras como <em>El pimiento Verdi, <\/em>dirigida por Albert Boadella. De la colaboraci\u00f3n con la Compa\u00f1\u00eda de cuentos infantiles Pyel surgieron arreglos (Pedro y el Lobo tocan en la orquesta) y un encargo: <em>El Principito <\/em>que ha sido interpretado en numerosas ocasiones y escenarios, como el Auditorio Nacional de Madrid, la Escuela Reina Sof\u00eda o el Auditorio Alfredo Kraus (Orquesta Filarm\u00f3nica de Gran Canaria) y ha grabado el Quinteto de viento Enara. Posteriormente nuestro entrevistado prepar\u00f3 una versi\u00f3n como Suite de orquesta.<\/strong><\/p>\n\n\n\n<p><strong>&nbsp;&nbsp;&nbsp;&nbsp;&nbsp;&nbsp;&nbsp;&nbsp;&nbsp;&nbsp;&nbsp;&nbsp;&nbsp; El pasado mes de marzo estren\u00f3 en el Castillo de San Jos\u00e9 de Arrecife (Lanzarote) una selecci\u00f3n de piezas de cabaret alemanas y francesas, con cupl\u00e9s espa\u00f1oles que se enlazan con un texto de autor\u00eda siendo interpretados por la soprano Ruth Ter\u00e1n que tiene por t\u00edtulo <em>The Best Bad Girls, <\/em>adem\u00e1s de otra serie de actividades, conciertos y clases de las que nos hablar\u00e1 en breve.<\/strong><\/p>\n\n\n\n<p><strong>&nbsp;&nbsp;&nbsp;&nbsp;&nbsp;&nbsp;&nbsp;&nbsp;&nbsp;&nbsp;&nbsp;&nbsp;&nbsp; Sin m\u00e1s pre\u00e1mbulos daremos comienzo con la entrevista a este formidable m\u00fasico y compositor que es Borja Mari\u00f1o. Que ha tenido la atenci\u00f3n de concedernos un espacio en su apretada agenda, para respondernos a las preguntas que ver\u00e1n la luz en el peri\u00f3dico sociocultural Granada Costa, por lo que le estamos enormemente agradecidos y al que se le puede seguir en su web: <\/strong><a href=\"http:\/\/www.borjamarinocomposer.com\"><strong>www.borjamarinocomposer.com<\/strong><\/a><\/p>\n\n\n\n<figure class=\"wp-block-image size-full\"><img decoding=\"async\" src=\"http:\/\/granadacostanacional.es\/wp-content\/uploads\/2023\/05\/Li_XcOjQ.jpeg\" alt=\"\" class=\"wp-image-35637\"\/><\/figure>\n\n\n\n<p><strong>&nbsp;&nbsp;&nbsp;&nbsp;&nbsp;&nbsp;&nbsp;&nbsp;&nbsp;&nbsp;&nbsp;&nbsp;&nbsp; -Mi primera pregunta como ya es una tradici\u00f3n, a qu\u00e9 edad y c\u00f3mo te naci\u00f3 la pasi\u00f3n por la m\u00fasica y especialmente por la cl\u00e1sica y la \u00f3pera.<\/strong><\/p>\n\n\n\n<p><strong>&nbsp;&nbsp;&nbsp;&nbsp;&nbsp;&nbsp;&nbsp;&nbsp;&nbsp;&nbsp;&nbsp;&nbsp;&nbsp; <\/strong>-Comenc\u00e9 los estudios a los 8 a\u00f1os. En mi casa siempre hubo un ambiente muy musical, mi madre es una gran mel\u00f3mana y empez\u00f3 a llevarnos pronto a mis hermanos y a m\u00ed a conciertos, tambi\u00e9n a la \u00f3pera, aunque no hab\u00eda tanta actividad de este tipo en mi ciudad natal. Aun as\u00ed, desde que era adolescente, con otros forofos, recuerdo que nos organiz\u00e1bamos para ir a ver \u00f3pera a todos los lugares que nos permit\u00edan nuestros bolsillos.<\/p>\n\n\n\n<p><strong>&nbsp;&nbsp;&nbsp;&nbsp;&nbsp;&nbsp;&nbsp;&nbsp;&nbsp;&nbsp;&nbsp;&nbsp;&nbsp; -Tus padres cuando supieron que deseabas dedicarte al mundo de la m\u00fasica, te apoyaron de forma incondicional, o ten\u00edan sus reservas prefiriendo que te hubieras dedicado a otra carrera y profesi\u00f3n, que fuese m\u00e1s estable y segura.<\/strong><\/p>\n\n\n\n<p><strong>&nbsp;&nbsp;&nbsp;&nbsp;&nbsp;&nbsp;&nbsp;&nbsp;&nbsp;&nbsp;&nbsp;&nbsp;&nbsp; <\/strong>-Es curioso porque somos cuatro hermanos y todos dedic\u00e1ndonos a la m\u00fasica actualmente, en diferentes estilos y proyectos. En este sentido es verdad que fuimos los m\u00e1s mayores (yo soy el segundo) los que abrimos camino para que mis padres comprendieran que con empe\u00f1o y esfuerzo \u00e9ste era un trabajo tan v\u00e1lido como cualquier otro, as\u00ed que a las siguientes generaciones les result\u00f3 mucho m\u00e1s f\u00e1cil y no fue una sorpresa en mi casa.<\/p>\n\n\n\n<p><strong>&nbsp;&nbsp;&nbsp;&nbsp;&nbsp;&nbsp;&nbsp;&nbsp;&nbsp;&nbsp;&nbsp;&nbsp;&nbsp; -De entre todos los instrumentos, dinos qu\u00e9 te atrajo especialmente del piano, existiendo tanta variedad entre los de viento, cuerda, percusi\u00f3n, para que te enamorases del piano, y de su colorido sonoro tan completo.<\/strong><\/p>\n\n\n\n<p>&nbsp;&nbsp;&nbsp;&nbsp;&nbsp;&nbsp;&nbsp;&nbsp;&nbsp;&nbsp;&nbsp;&nbsp;&nbsp; -Como dices es un instrumento que llama la atenci\u00f3n de cualquier ni\u00f1o por si solo con una gran sonoridad muy completa. En mi caso hay una an\u00e9cdota muy entra\u00f1able porque cuando yo me interes\u00e9 por el piano mis padres tuvieron dudas de que se tratara de un inter\u00e9s pasajero y no pod\u00edan asumir el gasto de comprar el instrumento. Yo ten\u00eda que estudiar en las cabinas de una tienda de m\u00fasica que hab\u00eda en mi ciudad. Sin embargo, mi abuelo me hab\u00eda dicho que \u00e9l me construir\u00eda uno, y yo que le admiraba much\u00edsimo y le ve\u00eda, por ejemplo, meter barcos en botellas ten\u00eda el convencimiento de que ser\u00eda capaz de hacerlo. Cada vez que lo visitaba alimentaba mi esperanza y me dec\u00eda: \u201cya tengo las teclas blancas, ahora las negras, ahora los candelabros\u201d, y un largo etc. Hasta que ya en casa me hicieron ver la realidad y del soponcio que me dio mis padres entendieron que aquello no era un simple capricho, y as\u00ed consegu\u00ed mi primer piano \u00a1as\u00ed que el disgusto vali\u00f3 la pena!<\/p>\n\n\n\n<p><strong>&nbsp;&nbsp;&nbsp;&nbsp;&nbsp;&nbsp;&nbsp;&nbsp;&nbsp;&nbsp;&nbsp;&nbsp;&nbsp; -Durante tus a\u00f1os de estudio, has tenido diversos profesores y compa\u00f1eros de clase. Qu\u00e9 recuerdos guardas de aquellos a\u00f1os, y qu\u00e9 profesores te marcaron especialmente por sus ense\u00f1anzas y, entre los alumnos tienes alguno con el que sigas actualmente en contacto por la amistad que surgi\u00f3 de esos a\u00f1os de compartir aula.<\/strong><\/p>\n\n\n\n<p>&nbsp;&nbsp;&nbsp;&nbsp;&nbsp;&nbsp;&nbsp;&nbsp;&nbsp;&nbsp;&nbsp;&nbsp;&nbsp; -He tenido suerte en encontrar profesores que han marcado con su personalidad todas las disciplinas, en musicolog\u00eda Jacinto Torres por ejemplo o Ant\u00f3n Garc\u00eda Abril en la composici\u00f3n. Tambi\u00e9n agradezco mucho a colegas como Miquel Ortega o maestros como Francesco Ivan Ciampa que me han dado sabios consejos m\u00e1s all\u00e1 de echar un vistazo a mis partituras. En el piano tuve tambi\u00e9n presencias muy contrastadas en mi carrera, por ejemplo, la parte m\u00e1s t\u00e9cnica de Vladimira Smausova o la m\u00e1s espiritual de So-Young Moon, sin olvidar a mi primer maestro Julius Andrejevas al que siempre agradecer\u00e9 la apertura de miras que ten\u00eda abri\u00e9ndome el horizonte hacia el mundo del teatro, o la posibilidad de escribir mi propia m\u00fasica etc\u2026 Fue providencial y nunca le estar\u00e9 bastante agradecido.<\/p>\n\n\n\n<p><strong>&nbsp;&nbsp;&nbsp;&nbsp;&nbsp;&nbsp;&nbsp;&nbsp;&nbsp;&nbsp;&nbsp;&nbsp;&nbsp; -Has tocado en diversas salas y escenarios teatrales, de todos ellos cu\u00e1les te marcaron especialmente por su historia, su sonoridad o por el calor del p\u00fablico, y en qu\u00e9 sitios te gustar\u00eda tocar si te diesen la oportunidad y por qu\u00e9 motivo.<\/strong><\/p>\n\n\n\n<p>&nbsp;&nbsp;&nbsp;&nbsp;&nbsp;&nbsp;&nbsp;&nbsp;&nbsp;&nbsp;&nbsp;&nbsp;&nbsp; -S\u00ed, siempre siente uno un est\u00edmulo especial cuando sube a un escenario importante como puede ser el del Teatro Real o el Auditorio Nacional, tambi\u00e9n siempre depende de que qui\u00e9n te acompa\u00f1a y con qu\u00e9 m\u00fasica. En ese sentido siento una especial querencia por la sala de la Fundaci\u00f3n Juan March por la valent\u00eda de los programas que presenta. Y \u00faltimamente no puedo negar que me siento muy halagado por los recitales que se est\u00e1n realizando incluyendo mi m\u00fasica, por ejemplo, el a\u00f1o pasado en Barcelona con tres sopranos y este a\u00f1o, se ha celebrado un curso sobre mis canciones en el Conservatorio de Salamanca, y una monograf\u00eda en la Ciudad de la Cultura en Galicia donde adem\u00e1s se incluy\u00f3 un nuevo estreno para la ocasi\u00f3n.<\/p>\n\n\n\n<p><strong>&nbsp;&nbsp;&nbsp;&nbsp;&nbsp;&nbsp;&nbsp;&nbsp;&nbsp;&nbsp;&nbsp;&nbsp;&nbsp; -Eres un apasionado del teatro y de la \u00f3pera, y si vemos tu trayectoria compositiva has dado mucho de ti, para ensalzar ambos campos l\u00edricos, y especialmente sobre nuestro impresionante Siglo de Oro. Qu\u00e9 es lo que hayas en ellos, para que les dediques una atenci\u00f3n especial.<\/strong><\/p>\n\n\n\n<p>&nbsp;&nbsp;&nbsp;&nbsp;&nbsp;&nbsp;&nbsp;&nbsp;&nbsp;&nbsp;&nbsp;&nbsp;&nbsp; -El Siglo de Oro es una fuente inagotable y sigue de viva actualidad, los temas que trata siguen plenamente vigente. He trabajado sobre escenas de <em>Fuenteovejuna<\/em> de Lope de Vega y tambi\u00e9n sobre <em>La vida es sue\u00f1o<\/em> de Calder\u00f3n, es incre\u00edble que nadie haya sentido la tentaci\u00f3n de ponerla en m\u00fasica. Tambi\u00e9n actualmente hay dramaturgos fant\u00e1sticos en el panorama, me encantar\u00eda poder colaborar con Sanzol o con Messiez por ejemplo a los que admiro.<\/p>\n\n\n\n<p><strong>&nbsp;&nbsp;&nbsp;&nbsp;&nbsp;&nbsp;&nbsp;&nbsp;&nbsp;&nbsp;&nbsp;&nbsp;&nbsp; -El ser un m\u00fasico y compositor tan requerido te llenar\u00e1 de enorme satisfacci\u00f3n, a pesar del poco tiempo que te dejar\u00e1 para dedicar m\u00e1s tiempo a tu familia, y otros hobbies en que pasar el rato. C\u00f3mo lleva Borja Mari\u00f1o y la familia esa enorme actividad y continuos viajes. Que aunque gratificantes ser\u00e1n muy agotadores.<\/strong><\/p>\n\n\n\n<p>&nbsp;&nbsp;&nbsp;&nbsp;&nbsp;&nbsp;&nbsp;&nbsp;&nbsp;&nbsp;&nbsp;&nbsp;&nbsp; -Yo siempre digo que tengo muchas familias porque siempre es una satisfacci\u00f3n cuando vuelves a los teatros y te reencuentras con su personal, el coro, etc. y te hacen m\u00e1s llevadera la estancia fuera de casa. Pero es verdad que a veces se hace complicado tanto viaje y hotel. Hay que intentar planificar la vida de pareja para hacer coincidir agendas. Esta temporada por ejemplo de las 9 \u00f3peras que hago s\u00f3lo dos son en Madrid, donde resido, as\u00ed que es complicado. \u00a1Pero no imposible, hay que saber poner por las dos partes!<\/p>\n\n\n\n<p><strong>&nbsp;&nbsp;&nbsp;&nbsp;&nbsp;&nbsp;&nbsp;&nbsp;&nbsp;&nbsp;&nbsp;&nbsp;&nbsp; -De todas las obras que has tenido que interpretar o arreglar a lo largo de tu trayectoria, cu\u00e1l te resulto m\u00e1s dif\u00edcil y compleja y que te exigi\u00f3 el m\u00e1ximo de ti, y con qu\u00e9 compositor de los cl\u00e1sicos te sientes en sinton\u00eda sonora, con la vida y la m\u00fasica.<\/strong><\/p>\n\n\n\n<p>&nbsp;&nbsp;&nbsp;&nbsp;&nbsp;&nbsp;&nbsp;&nbsp;&nbsp;&nbsp;&nbsp;&nbsp;&nbsp; -Es dif\u00edcil decir cu\u00e1l es la m\u00e1s dif\u00edcil. Recuerdo \u00f3peras de gran complejidad como <em>Doktor Faust<\/em> de Busoni, o hace poco <em>El Caballero avaro<\/em> de Rachmaninov. En cuanto a arreglos la que m\u00e1s tiempo me llev\u00f3 fue realizar la orquestaci\u00f3n de <em>The Land of Joy<\/em>, una revista neoyorkina de Valverde, porque era mucha m\u00fasica, finalmente salieron unos veintitantos n\u00fameros as\u00ed que hubo que dedicarle mucho tiempo, pero tambi\u00e9n fue una gran satisfacci\u00f3n cuando lo vimos sobre las tablas.<\/p>\n\n\n\n<p><strong>&nbsp;&nbsp;&nbsp;&nbsp;&nbsp;&nbsp;&nbsp;&nbsp;&nbsp;&nbsp;&nbsp;&nbsp;&nbsp; -Has compuesto innumerables obras de todo tipo, de c\u00e1mara, teatro, \u00f3peras, y una m\u00fasica en cuarentena para dos m\u00fasicos que supongo que ser\u00e1n grandes amigos tuyos, entre otras piezas. De todas ellas, qu\u00e9 obra te llev\u00f3 mayor tiempo por lo que deseabas expresar y con cu\u00e1l te sientes m\u00e1s satisfecho y orgulloso, al lograr con ella lo so\u00f1ado.<\/strong><\/p>\n\n\n\n<p>&nbsp;&nbsp;&nbsp;&nbsp;&nbsp;&nbsp;&nbsp;&nbsp;&nbsp;&nbsp;&nbsp;&nbsp;&nbsp; -Soy un m\u00fasico incapaz de trabajar \u201cen abstracto\u201d. Todas mis obras tienen una motivaci\u00f3n, un sentimiento, un mensaje y esto es lo que hace que cada cual sea especial para m\u00ed. De la m\u00fasica de c\u00e1mara tengo un gran cari\u00f1o a <em>El Principito<\/em> que creamos junto al Quinteto Enara y que despu\u00e9s han interpretado otras formaciones, por ejemplo, con la Filarm\u00f3nica de Gran Canaria, y donde la parte esc\u00e9nica tambi\u00e9n est\u00e1 \u00edntimamente ligada. En cuanto a las orquestales he quedado muy contento con el estreno de <em>Arlanz\u00f3n <\/em>el noviembre pasado con la orquesta de Pedro Bartolom\u00e9 en Burgos, y tambi\u00e9n est\u00e1n saliendo muchas de las canciones orquestadas que funcionan muy bien. Creo que ciclos como <em>Tres poemas de guerra y un sue\u00f1o<\/em>, sobre Machado, o <em>Los versos de mujer<\/em> tendr\u00e1n un gran recorrido; siempre que se han interpretado hasta ahora han cosechado grandes \u00e9xitos. Tambi\u00e9n las recientes canciones sevillanas sobre poetas actuales: <em>Campanas de sol y aire<\/em>.<\/p>\n\n\n\n<p><strong>&nbsp;&nbsp;&nbsp;&nbsp;&nbsp;&nbsp;&nbsp;&nbsp;&nbsp;&nbsp;&nbsp;&nbsp;&nbsp; -En estos a\u00f1os has editado algunos discos, nos podr\u00edas adelantar si pr\u00f3ximamente ver\u00e1 la luz alg\u00fan nuevo trabajo discogr\u00e1fico tuyo, con obras de tu autor\u00eda de cara a los futuros lectores que pudieran estar interesados.<\/strong><\/p>\n\n\n\n<p>&nbsp;&nbsp;&nbsp;&nbsp;&nbsp;&nbsp;&nbsp;&nbsp;&nbsp;&nbsp;&nbsp;&nbsp;&nbsp; -Lo que hay grabado comercialmente de mi m\u00fasica hasta ahora se encuentra \u00fanicamente en Antolog\u00edas, algunas de las que estoy muy orgulloso como por ejemplo el trabajo del bar\u00edtono Gabriel D\u00edaz sobre canci\u00f3n gallega, porque repasa precisamente dos siglos de composiciones y donde ha tenido a bien incluirme. Mucha gente me est\u00e1 preguntando por el tema de las grabaciones y creo que llegar\u00e1n, pero de una manera meditada, cuando sea el momento adecuado y con los medios necesarios.<\/p>\n\n\n\n<p><strong>&nbsp;&nbsp;&nbsp;&nbsp;&nbsp;&nbsp;&nbsp;&nbsp;&nbsp;&nbsp;&nbsp;&nbsp;&nbsp; -Qu\u00e9 nuevos proyectos tienes de cara al futuro, bien a nivel de composiciones o de conciertos, y que nos puedas adelantar algo por si alg\u00fan lector quisiera asistir y verte en directo dentro de la geograf\u00eda espa\u00f1ola.&nbsp;<\/strong><\/p>\n\n\n\n<p>&nbsp;&nbsp;&nbsp;&nbsp;&nbsp;&nbsp;&nbsp;&nbsp;&nbsp;&nbsp;&nbsp;&nbsp;&nbsp; -Sigo enfrascado con las \u00f3peras que me consumen mucho tiempo, pero manteniendo citas habituales como el curso que damos en Granada en verano con Mariola Cantarero o el Opera Studio de Villanueva, que este a\u00f1o ser\u00e1 sobre <em>Tosca<\/em>. El pr\u00f3ximo a\u00f1o volver\u00e9 al ciclo del Teatro de la Zarzuela con un programa sobre Gim\u00e9nez por su centenario. Y en cuanto a mi m\u00fasica lo m\u00e1s pr\u00f3ximo ser\u00e1 un estreno en Londres de unas canciones sobre Shakespeare que escrib\u00ed para una excelente soprano, Nadine Benjamin, y la presentaci\u00f3n de varios de los ciclos ya existentes en su versi\u00f3n orquestal, por ejemplo: el Tr\u00edptico sobre Jos\u00e9 Hierro en Madrid y las Canciones de Emma en Mallorca.<\/p>\n\n\n\n<p><strong>&nbsp;&nbsp;&nbsp;&nbsp;&nbsp;&nbsp;&nbsp;&nbsp;&nbsp;&nbsp;&nbsp;&nbsp;&nbsp; -Sabemos que todos los artistas en mayor o menor medida, tienen alguna man\u00eda o superstici\u00f3n antes de salir a un escenario. En el caso de Borja Mari\u00f1o, existe alguna que pueda ser confesable sin que se sienta avergonzado de ella.<\/strong><\/p>\n\n\n\n<p>&nbsp;&nbsp;&nbsp;&nbsp;&nbsp;&nbsp;&nbsp;&nbsp;&nbsp;&nbsp;&nbsp;&nbsp;&nbsp; -No me considero una persona especialmente supersticiosa ni tengo rituales especiales. Simplemente me gusta no llegar con estr\u00e9s al momento del concierto para sentir que tienes todo controlado. Si se puede prefiero evitar tambi\u00e9n que se produzcan retrasos innecesarios en la hora de comienzo; a veces, esas \u00faltimas esperas si se alargan demasiado terminan por desconcentrar a los artistas.<\/p>\n\n\n\n<figure class=\"wp-block-image size-full\"><img decoding=\"async\" src=\"http:\/\/granadacostanacional.es\/wp-content\/uploads\/2023\/05\/y2Xj-q7w.jpeg\" alt=\"\" class=\"wp-image-35638\"\/><\/figure>\n\n\n\n<p><strong>&nbsp;&nbsp;&nbsp;&nbsp;&nbsp;&nbsp;&nbsp;&nbsp;&nbsp;&nbsp;&nbsp;&nbsp;&nbsp; -A lo largo de la historia han existido innumerables momentos y acontecimientos, que han marcado el devenir de las obras y sus compositores, llenando p\u00e1ginas doradas por ello. A qu\u00e9 momento especial de todos esos, le gustar\u00eda asistir a Borja Mari\u00f1o para vivirlo en primera persona, bien como p\u00fablico o m\u00fasico, y recrearse con ese pedazo de pentagrama musical.<\/strong><\/p>\n\n\n\n<p><strong>&nbsp;&nbsp;&nbsp;&nbsp;&nbsp;&nbsp;&nbsp;&nbsp;&nbsp;&nbsp;&nbsp;&nbsp;&nbsp; <\/strong>-Bueno, por la repercusi\u00f3n que tiene en la historia de la m\u00fasica creo que hubiera sido muy interesante presenciar el estreno de <em>La Consagraci\u00f3n de la primavera<\/em>, por ejemplo. Si te refieres a compositores que me hubiera gustado conocer, \u00a1lo que hubiera dado por tomarme un caf\u00e9 con Poulenc o con Samuel Barber! Sus trayectorias vitales y su coherencia art\u00edstica me parecen inspiradoras. Y en cuanto a int\u00e9rpretes supongo que como todos los oper\u00f3filos nos hubiera encantado poder haber escuchado en directo a la Callas para poder juzgar de verdad su voz y no s\u00f3lo por las grabaciones que nos ha legado.<\/p>\n\n\n\n<p><strong>&nbsp;&nbsp;&nbsp;&nbsp;&nbsp;&nbsp;&nbsp;&nbsp;&nbsp;&nbsp;&nbsp;&nbsp;&nbsp; Sin m\u00e1s, quiero agradecerte el tiempo que nos has dispensado Borja Mari\u00f1o a la hora de responder a estas preguntas, que espero sirvan para darte a conocer entre los lectores del Granada Costa. Como \u00faltimo esfuerzo, espero tengas a bien el responder a unas preguntas tipo test, que nos ayudar\u00e1n a conocerte un poco mejor, en lo que son gustos y preferencias, tanto culturales como personales.<\/strong><\/p>\n\n\n\n<p><strong>&nbsp;&nbsp;&nbsp;&nbsp;&nbsp;&nbsp;&nbsp;&nbsp;&nbsp;&nbsp;&nbsp;&nbsp;&nbsp; \u00a1Muchas gracias, Borja Mari\u00f1o!<\/strong><\/p>\n\n\n\n<p><strong>&nbsp;&nbsp;&nbsp;&nbsp;&nbsp;&nbsp;&nbsp;&nbsp;&nbsp;&nbsp;&nbsp;&nbsp;&nbsp; <u>PREGUNTAS TIPO TEST:<\/u><\/strong><\/p>\n\n\n\n<p><strong>&nbsp;&nbsp;&nbsp;&nbsp;&nbsp;&nbsp;&nbsp;&nbsp;&nbsp;&nbsp;&nbsp;&nbsp;&nbsp; \u00bfUn personaje hist\u00f3rico? <\/strong>Federico Garc\u00eda Lorca<strong>.<\/strong><\/p>\n\n\n\n<p><strong>&nbsp;&nbsp;&nbsp;&nbsp;&nbsp;&nbsp;&nbsp;&nbsp;&nbsp;&nbsp;&nbsp;&nbsp;&nbsp; \u00bfUna \u00e9poca? <\/strong>La actual, sin duda.<\/p>\n\n\n\n<p><strong>&nbsp;&nbsp;&nbsp;&nbsp;&nbsp;&nbsp;&nbsp;&nbsp;&nbsp;&nbsp;&nbsp;&nbsp;&nbsp; \u00bfUn pintor? <\/strong>Ren\u00e9 Magritte.<\/p>\n\n\n\n<p><strong>&nbsp;&nbsp;&nbsp;&nbsp;&nbsp;&nbsp;&nbsp;&nbsp;&nbsp;&nbsp;&nbsp;&nbsp;&nbsp; \u00bfUn escultor? <\/strong>Miguel \u00c1ngel Buonarroti.<\/p>\n\n\n\n<p><strong>&nbsp;&nbsp;&nbsp;&nbsp;&nbsp;&nbsp;&nbsp;&nbsp;&nbsp;&nbsp;&nbsp;&nbsp;&nbsp; \u00bfUn escritor? <\/strong>Alfredo Sanzol.<\/p>\n\n\n\n<p><strong>&nbsp;&nbsp;&nbsp;&nbsp;&nbsp;&nbsp;&nbsp;&nbsp;&nbsp;&nbsp;&nbsp;&nbsp;&nbsp; \u00bfUn poeta? <\/strong>Vicente Aleixandre.<\/p>\n\n\n\n<p><strong>&nbsp;&nbsp;&nbsp;&nbsp;&nbsp;&nbsp;&nbsp;&nbsp;&nbsp;&nbsp;&nbsp;&nbsp;&nbsp; \u00bfUn libro? <\/strong>Cien a\u00f1os de soledad.<\/p>\n\n\n\n<p><strong>&nbsp;&nbsp;&nbsp;&nbsp;&nbsp;&nbsp;&nbsp;&nbsp;&nbsp;&nbsp;&nbsp;&nbsp;&nbsp; \u00bfUna pel\u00edcula? <\/strong><em>Ser o no ser<\/em> de Ernst Lubitsch.<\/p>\n\n\n\n<p><strong>&nbsp;&nbsp;&nbsp;&nbsp;&nbsp;&nbsp;&nbsp;&nbsp;&nbsp;&nbsp;&nbsp;&nbsp;&nbsp; \u00bfUn director de cine o teatro? <\/strong>De cine, Krzysztof Kieslowski, de teatro Miguel del Arco.<\/p>\n\n\n\n<p><strong>&nbsp;&nbsp;&nbsp;&nbsp;&nbsp;&nbsp;&nbsp;&nbsp;&nbsp;&nbsp;&nbsp;&nbsp;&nbsp; \u00bfUn actor? <\/strong>Javier C\u00e1mara.<\/p>\n\n\n\n<p><strong>&nbsp;&nbsp;&nbsp;&nbsp;&nbsp;&nbsp;&nbsp;&nbsp;&nbsp;&nbsp;&nbsp;&nbsp;&nbsp; \u00bfUna actriz? <\/strong>Susi S\u00e1nchez.<\/p>\n\n\n\n<p><strong>&nbsp;&nbsp;&nbsp;&nbsp;&nbsp;&nbsp;&nbsp;&nbsp;&nbsp;&nbsp;&nbsp;&nbsp;&nbsp; \u00bfUn compositor? <\/strong>Giacomo Puccini.<\/p>\n\n\n\n<p><strong>&nbsp;&nbsp;&nbsp;&nbsp;&nbsp;&nbsp;&nbsp;&nbsp;&nbsp;&nbsp;&nbsp;&nbsp;&nbsp; \u00bfUn cantante? <\/strong>Mayte Mart\u00edn.<\/p>\n\n\n\n<p><strong>&nbsp;&nbsp;&nbsp;&nbsp;&nbsp;&nbsp;&nbsp;&nbsp;&nbsp;&nbsp;&nbsp;&nbsp;&nbsp; \u00bfUn m\u00fasico? <\/strong>Ry\u00fcichi Sakamoto.<\/p>\n\n\n\n<p><strong>&nbsp;&nbsp;&nbsp;&nbsp;&nbsp;&nbsp;&nbsp;&nbsp;&nbsp;&nbsp;&nbsp;&nbsp;&nbsp; \u00bfUna flor? <\/strong>El bejeque canario.<\/p>\n\n\n\n<p><strong>&nbsp;&nbsp;&nbsp;&nbsp;&nbsp;&nbsp;&nbsp;&nbsp;&nbsp;&nbsp;&nbsp;&nbsp;&nbsp; \u00bfUn animal? <\/strong>No soy mucho de animales, un pez Nemo.<\/p>\n\n\n\n<p><strong>&nbsp;&nbsp;&nbsp;&nbsp;&nbsp;&nbsp;&nbsp;&nbsp;&nbsp;&nbsp;&nbsp;&nbsp;&nbsp; \u00bfUna estaci\u00f3n del a\u00f1o? <\/strong>El oto\u00f1o.<\/p>\n\n\n\n<p><strong>&nbsp;&nbsp;&nbsp;&nbsp;&nbsp;&nbsp;&nbsp;&nbsp;&nbsp;&nbsp;&nbsp;&nbsp;&nbsp; \u00bfUn lugar donde residir? <\/strong>New York.<\/p>\n\n\n\n<p><strong>&nbsp;&nbsp;&nbsp;&nbsp;&nbsp;&nbsp;&nbsp;&nbsp;&nbsp;&nbsp;&nbsp;&nbsp;&nbsp; \u00bfUn lugar que te gustar\u00eda visitar antes de morir? <\/strong>He viajado bastante, me encantar\u00eda volver a Jap\u00f3n sin l\u00edmite de tiempo y conocer todo el pa\u00eds.<\/p>\n\n\n\n<p><strong>&nbsp;&nbsp;&nbsp;&nbsp;&nbsp;&nbsp;&nbsp;&nbsp;&nbsp;&nbsp;&nbsp;&nbsp;&nbsp; \u00bfUn color? <\/strong>El violeta.<\/p>\n\n\n\n<p><\/p>\n\n\n\n<p class=\"has-text-align-right\">Ricardo Campos Urbaneja<\/p>\n\n\n<div class=\"wp-block-image\">\n<figure class=\"alignright size-full\"><img decoding=\"async\" src=\"http:\/\/granadacostanacional.es\/wp-content\/uploads\/2023\/01\/RicardoC-240.png\" alt=\"\" class=\"wp-image-34363\"\/><figcaption class=\"wp-element-caption\">Ricardo Campos<\/figcaption><\/figure><\/div>","protected":false},"excerpt":{"rendered":"<p>Queridos lectores del Granada Costa, para esta ocasi\u00f3n les traigo al excelente pianista y compositor Borja Mari\u00f1o nacido en Vigo&hellip;<\/p>\n","protected":false},"author":2,"featured_media":35635,"comment_status":"open","ping_status":"open","sticky":false,"template":"","format":"standard","meta":{"om_disable_all_campaigns":false,"_mi_skip_tracking":false,"_monsterinsights_sitenote_active":false,"_monsterinsights_sitenote_note":"","_monsterinsights_sitenote_category":0,"footnotes":""},"categories":[21,27,30],"tags":[],"aioseo_notices":[],"_links":{"self":[{"href":"https:\/\/granadacostaglobal.es\/index.php?rest_route=\/wp\/v2\/posts\/35634"}],"collection":[{"href":"https:\/\/granadacostaglobal.es\/index.php?rest_route=\/wp\/v2\/posts"}],"about":[{"href":"https:\/\/granadacostaglobal.es\/index.php?rest_route=\/wp\/v2\/types\/post"}],"author":[{"embeddable":true,"href":"https:\/\/granadacostaglobal.es\/index.php?rest_route=\/wp\/v2\/users\/2"}],"replies":[{"embeddable":true,"href":"https:\/\/granadacostaglobal.es\/index.php?rest_route=%2Fwp%2Fv2%2Fcomments&post=35634"}],"version-history":[{"count":0,"href":"https:\/\/granadacostaglobal.es\/index.php?rest_route=\/wp\/v2\/posts\/35634\/revisions"}],"wp:featuredmedia":[{"embeddable":true,"href":"https:\/\/granadacostaglobal.es\/index.php?rest_route=\/"}],"wp:attachment":[{"href":"https:\/\/granadacostaglobal.es\/index.php?rest_route=%2Fwp%2Fv2%2Fmedia&parent=35634"}],"wp:term":[{"taxonomy":"category","embeddable":true,"href":"https:\/\/granadacostaglobal.es\/index.php?rest_route=%2Fwp%2Fv2%2Fcategories&post=35634"},{"taxonomy":"post_tag","embeddable":true,"href":"https:\/\/granadacostaglobal.es\/index.php?rest_route=%2Fwp%2Fv2%2Ftags&post=35634"}],"curies":[{"name":"wp","href":"https:\/\/api.w.org\/{rel}","templated":true}]}}