{"id":35473,"date":"2023-04-29T10:00:12","date_gmt":"2023-04-29T09:00:12","guid":{"rendered":"http:\/\/granadacostanacional.es\/?p=35473"},"modified":"2023-04-29T10:00:12","modified_gmt":"2023-04-29T09:00:12","slug":"microrrelatos-al-vuelo-iii","status":"publish","type":"post","link":"https:\/\/granadacostaglobal.es\/?p=35473","title":{"rendered":"<strong>MICRORRELATOS AL VUELO III<\/strong>"},"content":{"rendered":"\n<p>Regreso hoy con un nuevo recopilatorio de microrrelatos de mi autor\u00eda. El primero, <strong>Por si acaso<\/strong>, explora las complicadas relaciones de amor\u2011odio entre hermanos. El segundo, <strong>Anfitrite<\/strong>, sin apartarse de los conflictos fraternales, est\u00e1 dedicado al mundo hel\u00e9nico y sus deidades. Por \u00faltimo, <strong>Resaca<\/strong>, aporta un breve toque criminal a esta breve antolog\u00eda. Como siempre, deseo que lo disfruten.<\/p>\n\n\n\n<p class=\"has-text-align-center\"><strong>Por si acaso<\/strong><\/p>\n\n\n\n<p>Estamos en paz, sol\u00edamos decir mi hermano y yo cuando \u00e9ramos cr\u00edos. Con tal m\u00e1gica f\u00f3rmula se solucionaban nuestras disputas y volv\u00edamos a ser felices y tan amigos. \u00a1Qu\u00e9 tiempos aquellos!<\/p>\n\n\n\n<p>Ya de adultos la cosa se complica y yo no soy de esos que se conforman con un simple empate. Por si acaso, prefiero llevar la delantera\u2026 As\u00ed que, a media ma\u00f1ana, me levanto triunfal de la cama y me justifico \u2015con ese c\u00ednico \u201cpor si acaso\u201d en mente\u2015, mientras me subo los pantalones y le gui\u00f1o un ojo, c\u00f3mplice y p\u00edcaro, a la fresca de mi cu\u00f1ada.<\/p>\n\n\n\n<p class=\"has-text-align-center\"><strong>Anfitrite<\/strong><\/p>\n\n\n\n<p>Si supierais c\u00f3mo alcanc\u00e9 la felicidad, entender\u00edais y aceptar\u00edais, comprensivos, mis diarias oraciones. Mejor os lo cuento:<\/p>\n\n\n\n<p>Todo comenz\u00f3 hace muchos a\u00f1os, en mi adolescencia. Fue durante una oscura noche de luna nueva en la isla que me vio nacer: Corf\u00fa. Me aburr\u00eda y la linterna de aceite me serv\u00eda de poco. Con su suave luz apenas pod\u00eda leer ni el Timeo de Plat\u00f3n, lo que me oblig\u00f3 a buscar entretenimientos alternativos. Y a mi edad, solo y casi a oscuras, ya os lo pod\u00e9is imaginar\u2026<\/p>\n\n\n\n<p>\u00a1Que mi hermana Helena me pillara en pleno acto de onanismo no me result\u00f3 nada satisfactorio! Muy al contrario, fue la ant\u00edtesis del placer: una cruel forma de traumatizarme para el resto de mi vida. Algo as\u00ed&nbsp; como si un conjuro maligno hubiera ca\u00eddo sobre m\u00ed.<\/p>\n\n\n\n<p>Desde entonces, cada vez que empezaba a tener una erecci\u00f3n, ya fuese en buena compa\u00f1\u00eda o en solitario, se aparec\u00eda ante m\u00ed la sempiterna imagen de mi hermana, como una inc\u00f3moda visi\u00f3n, cort\u00e1ndome la libido. Supongo que se trataba de mi mente, que hab\u00eda convertido en obsesi\u00f3n aquella desagradable experiencia, haciendo de mi incipiente vida sexual un aut\u00e9ntico desastre.<\/p>\n\n\n\n<p>A\u00f1os despu\u00e9s, todav\u00eda virgen, le confes\u00e9 todo esto a una extra\u00f1a muchacha que conoc\u00ed en la playa de Ermones, all\u00e1 donde arribase Ulises tras su naufragio. Y, a partir de ese d\u00eda, como si yo tambi\u00e9n hubiera encontrado refugio en mi regreso al hogar \u2015en este caso, a la ansiada normalidad\u2015 las cosas empezaron a mejorar.<\/p>\n\n\n\n<figure class=\"wp-block-image size-full\"><img decoding=\"async\" src=\"http:\/\/granadacostanacional.es\/wp-content\/uploads\/2023\/04\/Anfitrite_by_Marie-Lan_Nguyen.jpg\" alt=\"\" class=\"wp-image-35474\"\/><\/figure>\n\n\n\n<p><\/p>\n\n\n\n<p>Quiz\u00e1s fuera, pens\u00e9, porque en aquellas fechas mi hermana se encontraba muy lejos. Se acababa de casar con un poderoso extranjero y, por primera vez, gracias a la distancia con ella y a la paciencia que tuvo, durante d\u00edas, esa especie de ninfa que me visitaba asiduamente y me escuchaba con atenci\u00f3n, pudimos \u2015la ninfa y yo\u2015 hacer el amor. Perd\u00ed, al fin, la virginidad y tan milagroso suceso se materializ\u00f3 con la mayor parte de nuestros cuerpos sumergidos bajo el agua del mar. \u00a1Fue incre\u00edble!<\/p>\n\n\n\n<p>Al poco llegaron las sorpresas, como cuando supe que, el d\u00eda en que fui desvirgado por Anfitrite, mi reci\u00e9n casada hermana se ahogaba en otras costas, a cientos de millas de distancia. Quiz\u00e1s ocurriera, tem\u00ed, en el mismo y exacto momento del coito.<\/p>\n\n\n\n<p>Ha pasado el tiempo desde entonces y ahora vivo feliz, junto a la playa donde conoc\u00ed a mi amada. Nunca me alejo del mar que mora y, a diario, hacemos el amor bajo el agua.<\/p>\n\n\n\n<p>Por supuesto, mis frecuentes plegarias, esas que tanto os incordian y que ahora entender\u00e9is, no son s\u00f3lo por el descanso eterno de mi hermana, que tambi\u00e9n, sino por mi felicidad, pues las ofrezco en agradecimiento a mi ahora \u00fanico dios: Poseid\u00f3n, el leg\u00edtimo esposo de mi querida Anfitrite, que, enfurecido por nuestros encuentros \u2015hasta entonces tan inocentes como impotentes\u2015, ahog\u00f3 a Helena en venganza, sin sospechar ni prever que aquella inesperada muerte supondr\u00eda mi milagrosa curaci\u00f3n.<\/p>\n\n\n\n<p class=\"has-text-align-center\"><strong>Resaca<\/strong><\/p>\n\n\n\n<p>Aquel domingo, cuando Pedro Verd\u00fa se despert\u00f3, el sol matutino entraba por las rendijas de la persiana, iluminando el dormitorio y su rostro. Vio que hab\u00eda dormido desnudo, lo que no era habitual en \u00e9l. Mir\u00f3 alrededor y, entonces, se dio cuenta de que no estaba solo: ella yac\u00eda ensangrentada y desnuda en su cama. Pero, \u00bfc\u00f3mo se llamaba y c\u00f3mo la hab\u00eda conocido? \u00bfY c\u00f3mo cojones muri\u00f3? Desesperado, se prometi\u00f3 que, ma\u00f1ana mismo, dejar\u00eda el alcohol.<\/p>\n\n\n\n<p class=\"has-text-align-right\">Sergio Reyes<\/p>\n","protected":false},"excerpt":{"rendered":"<p>Regreso hoy con un nuevo recopilatorio de microrrelatos de mi autor\u00eda. El primero, Por si acaso, explora las complicadas relaciones&hellip;<\/p>\n","protected":false},"author":2,"featured_media":34788,"comment_status":"open","ping_status":"open","sticky":false,"template":"","format":"standard","meta":{"om_disable_all_campaigns":false,"_mi_skip_tracking":false,"_monsterinsights_sitenote_active":false,"_monsterinsights_sitenote_note":"","_monsterinsights_sitenote_category":0,"footnotes":""},"categories":[21],"tags":[],"aioseo_notices":[],"_links":{"self":[{"href":"https:\/\/granadacostaglobal.es\/index.php?rest_route=\/wp\/v2\/posts\/35473"}],"collection":[{"href":"https:\/\/granadacostaglobal.es\/index.php?rest_route=\/wp\/v2\/posts"}],"about":[{"href":"https:\/\/granadacostaglobal.es\/index.php?rest_route=\/wp\/v2\/types\/post"}],"author":[{"embeddable":true,"href":"https:\/\/granadacostaglobal.es\/index.php?rest_route=\/wp\/v2\/users\/2"}],"replies":[{"embeddable":true,"href":"https:\/\/granadacostaglobal.es\/index.php?rest_route=%2Fwp%2Fv2%2Fcomments&post=35473"}],"version-history":[{"count":0,"href":"https:\/\/granadacostaglobal.es\/index.php?rest_route=\/wp\/v2\/posts\/35473\/revisions"}],"wp:featuredmedia":[{"embeddable":true,"href":"https:\/\/granadacostaglobal.es\/index.php?rest_route=\/"}],"wp:attachment":[{"href":"https:\/\/granadacostaglobal.es\/index.php?rest_route=%2Fwp%2Fv2%2Fmedia&parent=35473"}],"wp:term":[{"taxonomy":"category","embeddable":true,"href":"https:\/\/granadacostaglobal.es\/index.php?rest_route=%2Fwp%2Fv2%2Fcategories&post=35473"},{"taxonomy":"post_tag","embeddable":true,"href":"https:\/\/granadacostaglobal.es\/index.php?rest_route=%2Fwp%2Fv2%2Ftags&post=35473"}],"curies":[{"name":"wp","href":"https:\/\/api.w.org\/{rel}","templated":true}]}}