{"id":35455,"date":"2023-04-27T10:54:48","date_gmt":"2023-04-27T09:54:48","guid":{"rendered":"http:\/\/granadacostanacional.es\/?p=35455"},"modified":"2023-04-27T10:54:48","modified_gmt":"2023-04-27T09:54:48","slug":"especial-libros-y-rosas-sant-jordi","status":"publish","type":"post","link":"https:\/\/granadacostaglobal.es\/?p=35455","title":{"rendered":"Especial libros y rosas. Sant Jordi."},"content":{"rendered":"\n<p class=\"has-text-align-justify\">&nbsp;El&nbsp;&nbsp;23 de abril se celebra la D\u00edada de Sant Jordi en Catalu\u00f1a. Hablaremos del porqu\u00e9 de esta conmemoraci\u00f3n:&nbsp;<br \/><strong>\u00bfQui\u00e9n era Sant Jordi? Y \u00bfpor qu\u00e9 el 23 de abril?&nbsp;<\/strong><br \/>Seg\u00fan las tradiciones m\u00e1s antiguas y como cuenta la&nbsp;leyenda originada en torno al siglo IV.&nbsp;Jorge, fue un romano que tras morir su padre (Geroncio, oficial del ej\u00e9rcito romano)&nbsp;se traslad\u00f3 con su madre (Policronia) hasta la ciudad natal de esta, Lydda&nbsp; (actual Lod, Israel). All\u00ed, Policronia pudo educar a su hijo en la fe cristiana.&nbsp;<br \/>En su mayor\u00eda de edad, Jorge se alist\u00f3 en el ej\u00e9rcito y antes de cumplir los 30 a\u00f1os fue tribuno, siendo destinado a Nicomedia como guardia personal del emperador Diocleciano (284-305).<\/p>\n\n\n\n<p class=\"has-text-align-justify\">Jordi fue decapitado por aceptar&nbsp;el cristianismo en Lydda (Palestina) el 23 de abril del a\u00f1o 303.&nbsp;Se conoce que el martirio fue ordenado por el propio emperador, despu\u00e9s de que Jorge le recriminara la sangrienta persecuci\u00f3n a los cristianos que&nbsp;hab\u00eda&nbsp;sido iniciada por Diocleciano ese mismo a\u00f1o.<br \/>La leyenda asociada, que narra la lucha de Sant Jordi con un drag\u00f3n para liberar a una princesa, no se forj\u00f3 hasta finales del siglo X y ha sido interpretada por algunos autores como una alegor\u00eda de la victoria cristiana sobre el paganismo.&nbsp;<br \/>Sant Jordi lleg\u00f3 a ser el patr\u00f3n de varias \u00f3rdenes de caballer\u00eda durante la Edad Media y en la actualidad contin\u00faa siendo el santo patr\u00f3n de Inglaterra, pese a no existir ninguna conexi\u00f3n entre este pa\u00eds y el personaje. Adem\u00e1s es patr\u00f3n de otros pa\u00edses, regiones y ciudades, como Rusia, Portugal, Catalu\u00f1a y Arag\u00f3n en Espa\u00f1a y la ciudad de G\u00e9nova en Italia.&nbsp;<br \/>Pero a nivel mundial&nbsp; el 23 de abril, es el d\u00eda en que se celebra el D\u00eda Mundial del Libro y del Derecho de Autor, fijado en 1995 por la UNESCO. Coincide as\u00ed con el fallecimiento de Miguel de Cervantes, William Shakespeare y el Inca Garcilaso de la Vega.  <\/p>\n\n\n\n<p> Un Sant Jordi repleto de actos y actividades&#8230;<\/p>\n\n\n\n<p class=\"has-text-align-justify\"><strong>Leyenda de Sant Jordi<\/strong><br \/><\/p>\n\n\n\n<figure class=\"wp-block-image size-full\"><img decoding=\"async\" src=\"http:\/\/granadacostanacional.es\/wp-content\/uploads\/2023\/04\/image.png\" alt=\"\" class=\"wp-image-35460\"\/><\/figure>\n\n\n\n<p class=\"has-text-align-justify\">Cuenta la leyenda que exist\u00eda una ciudad que viv\u00eda aterrorizada por un gran drag\u00f3n que asustaba a todos y causaba da\u00f1os entre la poblaci\u00f3n y los animales.<br \/>Para tranquilizarlo, los habitantes del pueblo acordaron dar al drag\u00f3n una persona en sacrificio y para ello, todos los d\u00edas, se realizaba un sorteo en el que sal\u00eda elegida la persona que deb\u00eda ser entregada al drag\u00f3n.<br \/>Uno de esos d\u00edas la mala suerte le toc\u00f3 a la hija del rey. Era una mujer joven y bella, muy admirada por los habitantes del pueblo, en especial por su padre, quien se resist\u00eda a entregarla en sacrificio. Al ver el sufrimiento del rey, muchos ciudadanos se ofrecieron para reemplazar a la princesa, pero el rey se negaba a que otros tuvieran que pagar por la suerte de su hija. Adem\u00e1s, \u00e9l era consciente de que su hija formaba parte del pueblo y, por tanto, deb\u00eda seguir las normas que hasta el momento se hab\u00edan pactado.<\/p>\n\n\n\n<p class=\"has-text-align-justify\"><br \/>La princesa abandon\u00f3 la ciudad. Caminando sin prisa en direcci\u00f3n hacia el gran drag\u00f3n, se deten\u00eda algunos instantes para mirar hacia su pueblo con gran tristeza y resignaci\u00f3n. De pronto, cuando menos lo esperaba, apareci\u00f3 un joven caballero con armadura montado sobre<a href=\"https:\/\/www.blogger.com\/blog\/post\/edit\/8296838327692226924\/6142391903370499796?hl=es#\"><\/a>&nbsp;un caballo blanco. Al verlo, la princesa le inform\u00f3 de los peligros que pod\u00eda sufrir estando en ese lugar, pero el caballero se neg\u00f3 a abandonarla y le dijo que \u00e9l estaba all\u00ed para salvarla a ella y a todos los habitantes del pueblo.<br \/>Este caballero llamado Jordi, se enfrent\u00f3 al drag\u00f3n tan pronto como este apareci\u00f3. Libraron una gran batalla hasta que el caballero le incrust\u00f3 una gran lanza al drag\u00f3n en el pecho.&nbsp;<br \/>De la sangre que derram\u00f3 el drag\u00f3n naci\u00f3 una hermosa rosa que Jordi entreg\u00f3 a la princesa despu\u00e9s de haber ganado la batalla.<br \/>As\u00ed nace la tradici\u00f3n de que el d\u00eda 23 de abril, d\u00eda de Sant Jordi, todos los enamorados regalen una rosa a sus amadas.<\/p>\n\n\n\n<p><strong>Nuevamente, Sant Jordi cabalga con la normalidad deseada&#8230; <\/strong>las puertas de las habitaciones se han llenado de color &#8230; donde libros &#8230; y rosas llenaron las entradas&#8230;&nbsp;<\/p>\n\n\n\n<figure class=\"wp-block-image size-full\"><img decoding=\"async\" src=\"http:\/\/granadacostanacional.es\/wp-content\/uploads\/2023\/04\/puerta1.jpg\" alt=\"\" class=\"wp-image-35462\"\/><\/figure>\n\n\n\n<figure class=\"wp-block-image size-full\"><img decoding=\"async\" src=\"http:\/\/granadacostanacional.es\/wp-content\/uploads\/2023\/04\/Jordi-6.jpg\" alt=\"\" class=\"wp-image-35461\"\/><\/figure>\n\n\n\n<p> <\/p>\n\n\n\n<p><strong>Actividades. Ning\u00fan  ni\u00f1o\/a sin un libro.<\/strong><\/p>\n\n\n\n<figure class=\"wp-block-image size-full\"><img decoding=\"async\" src=\"http:\/\/granadacostanacional.es\/wp-content\/uploads\/2023\/04\/4f55658b-2695-4da5-b663-61d289ac3a04.jpg\" alt=\"\" class=\"wp-image-35457\"\/><\/figure>\n\n\n\n<p> <strong>Relatos  en favor de la literatura&#8230;<\/strong><\/p>\n\n\n\n<figure class=\"wp-block-image size-full\"><img decoding=\"async\" src=\"http:\/\/granadacostanacional.es\/wp-content\/uploads\/2023\/04\/b683a98c-93f0-4ac8-95c5-d2451468eff3.jpg\" alt=\"\" class=\"wp-image-35458\"\/><\/figure>\n\n\n\n<p>  Talleres de rosas que inundaron la planta con el cari\u00f1o de las manos de quienes las confeccionaba, rosas que llegaron al \u00e1rea de pediatr\u00eda y neonata&#8230;  con la ayuda de Cris voluntaria del proyecto. <\/p>\n\n\n\n<figure class=\"wp-block-image size-full\"><img decoding=\"async\" src=\"http:\/\/granadacostanacional.es\/wp-content\/uploads\/2023\/04\/rosa4.jpg\" alt=\"\" class=\"wp-image-35459\"\/><\/figure>\n\n\n\n<p> <strong>No pod\u00eda Faltar la Magia en esta ocasi\u00f3n,<\/strong> como era tradicional en estas fechas la Asociaci\u00f3n de Magos e Ilusionistas de Lleida (AMIL), hemos disfrutado colaborando, en la Planta de Pediatr\u00eda del HUAV, con el Aula Hospitalaria regalando magia&nbsp; y rosas . En la Foto Joan y Cris junto a To\u00f1y Castillo <\/p>\n\n\n\n<figure class=\"wp-block-image size-full\"><img decoding=\"async\" src=\"http:\/\/granadacostanacional.es\/wp-content\/uploads\/2023\/04\/los-tres.jpg\" alt=\"\" class=\"wp-image-35463\"\/><\/figure>\n\n\n\n<p>Las caritas de felicidad y de asombro de los peques y de sus familias ha hecho que este d\u00eda sea muy especial.<\/p>\n\n\n\n<figure class=\"wp-block-image\"><a href=\"https:\/\/www.blogger.com\/blog\/post\/edit\/8296838327692226924\/8592510088195194126?hl=es#\"><img decoding=\"async\" src=\"https:\/\/blogger.googleusercontent.com\/img\/b\/R29vZ2xl\/AVvXsEjLekqcn0FKh3O9TrOr2zWXfeVprmRyFkJNN2z0Yk1PL6jhMaOq1OF_Fu5LL7K3q9xgvwXfS-2Ci8X6uM4VOIIgoDNscYhPoIBo33VqHHr8TU6u41nIyuoX6duGecJwlWG-S6JCAhBzxoq2CG84o4WLo1YCG8PUFT7572gwAwk0TWCzGvF4SoDqHfkN\/w480-h640\/jordi9.jpg\" alt=\"\"\/><\/a><\/figure>\n\n\n\n<p><strong>Sant Jordi Literario Hoy en el Aula hospitalaria con  visita la escritora<\/strong><\/p>\n\n\n\n<figure class=\"wp-block-image\"><a href=\"https:\/\/www.blogger.com\/blog\/post\/edit\/8296838327692226924\/2834724511902437239?hl=es#\"><img decoding=\"async\" src=\"https:\/\/blogger.googleusercontent.com\/img\/b\/R29vZ2xl\/AVvXsEjBT0Mz4tcXyD-uWbo-nsbUm22qXTMCzC6km6TrnUPyNOxIw04tS_c3LTJ8eB00xUorO9n2E_d2laTNH1WpneTQcWjfEPa1s_dr_LVKNkdP9Fb0L2z051QVDigSN3S2DZMgSABYc1c7CP2NJdlbMwfzXw2R15Gr2Hap7ozD1SbHkwX27RZZvHw3HIdg\/s1600\/monserrat.jpg\" alt=\"\"\/><\/a><\/figure>\n\n\n\n<p class=\"has-text-align-justify\">Montserrat Aloy y Roca naci\u00f3 a T\u00e0rrega Se licenci\u00f3 en Filolog\u00eda Inglesa en la Universitad de Lleida. Vive en el Urgell, comarca donde encuentra la materia prima para crear sus poemas. Reconoce influencias otras comarcas, especialmente la Noguera, la Selva y la Conca de Barber\u00e0. Asi pues, hoy jueves m\u00e1gico Monserrat se ha incorporado en esta ocasi\u00f3n al equipo para hacer posible la magia de libros y cuentos. Foto \u00d3scar de la Torre, Monserrat Aloy y To\u00f1y Castillo<\/p>\n\n\n\n<figure class=\"wp-block-image size-full\"><img decoding=\"async\" src=\"http:\/\/granadacostanacional.es\/wp-content\/uploads\/2023\/04\/monserrat-autora.jpg\" alt=\"\" class=\"wp-image-35470\"\/><\/figure>\n\n\n\n<p>   \u00a1Y como no!  nuestra profe present\u00f3 un nuevo cuento en Barcelona. El ni\u00f1o que observaba las estrellas. En el Colegio Oficial de Pedagog\u00eda de Catalu\u00f1a   Se realiz\u00f3 el jueves 20 de abril en un ambiente donde la tertulia, libros, y buen clima  hac\u00eda de esas rosas un rosal de cultura. <\/p>\n\n\n\n<p> En la foto la presidenta  Victoria G\u00f3mez, Rosa  Gasc\u00f3n  Secretaria y To\u00f1y Castillo  Coordinadora del Grupo de investigaci\u00f3n de Pedagog\u00eda y Salud del Colegio Oficial de Pedagog\u00eda, en esta ocasi\u00f3n en calidad de escritora. <\/p>\n\n\n\n<figure class=\"wp-block-image size-full\"><img decoding=\"async\" src=\"http:\/\/granadacostanacional.es\/wp-content\/uploads\/2023\/04\/79d44e68-fba1-4cbd-90ad-765a9b0d285d-1.jpg\" alt=\"\" class=\"wp-image-35467\"\/><\/figure>\n\n\n\n<p class=\"has-text-align-justify\">Este nuevo trabajo de la Dra. To\u00f1y Castillo ha sido publicado en Costa Rica y pretende contribuir en la prevenci\u00f3n para evitar las quemaduras que se producen, por accidente o negligencia, en la infancia, as\u00ed como acompa\u00f1ar emocionalmente a los ni\u00f1os y ni\u00f1as que han estado v\u00edctimas de quemaduras. Est\u00e1 dedicado a la (Asociaci\u00f3n Sobreviviendo a Quemaduras Hospital Nacional de Ni\u00f1os ASOQUEM HNN) y Unidad del Ni\u00f1o con Quemaduras HNN; y se agradece la donaci\u00f3n para su impresi\u00f3n por parte de un trabajo solidario con ANDE \u2013 Asociaci\u00f3n Nacional de Educadores y Educadoras de Costa Rica.<\/p>\n\n\n\n<p class=\"has-text-align-justify\">En las dependencias del Colegio Oficial de Pedagog\u00eda de Catalu\u00f1a, con Sede en Barcelona, una &#8220;cata&#8221; muy especial, donde se expusieron libros de colegiados que han publicado libros recientemente, entre ellos participaron:&nbsp;<\/p>\n\n\n\n<p> Entre otros escritores participaron: <\/p>\n\n\n\n<figure class=\"wp-block-image size-full\"><img decoding=\"async\" src=\"http:\/\/granadacostanacional.es\/wp-content\/uploads\/2023\/04\/copec-1.jpg\" alt=\"\" class=\"wp-image-35465\"\/><\/figure>\n\n\n\n<ul>\n<li>JAUME SARRAMONA &#8211;&nbsp;<strong>La Investigaci\u00f3n en Ciencias Sociales<\/strong>&nbsp;&#8211;&nbsp;&nbsp;<a href=\"https:\/\/www.blogger.com\/blog\/post\/edit\/8296838327692226924\/6085345956518279898?hl=es#\">https:\/\/www.pedagogs.cat\/reg\/ca\/5555<\/a>&nbsp;<\/li>\n\n\n\n<li>CELICIA CLEMENTE &#8211;&nbsp;<strong>La Meva Habitaci\u00f3 \u00c9s Un Desgavell<\/strong>) &#8211; &nbsp;<a href=\"https:\/\/www.blogger.com\/blog\/post\/edit\/8296838327692226924\/6085345956518279898?hl=es#\">https:\/\/www.pedagogs.cat\/reg\/ca\/5627<\/a>&nbsp;<\/li>\n\n\n\n<li>CARMEN HERNANDEZ-ESCOLANO &#8211;&nbsp;<strong>Tecnolog\u00eda Educativa Para los Retos de la Era<\/strong>&nbsp;&#8211;&nbsp;<a href=\"https:\/\/www.blogger.com\/blog\/post\/edit\/8296838327692226924\/6085345956518279898?hl=es#\">https:\/\/www.pedagogs.cat\/reg\/ca\/5615<\/a>&nbsp;<\/li>\n\n\n\n<li>CRISTINA PORTAL &#8211;&nbsp;<strong>El Banc de Pedra i els Ocells<\/strong>) &#8211;&nbsp;&nbsp;<a href=\"https:\/\/www.blogger.com\/blog\/post\/edit\/8296838327692226924\/6085345956518279898?hl=es#\">https:\/\/www.pedagogs.cat\/reg\/ca\/5656<\/a>&nbsp;<\/li>\n\n\n\n<li>VIOLETA N\u00da\u00d1EZ &#8211;&nbsp;<strong>Nunca el Mismo Mar&nbsp;<\/strong>&#8211;&nbsp;<a href=\"https:\/\/www.blogger.com\/blog\/post\/edit\/8296838327692226924\/6085345956518279898?hl=es#\">https:\/\/www.pedagogs.cat\/reg\/ca\/5664<\/a>&nbsp;<\/li>\n\n\n\n<li>TO\u00d1Y CASTILLO &#8211;&nbsp;<strong>El Ni\u00f1o Que Observaba las Estrellas&nbsp;<\/strong>&#8211;&nbsp;<a href=\"https:\/\/www.blogger.com\/blog\/post\/edit\/8296838327692226924\/6085345956518279898?hl=es#\">https:\/\/www.pedagogs.cat\/reg\/ca\/5588&nbsp;<\/a>&nbsp;<\/li>\n\n\n\n<li><strong>Moderado y conducido magistralmente&nbsp; por&nbsp;&nbsp;<\/strong>M. VICT\u00d2RIA G\u00d3MEZ, presidenta del COPEC<\/li>\n\n\n\n<li><strong>Merienda y Tertulia pedag\u00f3gica<\/strong>&nbsp;con los autores y autoras y firma de libros.&nbsp;<\/li>\n<\/ul>\n\n\n\n<h1 class=\"wp-block-heading\"><\/h1>\n\n\n\n<figure class=\"wp-block-image size-full\"><img decoding=\"async\" src=\"http:\/\/granadacostanacional.es\/wp-content\/uploads\/2023\/04\/tony-libros.jpg\" alt=\"\" class=\"wp-image-35464\"\/><\/figure>\n\n\n\n<p> Y para concluir   M\u00e1s magia&#8230; <\/p>\n","protected":false},"excerpt":{"rendered":"<p>&nbsp;El&nbsp;&nbsp;23 de abril se celebra la D\u00edada de Sant Jordi en Catalu\u00f1a. Hablaremos del porqu\u00e9 de esta conmemoraci\u00f3n:&nbsp;\u00bfQui\u00e9n era Sant&hellip;<\/p>\n","protected":false},"author":4,"featured_media":35465,"comment_status":"open","ping_status":"open","sticky":false,"template":"","format":"standard","meta":{"om_disable_all_campaigns":false,"_mi_skip_tracking":false,"_monsterinsights_sitenote_active":false,"_monsterinsights_sitenote_note":"","_monsterinsights_sitenote_category":0,"footnotes":""},"categories":[25,21,35,22,19,30],"tags":[],"aioseo_notices":[],"_links":{"self":[{"href":"https:\/\/granadacostaglobal.es\/index.php?rest_route=\/wp\/v2\/posts\/35455"}],"collection":[{"href":"https:\/\/granadacostaglobal.es\/index.php?rest_route=\/wp\/v2\/posts"}],"about":[{"href":"https:\/\/granadacostaglobal.es\/index.php?rest_route=\/wp\/v2\/types\/post"}],"author":[{"embeddable":true,"href":"https:\/\/granadacostaglobal.es\/index.php?rest_route=\/wp\/v2\/users\/4"}],"replies":[{"embeddable":true,"href":"https:\/\/granadacostaglobal.es\/index.php?rest_route=%2Fwp%2Fv2%2Fcomments&post=35455"}],"version-history":[{"count":0,"href":"https:\/\/granadacostaglobal.es\/index.php?rest_route=\/wp\/v2\/posts\/35455\/revisions"}],"wp:featuredmedia":[{"embeddable":true,"href":"https:\/\/granadacostaglobal.es\/index.php?rest_route=\/"}],"wp:attachment":[{"href":"https:\/\/granadacostaglobal.es\/index.php?rest_route=%2Fwp%2Fv2%2Fmedia&parent=35455"}],"wp:term":[{"taxonomy":"category","embeddable":true,"href":"https:\/\/granadacostaglobal.es\/index.php?rest_route=%2Fwp%2Fv2%2Fcategories&post=35455"},{"taxonomy":"post_tag","embeddable":true,"href":"https:\/\/granadacostaglobal.es\/index.php?rest_route=%2Fwp%2Fv2%2Ftags&post=35455"}],"curies":[{"name":"wp","href":"https:\/\/api.w.org\/{rel}","templated":true}]}}