{"id":35401,"date":"2023-04-18T17:14:46","date_gmt":"2023-04-18T16:14:46","guid":{"rendered":"http:\/\/granadacostanacional.es\/?p=35401"},"modified":"2023-04-18T17:14:46","modified_gmt":"2023-04-18T16:14:46","slug":"mocion-de-censura-ni-brillo-ni-sustancia-ni-brevedad","status":"publish","type":"post","link":"https:\/\/granadacostaglobal.es\/?p=35401","title":{"rendered":"MOCI\u00d3N DE CENSURA: NI BRILLO, NI SUSTANCIA, NI BREVEDAD"},"content":{"rendered":"\n<p class=\"has-text-align-right\"><strong>Nada va bien en un sistema pol\u00edtico<\/strong><\/p>\n\n\n\n<p class=\"has-text-align-right\"><strong>en el que las palabras contradicen los hechos<\/strong><\/p>\n\n\n\n<p class=\"has-text-align-right\"><strong>&nbsp;&nbsp;&nbsp;&nbsp;&nbsp;&nbsp; &nbsp;&nbsp;&nbsp;&nbsp;&nbsp;&nbsp;&nbsp;&nbsp;&nbsp;&nbsp;&nbsp;&nbsp;&nbsp;&nbsp;&nbsp;&nbsp;&nbsp;&nbsp;&nbsp;&nbsp;&nbsp;&nbsp;&nbsp;&nbsp;&nbsp;&nbsp;&nbsp;&nbsp;&nbsp;&nbsp;&nbsp;&nbsp;&nbsp;&nbsp;&nbsp;&nbsp;&nbsp;&nbsp;&nbsp;&nbsp;&nbsp;&nbsp;&nbsp;&nbsp;&nbsp;&nbsp;&nbsp;&nbsp;&nbsp;&nbsp;&nbsp;&nbsp;&nbsp;&nbsp;&nbsp;&nbsp;&nbsp;&nbsp;&nbsp;&nbsp;&nbsp;&nbsp;&nbsp;&nbsp;&nbsp;&nbsp;&nbsp;&nbsp;&nbsp;&nbsp;&nbsp;&nbsp;&nbsp;&nbsp;&nbsp; &nbsp;&nbsp;(Napole\u00f3n Bonaparte<\/strong>)<\/p>\n\n\n\n<p>&nbsp;&nbsp;&nbsp;&nbsp; Pasada una semana de la moci\u00f3n de censura al Gobierno y ya con los \u00e1nimos sosegados, le pregunto a mi amigo Juan su opini\u00f3n sobre tan nacional y trascendente acontecimiento. S\u00f3lo me ha contestado esto: \u201calguno de los miembros del gobierno y alg\u00fan otro parlamentario saben leer\u201d. Insisto y le digo muy en serio que me interesa y aprecio su siempre ponderada opini\u00f3n en estos temas de la pol\u00edtica, y en su contestaci\u00f3n yo interpreto que los pol\u00edticos que tenemos no saben ni tan siquiera leer. Me dice que he interpretado bien, s\u00f3lo algunos saben leer \u00bfacaso no est\u00e1 a la vista y al o\u00eddo? Salvo alguna excepci\u00f3n, todos los que intervinieron soltaron su rollo que ya llevaban escrito sin tratar en profundidad y tampoco contestaron a los graves problemas que nos azotan y a los grandes errores pol\u00edticos.<\/p>\n\n\n\n<p>El gobierno se ba\u00f1\u00f3 en agua de rosas y present\u00f3 un mundo feliz en Espa\u00f1a gracias a su excelente gesti\u00f3n dirigido por la mano providencial de su presidente que adem\u00e1s es el m\u00e1s guapo e inteligente de los pol\u00edticos del mundo, aunque la triste realidad sea la miseria, la destrucci\u00f3n del tejido productivo, la subida de los precios, el paro, la corrupci\u00f3n, el hambre\u2026<\/p>\n\n\n\n<p>Otro tanto hicieron los partidos que le apoyaron aunque con alguna insignificante cr\u00edtica. Los que pusieron la moci\u00f3n no dijeron todo lo que ten\u00edan que decir y el principal partido de la oposici\u00f3n que ese es su trabajo, solt\u00f3 su perorata sin convicci\u00f3n que con su abstenci\u00f3n en la votaci\u00f3n ha quedado descalificado igual que su presidente con su ausencia. Ha perdido una oportunidad de oro para convertirse en un verdadero presidente, en un l\u00edder venciendo al gobierno si no f\u00edsica, s\u00ed espiritualmente, moralmente. Jam\u00e1s se presentaron tantos y poderosos motivos para incapacitar a un mal gobierno y, sin embargo, no hizo nada. \u00bfPor qu\u00e9? \u00bfMiedo, incompetencia, falta de confianza en s\u00ed mismo, desprecio\u2026? Para ser l\u00edder hay que lidiar en la plaza, en pol\u00edtica en el Parlamento. Es muy f\u00e1cil, y tambi\u00e9n in\u00fatil hacer declaraciones en la calle o en cualquier medio amigo lo mal que lo hace el gobierno y lo bien que lo har\u00e1 \u00e9l cuando llegue a la Moncloa reduciendo el n\u00famero de ministros. \u201cLas promesas que hicieron ayer los pol\u00edticos son los impuestos de hoy\u201d, dijo el que fue primer ministro del Canad\u00e1, MACKENZIE. Hay que recordarle al se\u00f1or Feij\u00f3o que el liderazgo no se hereda se gana.<\/p>\n\n\n\n<p>&nbsp;&nbsp;&nbsp;&nbsp;&nbsp;&nbsp; Esto pudi\u00e9ramos decir sobre el fondo, la sustancia, pero \u00bfqu\u00e9 pudi\u00e9ramos decir sobre la forma? Sencillamente lamentable, grosera, insolente, despectiva, insultante en las palabras y de la m\u00e1s sucia ordinariez en el gesto y en el tono. Y aunque para algunos la vestimenta no tenga importancia, incluso tuvieron la desverg\u00fcenza de hablar despectivamente de ella, la tiene, aunque son incapaces de verla. Qu\u00e9 lejos quedan estos representantes del pueblo espa\u00f1ol de lo que predicaba Cicer\u00f3n en su libro \u201cTratado de Deberes\u201d: \u201cAl estar quietos, andar o sentarse a la mesa, el gesto, la mirado y el rostro deben conservarse siempre con decoro y dignidad\u201d.<\/p>\n\n\n\n<p>Recuerdo haber asistido a reuniones de la comunidad de vecinos y a otras de labradores en la que todos iban decentemente vestidos y aseados con \u201cdecoro y dignidad\u201d\u201d. En cuanto al comportamiento cada uno expresaba sus ideas y sus opiniones sin insultos, sin groser\u00edas, cosa que no ocurre en el Parlamento.<\/p>\n\n\n\n<p>Juan lleva harta raz\u00f3n en sus an\u00e1lisis, y puesto que sigue el mismo presidente y el mismo gobierno despu\u00e9s de la moci\u00f3n de censura le pregunto para qu\u00e9 ha valido este espect\u00e1culo. Me contesta r\u00e1pido y convencido. Ha valido, me dice, para que los espa\u00f1oles conozcamos la cantidad y calidad de los pol\u00edticos que tenemos, su bajo nivel intelectual, moral y \u00e9tico; la cantidad de partidos, partidillos y partidicos que est\u00e1n comiendo del Estado por no hacer nada o por ayudar al gobierno a destruir Espa\u00f1a\u2026 Partidos y personas que han mostrado su nefasto retrato en los que predominan sus intereses particulares y de partido antes que los de Espa\u00f1a. Los partidos pol\u00edticos se han convertido en agencias de colocaci\u00f3n de personas mediocres y sin formaci\u00f3n<\/p>\n\n\n\n<p>&nbsp;&nbsp;&nbsp;&nbsp;&nbsp;&nbsp;&nbsp;&nbsp; Escuchando a mi amigo Juan me ha venido a la memoria las palabras de aquel gran emperador que fue Marco Aurelio: \u201cQue el pueblo vaya aprendiendo a trabajar y a no comer del Estado\u201d \u00bfQu\u00e9 hubiera pensado al comprobar los miles de esos llamados asesores?<\/p>\n\n\n\n<p>En eso de que algunos saben leer los rollos que nos han largado no es necesario comentario porque lo hemos visto y o\u00eddo. Llam\u00f3 la atenci\u00f3n la ocurrente cursiler\u00eda y atrevimiento de un parlamentario&nbsp; que no ha estudiado lat\u00edn ni historia cl\u00e1sica que soltara un latinajo atribuido a un senador romano llamado Cat\u00f3n el Viejo: \u201cdelenda est Carthago\u201d. Hubiera redondeado su intervenci\u00f3n con alguna frase de Cat\u00f3n el Joven.<\/p>\n\n\n\n<p>&nbsp;&nbsp;&nbsp; Para ser parlamentario se necesitan ciertas condiciones, Cicer\u00f3n dijo algunas: \u201cPatriotismo, valor c\u00edvico, ingenio agudo y r\u00e1pido, serenidad de esp\u00edritu, dominio del lenguaje y un poco o mucho de talento de improvisaci\u00f3n\u201d. Hasta la fecha no hemos visto nada de esto&nbsp; en los parlamentarios espa\u00f1oles. Todos se ha limitado a largarnos sus rollos incoherentes, mal redactados y peor le\u00eddos. El gobierno como es costumbre, mintiendo y ocultando la triste y penosa realidad. Al parecer han hecho suya aquella sentencia del fil\u00f3sofo Kant que dijo que \u201c<strong>al orador, al conferenciante, al incluso al predicador y al charlat\u00e1n les era l\u00edcito mentir\u201d. Y defini\u00f3 esta actividad como \u201cel arte de enga\u00f1ar parlamentario pol\u00edtico, por medio de una hermosa apariencia\u201d.<\/strong><\/p>\n\n\n\n<p>Se comportan as\u00ed porque juegan con la ignorancia y candidez del pueblo. A ver en qu\u00e9 pol\u00edtico encaja esto que dijo Montaigne: <strong>\u201cdesde mi m\u00e1s tierna infancia se notaba en m\u00ed no s\u00e9 qu\u00e9 parte del cuerpo&nbsp; y ademanes que delataban un tanto y vano orgullo\u201d.<\/strong><\/p>\n\n\n\n<p class=\"has-text-align-right\"><strong>JOS\u00c9 ANTONIO BUSTOS<\/strong> (14 \u2013 4- 2023)<\/p>\n","protected":false},"excerpt":{"rendered":"<p>Nada va bien en un sistema pol\u00edtico en el que las palabras contradicen los hechos &nbsp;&nbsp;&nbsp;&nbsp;&nbsp;&nbsp; &nbsp;&nbsp;&nbsp;&nbsp;&nbsp;&nbsp;&nbsp;&nbsp;&nbsp;&nbsp;&nbsp;&nbsp;&nbsp;&nbsp;&nbsp;&nbsp;&nbsp;&nbsp;&nbsp;&nbsp;&nbsp;&nbsp;&nbsp;&nbsp;&nbsp;&nbsp;&nbsp;&nbsp;&nbsp;&nbsp;&nbsp;&nbsp;&nbsp;&nbsp;&nbsp;&nbsp;&nbsp;&nbsp;&nbsp;&nbsp;&nbsp;&nbsp;&nbsp;&nbsp;&nbsp;&nbsp;&nbsp;&nbsp;&nbsp;&nbsp;&nbsp;&nbsp;&nbsp;&nbsp;&nbsp;&nbsp;&nbsp;&nbsp;&nbsp;&nbsp;&nbsp;&nbsp;&nbsp;&nbsp;&nbsp;&nbsp;&nbsp;&nbsp;&nbsp;&nbsp;&nbsp;&nbsp;&nbsp;&nbsp;&nbsp; &nbsp;&nbsp;(Napole\u00f3n Bonaparte) &nbsp;&nbsp;&nbsp;&nbsp;&hellip;<\/p>\n","protected":false},"author":2,"featured_media":33167,"comment_status":"open","ping_status":"open","sticky":false,"template":"","format":"standard","meta":{"om_disable_all_campaigns":false,"_mi_skip_tracking":false,"_monsterinsights_sitenote_active":false,"_monsterinsights_sitenote_note":"","_monsterinsights_sitenote_category":0,"footnotes":""},"categories":[30],"tags":[],"aioseo_notices":[],"_links":{"self":[{"href":"https:\/\/granadacostaglobal.es\/index.php?rest_route=\/wp\/v2\/posts\/35401"}],"collection":[{"href":"https:\/\/granadacostaglobal.es\/index.php?rest_route=\/wp\/v2\/posts"}],"about":[{"href":"https:\/\/granadacostaglobal.es\/index.php?rest_route=\/wp\/v2\/types\/post"}],"author":[{"embeddable":true,"href":"https:\/\/granadacostaglobal.es\/index.php?rest_route=\/wp\/v2\/users\/2"}],"replies":[{"embeddable":true,"href":"https:\/\/granadacostaglobal.es\/index.php?rest_route=%2Fwp%2Fv2%2Fcomments&post=35401"}],"version-history":[{"count":0,"href":"https:\/\/granadacostaglobal.es\/index.php?rest_route=\/wp\/v2\/posts\/35401\/revisions"}],"wp:featuredmedia":[{"embeddable":true,"href":"https:\/\/granadacostaglobal.es\/index.php?rest_route=\/"}],"wp:attachment":[{"href":"https:\/\/granadacostaglobal.es\/index.php?rest_route=%2Fwp%2Fv2%2Fmedia&parent=35401"}],"wp:term":[{"taxonomy":"category","embeddable":true,"href":"https:\/\/granadacostaglobal.es\/index.php?rest_route=%2Fwp%2Fv2%2Fcategories&post=35401"},{"taxonomy":"post_tag","embeddable":true,"href":"https:\/\/granadacostaglobal.es\/index.php?rest_route=%2Fwp%2Fv2%2Ftags&post=35401"}],"curies":[{"name":"wp","href":"https:\/\/api.w.org\/{rel}","templated":true}]}}