{"id":35366,"date":"2023-04-14T12:55:02","date_gmt":"2023-04-14T11:55:02","guid":{"rendered":"http:\/\/granadacostanacional.es\/?p=35366"},"modified":"2023-04-14T12:55:02","modified_gmt":"2023-04-14T11:55:02","slug":"resultados-del-vii-certamen-de-poesia-y-relatos-para-ninos-2023","status":"publish","type":"post","link":"https:\/\/granadacostaglobal.es\/?p=35366","title":{"rendered":"RESULTADOS DEL VII CERTAMEN DE POES\u00cdA Y RELATOS PARA NI\u00d1OS 2023"},"content":{"rendered":"\n<p><strong>Tras la entrega de los trabajos y deliberaci\u00f3n del jurado <strong>del VII Certamen de Microrrelato y Poes\u00eda \u201cEscritora y Poeta Do\u00f1a Carmen Carrasco Ramos\u201d<\/strong> el d\u00eda 14 de abril de 2023 a las 10:00 horas, ha elegido el colegio Albanta de Fuenlabrada (Madrid) con los siguientes premiados como los ganadores o finalistas en sus respectivas categor\u00edas.<\/strong><\/p>\n\n\n\n<p><strong>La entrega de los premios se llevar\u00e1 a cabo el d\u00eda 28 de abril a las 16:30 h. en la Casa de Granada en Madrid, Calle del Doctor Cortezo n\u00ba 17.<\/strong><\/p>\n\n\n\n<p><strong>5\u00ba A<\/strong><\/p>\n\n\n\n<p>NARRATIVA. PRIMER PREMIO: \u201cLA CUEVA DEL \u00c1GUILA\u201d<\/p>\n\n\n\n<p>DANIEL BALLESTEROS G\u00d3MEZ (\u201cMANUEL\u201d)<\/p>\n\n\n\n<p>POES\u00cdA. FINALISTA: \u201cNATURALEZA\u201d<\/p>\n\n\n\n<p>ALMA GODOY ORTIZ (\u201cSELENA GODOY\u201d)<\/p>\n\n\n\n<p><strong>5\u00ba B<\/strong><\/p>\n\n\n\n<p>POES\u00cdA. PRIMER PREMIO: \u201cLOS AMORES DE VERANO\u201d<\/p>\n\n\n\n<p>RUB\u00c9N CASTANEDO PANADERO (\u201cPAPAYA\u201d)<\/p>\n\n\n\n<p>NARRATIVA. FINALISTA: \u201cTAO, EL MEJOR VIOLINISTA\u201d<\/p>\n\n\n\n<p>DANIELA JUN NAVARRO OCA\u00d1A (\u201cLAVANDA\u201d)<\/p>\n\n\n\n<p><strong>6\u00baA<\/strong><\/p>\n\n\n\n<p>POES\u00cdA. PRIMER PREMIO: \u201cLA NATURALEZA\u201d<\/p>\n\n\n\n<p>MANOLA MAR\u00cdA D\u00cdAZ. (SIN PSEUD\u00d3NIMO)<\/p>\n\n\n\n<p>NARRATIVA. FINALISTA: \u201cLA HISTORIA DE LEBAI\u201d<\/p>\n\n\n\n<p>HOUD AMRIOUI (\u201cHULK T\u00c1CTICO\u201d)<\/p>\n\n\n\n<p><strong>6\u00ba B<\/strong><\/p>\n\n\n\n<p>NARRATIVA. PRIMER PREMIO: \u201cLA M\u00c1QUINA DEL TIEMPO\u201d<\/p>\n\n\n\n<p>MAYTE ROJO LABRADOR (\u201cSABRINA\u201d)<\/p>\n\n\n\n<p>NARRATIVA. FINALISTA: \u201cEL MISTERIO DE LA MANSI\u00d3N\u201d<\/p>\n\n\n\n<p>NOA MONTES SANZ (\u201cN. Z SAN\u201d)<\/p>\n\n\n\n<p><strong>1\u00ba a 4\u00ba ESO<\/strong><\/p>\n\n\n\n<p>NARRATIVA. PRIMER PREMIO: \u201cUN T\u00cdTULO\u201d (MIZ)<\/p>\n\n\n\n<p>POES\u00cdA. PRIMER PREMIO: \u201cSOL. \u00bfPOR QU\u00c9 VAS TAN R\u00c1PIDO?\u201d (PRIMER VERSO DEL POEMA) Adri\u00e1n Acedo(\u201cICEMS\u201d)<\/p>\n\n\n\n<p>POES\u00cdA. FINALISTA: \u201cPALMA\u201d (\u201cTORHEC\u201d)<\/p>\n\n\n\n<p>NARRATIVA. FINALISTA: \u201cEN BUSCA DE MI VERDAD\u201d<\/p>\n\n\n\n<p>NOELIA S\u00c1NCHEZ GALLEGO (SIN PSEUD\u00d3NIMO)<\/p>\n\n\n\n<p>NARRATIVA. FINALISTA: \u201cLEO Y EL ORFANATO\u201d (\u201cIBM\u201d)<\/p>\n\n\n\n<p>NARRATIVA. FINALISTA: \u201cUN LUGAR \u00daNICO\u201d (SIN IDENTIFICAR)<\/p>\n\n\n\n<p>NARRATIVA. FINALISTA: \u201cMI PERRITA LUL\u00da\u201d (SIN IDENTIFICAR)<\/p>\n\n\n\n<p>NARRATIVA. FINALISTA: \u201cLA SELVA\u201d (SIN IDENTIFICAR)<\/p>\n\n\n\n<p>NARRATIVA. FINALISTA: \u201cUN D\u00cdA DE INVIERNO\u201d (\u201cLILIPUFF\u201d)<\/p>\n\n\n\n<p>NARRATIVA. FINALISTA: \u201cEL LAGO\u201d (\u201cLA DAMA BLANCA\u201d)<\/p>\n\n\n\n<p>NARRATIVA. FINALISTA: \u201cALGO CON ESPINAS\u201d<\/p>\n\n\n\n<p>IRIS ARG\u00dcELLO GUERRERO (\u201cVIRIDIS\u201d)<\/p>\n\n\n\n<p>NARRATIVA. FINALISTA: \u201cEL ESCARABAJO Y LA ALDEA\u201d (SIN IDENTIFICAR)<\/p>\n\n\n\n<p class=\"has-text-align-right\"><strong>CARMEN CARRASCO, PRESIDENTA DEL JURADO<\/strong><\/p>\n\n\n\n<p class=\"has-text-align-right\"><strong>VALENCIA, 14, ABRIL 2023<\/strong><\/p>\n","protected":false},"excerpt":{"rendered":"<p>Tras la entrega de los trabajos y deliberaci\u00f3n del jurado del VII Certamen de Microrrelato y Poes\u00eda \u201cEscritora y Poeta&hellip;<\/p>\n","protected":false},"author":1,"featured_media":31795,"comment_status":"open","ping_status":"open","sticky":false,"template":"","format":"standard","meta":{"om_disable_all_campaigns":false,"_mi_skip_tracking":false,"_monsterinsights_sitenote_active":false,"_monsterinsights_sitenote_note":"","_monsterinsights_sitenote_category":0,"footnotes":""},"categories":[21],"tags":[],"aioseo_notices":[],"_links":{"self":[{"href":"https:\/\/granadacostaglobal.es\/index.php?rest_route=\/wp\/v2\/posts\/35366"}],"collection":[{"href":"https:\/\/granadacostaglobal.es\/index.php?rest_route=\/wp\/v2\/posts"}],"about":[{"href":"https:\/\/granadacostaglobal.es\/index.php?rest_route=\/wp\/v2\/types\/post"}],"author":[{"embeddable":true,"href":"https:\/\/granadacostaglobal.es\/index.php?rest_route=\/wp\/v2\/users\/1"}],"replies":[{"embeddable":true,"href":"https:\/\/granadacostaglobal.es\/index.php?rest_route=%2Fwp%2Fv2%2Fcomments&post=35366"}],"version-history":[{"count":0,"href":"https:\/\/granadacostaglobal.es\/index.php?rest_route=\/wp\/v2\/posts\/35366\/revisions"}],"wp:featuredmedia":[{"embeddable":true,"href":"https:\/\/granadacostaglobal.es\/index.php?rest_route=\/"}],"wp:attachment":[{"href":"https:\/\/granadacostaglobal.es\/index.php?rest_route=%2Fwp%2Fv2%2Fmedia&parent=35366"}],"wp:term":[{"taxonomy":"category","embeddable":true,"href":"https:\/\/granadacostaglobal.es\/index.php?rest_route=%2Fwp%2Fv2%2Fcategories&post=35366"},{"taxonomy":"post_tag","embeddable":true,"href":"https:\/\/granadacostaglobal.es\/index.php?rest_route=%2Fwp%2Fv2%2Ftags&post=35366"}],"curies":[{"name":"wp","href":"https:\/\/api.w.org\/{rel}","templated":true}]}}