{"id":35323,"date":"2023-04-08T09:40:54","date_gmt":"2023-04-08T08:40:54","guid":{"rendered":"http:\/\/granadacostanacional.es\/?p=35322"},"modified":"2023-04-08T09:40:54","modified_gmt":"2023-04-08T08:40:54","slug":"presentacion-del-libro-pichin-aventuras-de-francisco-ponce-carrasco-2","status":"publish","type":"post","link":"https:\/\/granadacostaglobal.es\/?p=35323","title":{"rendered":"PRESENTACI\u00d3N del libro \u201cPich\u00edn\u201d (Aventuras) de Francisco Ponce Carrasco"},"content":{"rendered":"\n<h2 class=\"wp-block-heading\"><em>&#8211; Hola soy Pich\u00edn y quiero agradeceros las atenciones recibidas y la numerosa asistencia\u2026 Vale, os dejo con mi creador y escritor, que me est\u00e1 quitando el bol\u00edgrafo para escribir \u00e9l\u2026 \u00a1Que pesado es el hombre!&#8230;-<\/em><\/h2>\n\n\n\n<p><em>&#8211; <\/em>Ya lo dice el refr\u00e1n<em> \u201cCrea personajes populares y te avasallar\u00e1n\u201d.-<\/em><\/p>\n\n\n\n<p>Comenzar\u00e9 reafirm\u00e1ndome con lo que dice Pich\u00edn y pongo en valor sus sincero agradecimiento, ciertamente fue una tarde-noche, donde ambos nos sentimos inmensamente queridos por un p\u00fablico diverso y a la vez cercano, que nos arrop\u00f3 en todo momento.<\/p>\n\n\n\n<p>El Palacio Colomina&nbsp; (CEU) de Valencia, anfitri\u00f3n del evento, es un local bello, cuidado y acogedor con un personal amable que dirige Mar\u00eda del Carmen Puerto, siempre atentos a prestar atenciones al p\u00fablico asistente, por cuanto se hizo f\u00e1cil y puntual su inicio.<\/p>\n\n\n\n<figure class=\"wp-block-image size-full\"><img decoding=\"async\" src=\"http:\/\/granadacostanacional.es\/wp-content\/uploads\/2023\/04\/1-entrada-palacio-colomina.jpg\" alt=\"\" class=\"wp-image-35323\"\/><\/figure>\n\n\n\n<figure class=\"wp-block-image size-full\"><img decoding=\"async\" src=\"http:\/\/granadacostanacional.es\/wp-content\/uploads\/2023\/04\/2-venta-.jpg\" alt=\"\" class=\"wp-image-35324\"\/><\/figure>\n\n\n\n<p>Antes de continuar quiero insistir en la impecable organizaci\u00f3n del acto por los responsables del CEU, que en todo momento estuvieron pendientes del evento y del p\u00fablico, aportando una an\u00e9cdota:<\/p>\n\n\n\n<p><em>&lt;&lt;A una se\u00f1ora le dio un golpe de tos e inmediatamente apareci\u00f3 uno de los conserjes del centro con un botell\u00edn de agua para ayudar a que se le pasara&gt;&gt;.<\/em><em><\/em><\/p>\n\n\n\n<p>La mesa qued\u00f3 representada por Carmen Carrasco (Poeta, Escritora y Actriz), Jos\u00e9 Hoyo (Letrado, experto orador y Presidente de AITCH) junto a Francisco Ponce (Escritor, Periodista) y autor del libro que se presentaba.<\/p>\n\n\n\n<p>La llegada se fue haciendo m\u00e1s cuantiosa conforme avanzaba las 19,00 horas anunciada para el inicio, las fotograf\u00edas de c\u00e1maras y m\u00f3viles se prodigaban con ferviente demanda, fueron muchos los que se acercaron a por el libro de Pich\u00edn Aventuras que se entregaba junto a una camiseta promocional, que fue del agrado m\u00e1s generalizado.<\/p>\n\n\n\n<p>Con exactitud se dio comienzo al acto, que result\u00f3 del principio al fin did\u00e1ctico y entretenido, tras la presentaci\u00f3n de los integrantes que acompa\u00f1aban al autor, se dio el turno de la palabra a Jos\u00e9 Hoyo quien mostrado el libro, ponder\u00f3 su edici\u00f3n diciendo:<\/p>\n\n\n\n<h1 class=\"wp-block-heading\"><em>-\u00a1Es un libro como se editaban antes!<\/em><\/h1>\n\n\n\n<p>A\u00f1adiendo el arraigo y prestigio de la editorial \u201cGranada Club Selecci\u00f3n\u201d de quienes alab\u00f3 su magn\u00edfica publicaci\u00f3n del volumen, maquetaci\u00f3n y del tama\u00f1o de su letra, elogiando su origen en Granada, y al hilo de eso nos habl\u00f3 de la capital andaluza, haciendo menci\u00f3n a que el Tribunal Superior de Justicia no est\u00e1 en Sevilla, como se podr\u00eda imaginar, sino en Granada y que la \u00faltima jura de letrados de la administraci\u00f3n de justicia, se hizo all\u00ed, donde estuvo \u00e9l asistiendo al acto, adem\u00e1s Granada es sede de otras instituciones y se refiri\u00f3 a su universidad, aspectos culturales y monumentales de la misma.<\/p>\n\n\n\n<p>Realiz\u00f3 un intercambio de ideas con sus compa\u00f1eros de mesa e interactu\u00f3 con el p\u00fablico, lo que result\u00f3 muy grato.<\/p>\n\n\n\n<p>Seguidamente hizo referencia expresa hacia el autor de quien dijo, entre otras cosas, que el escritor nace, y a trav\u00e9s del tiempo va desarrollando esa faceta como ha hecho Francisco Ponce.<\/p>\n\n\n\n<figure class=\"wp-block-image size-full\"><img decoding=\"async\" src=\"http:\/\/granadacostanacional.es\/wp-content\/uploads\/2023\/04\/3-presentacion-libro-mesa.jpg\" alt=\"\" class=\"wp-image-35325\"\/><\/figure>\n\n\n\n<p>Destac\u00f3 su capacidad de l\u00edder y nos remiti\u00f3 a la informaci\u00f3n del final de su libro, donde se encuentra una s\u00edntesis de su trayectoria para conocer su extenso recorrido, porque era dif\u00edcil de resumir.<\/p>\n\n\n\n<p>Asimismo, habl\u00f3 de las ilustraciones del libro, todas las acuarelas son del autor, y que s\u00f3lo \u00e9l pod\u00eda acoplarlas tan bien al texto, quiz\u00e1 debido a que como buen valenciano no le falta el ingenio y la gracia, asegurando que no nos aburriremos con su libro.&nbsp;<\/p>\n\n\n\n<p>Habl\u00f3 un poco de la Academia Internacional de las Ciencias, Tecnolog\u00eda, Educaci\u00f3n y Humanidades (AICTEH) de la que \u00e9l es Presidente y nos record\u00f3, que hace unos a\u00f1os \u2013en concreto 2013 \u2013 Francisco Ponce fue nombrado \u201cAcad\u00e9mico Correspondiente\u201d, mediante la investidura y reconocimiento que tuvo lugar en el Centro Cultural Rey Juan Carlos I de Valencia, tambi\u00e9n se extendi\u00f3 sobre los libros anteriores que el autor tiene publicados, as\u00ed como a las muy le\u00eddas cabeceras period\u00edsticas que sigue publicando para diferentes medios.&nbsp;<\/p>\n\n\n\n<p>Luego, tras esbozar la personalidad de Carmen Carrasco, pas\u00f3 la palabra al autor del libro, quien aclar\u00f3 que \u00e9sta har\u00eda una exposici\u00f3n sobre la novela, como ella sab\u00eda hacer, dado su condici\u00f3n de docente.<\/p>\n\n\n\n<p>Carmen se volc\u00f3 con entusiasmo a ofrecer su opini\u00f3n, siempre favorable y trabajada en estudio, desliz\u00e1ndose por los muchos avatares que en la novela se narran, aclarando siempre hasta donde pod\u00eda leer, para mantener el inter\u00e9s y no desvelar los intrigantes sucesos que el autor con habilidad hab\u00eda urdido, para mantener constante el inter\u00e9s, la f\u00e1bula, la moraleja y como no, la empat\u00eda con el lector.&nbsp;<\/p>\n\n\n\n<p>Contin\u00fao exteriorizando, que est\u00e1bamos de enhorabuena por la publicaci\u00f3n del libro y nos cont\u00f3 que la misi\u00f3n de Pich\u00edn es hacer el bien a todos los que lo necesitan.&nbsp;<\/p>\n\n\n\n<p>Aventuras palpitantes con personajes id\u00edlicos unas veces, junto a malvados y oscuros otras, recorre sitios imaginarios y conoce animales extra\u00f1os que se relacionan con los dem\u00e1s como si fueran humanos.&nbsp;<\/p>\n\n\n\n<p>Fantas\u00eda en su estado m\u00e1s puro, todo el libro es ardorosa imaginaci\u00f3n, entelequia bien maquinada, lo que favorece al lector para que se sumerja en sus lances y que olvidemos por unos momentos ciertas realidades, cosa muy recomendable hoy en d\u00eda.<\/p>\n\n\n\n<figure class=\"wp-block-image size-full\"><img decoding=\"async\" src=\"http:\/\/granadacostanacional.es\/wp-content\/uploads\/2023\/04\/4-firmando-libros-de-pichin.jpg\" alt=\"\" class=\"wp-image-35326\"\/><\/figure>\n\n\n\n<p>Estamos ante un libro ameno, escrito con un lenguaje sencillo, no exento de moraleja y cierta cr\u00edtica constructiva hacia la deriva de nuestro actual mundo y sociedad.<\/p>\n\n\n\n<p>A trav\u00e9s de diapositivas proyectadas en varias pantallas, Carmen fue mostrando y explicando los personajes que aparecen en la novela; delfines, caballitos de mar, tribus at\u00e1vicas regidas por mujeres, vuelos estelares y mucho m\u00e1s.<\/p>\n\n\n\n<p>Igual que Jos\u00e9 Hoyo, dijo que disfrutaremos mucho ley\u00e9ndolo y le dio las gracias al autor por escribirlo.<\/p>\n\n\n\n<p>Termin\u00f3 diciendo algo bell\u00edsimo que cal\u00f3 entre los asistentes al evento:&nbsp;<\/p>\n\n\n\n<p><strong>&lt;&lt; \u00a1Ojal\u00e1! la semilla de Pich\u00edn se extienda por todo el mundo para que sea mejor, y \u00a1ojal\u00e1! reiter\u00f3, sea as\u00ed, que buena falta hace&gt;&gt;.&nbsp;<\/strong><\/p>\n\n\n\n<p>Ahora era el tiempo-turno del autor, quien comenz\u00f3 agradeciendo \u2013<em>se le ve\u00eda emocionado &#8211;<\/em> al mucho y animoso p\u00fablico su asistencia, donde no faltaban, personas de letras (poetas \u2013 escritores \u2013 periodistas) y amigos\/amigas en general.<\/p>\n\n\n\n<p>Revel\u00f3 que este personaje de PICH\u00cdN, registrado a su nombre en la Oficina de Patentes y Marcas, naci\u00f3 (como un tomate), hace unos doce a\u00f1os en una conocida revista agr\u00edcola editada en Madrid, bajo formato independiente en cada n\u00famero y que al cesar su publicaci\u00f3n hace poco tiempo, decidi\u00f3 avanzar y transformarlo en un joven muchacho para recorrer nuestro actual universo, aprender y hacer justicia mediante los poderes que le hab\u00edan otorgado las Nereidas y trasladarlo a este libro.<\/p>\n\n\n\n<p>Nos cont\u00f3 que el libro de PICH\u00cdN \u2013Aventuras, fue presentado no hace mucho en Madrid en el &lt;&lt; Palacio de la Prensa &gt;&gt; con \u00e9xito y feliz acogida, estando presente el popular Alfredo Amestoy.<\/p>\n\n\n\n<p>Tambi\u00e9n en Valencia para el colectivo agr\u00edcola AEFA, del que es presidente de honor, pero ten\u00eda mucha ilusi\u00f3n de volverlo a mostrar para el gran p\u00fablico, seguidores y amigos\/as.<\/p>\n\n\n\n<p>Ratific\u00f3 lo que hab\u00eda dicho Jos\u00e9 Hoyo, es decir, que el libro no tiene m\u00e1s pretensiones que distraer, y que utiliz\u00f3 un lenguaje sencillo, a la hora de escribirlo y matiz\u00f3 que no es un libro juvenil, sino un libro &lt;&lt;Para lectores sin edad&gt;&gt;, como se rese\u00f1a al inicio.&nbsp;<\/p>\n\n\n\n<p>Abri\u00f3 un turno de preguntas por si alguien deseaba conocer alg\u00fan detalle m\u00e1s, que se convirti\u00f3 en un coloquio divertido, donde nos re\u00edmos todos en los \u00faltimos minutos del acto.<\/p>\n\n\n\n<p>Se cont\u00f3 alg\u00fan lance, se comentaron varias ilustraciones, todo en tono de broma, preguntas sobre algunos p\u00e1rrafos, tambi\u00e9n en tono jocoso como por ejemplo:<\/p>\n\n\n\n<p><em>&lt;&lt; Si se le pod\u00eda buscar una novia al tomate, como una berenjena&gt;&gt;,<\/em> dejando el autor en el aire el futuro del personaje.<\/p>\n\n\n\n<p>Finaliz\u00f3 el acto agradeciendo nuevamente la presencia a todos, apuntando que sent\u00eda una gran satisfacci\u00f3n al ver que cuando haces algo, la gente acude a la llamada.<\/p>\n\n\n\n<p>Tomando este hecho o referencia Francisco, gast\u00f3 alguna broma sobre la apreciaci\u00f3n del n\u00famero de asistentes, como se hace con los recuentos a las manifestaciones, donde cada uno dice el n\u00famero seg\u00fan sus intereses.<\/p>\n\n\n\n<p>Seguidamente se pas\u00f3 a ese momento m\u00e1gico para cualquier autor de la dedicatoria y firma de ejemplares, mientras se mira de reojo la larga fila de poseedores pacientes con el libro en la mano.<\/p>\n\n\n\n<p>Alguien del p\u00fablico coment\u00f3 mientras sal\u00eda.<\/p>\n\n\n\n<p><strong><em>\u201cLa vida son ratos buenos, ratos con amigos, no hacen falta fiestas ni grandes cosas extraordinarias, la vida es paz, armon\u00eda, belleza, bondad, amistad\u201d\u2026<\/em><\/strong><strong> <\/strong>y todo eso doy fe que existi\u00f3<\/p>\n\n\n\n<p class=\"has-text-align-right\">Francisco Ponce Carrasco<\/p>\n","protected":false},"excerpt":{"rendered":"<p>&#8211; Hola soy Pich\u00edn y quiero agradeceros las atenciones recibidas y la numerosa asistencia\u2026 Vale, os dejo con mi creador&hellip;<\/p>\n","protected":false},"author":2,"featured_media":24452,"comment_status":"open","ping_status":"open","sticky":false,"template":"","format":"standard","meta":{"om_disable_all_campaigns":false,"_mi_skip_tracking":false,"_monsterinsights_sitenote_active":false,"_monsterinsights_sitenote_note":"","_monsterinsights_sitenote_category":0,"footnotes":""},"categories":[21,30],"tags":[],"aioseo_notices":[],"_links":{"self":[{"href":"https:\/\/granadacostaglobal.es\/index.php?rest_route=\/wp\/v2\/posts\/35323"}],"collection":[{"href":"https:\/\/granadacostaglobal.es\/index.php?rest_route=\/wp\/v2\/posts"}],"about":[{"href":"https:\/\/granadacostaglobal.es\/index.php?rest_route=\/wp\/v2\/types\/post"}],"author":[{"embeddable":true,"href":"https:\/\/granadacostaglobal.es\/index.php?rest_route=\/wp\/v2\/users\/2"}],"replies":[{"embeddable":true,"href":"https:\/\/granadacostaglobal.es\/index.php?rest_route=%2Fwp%2Fv2%2Fcomments&post=35323"}],"version-history":[{"count":0,"href":"https:\/\/granadacostaglobal.es\/index.php?rest_route=\/wp\/v2\/posts\/35323\/revisions"}],"wp:featuredmedia":[{"embeddable":true,"href":"https:\/\/granadacostaglobal.es\/index.php?rest_route=\/"}],"wp:attachment":[{"href":"https:\/\/granadacostaglobal.es\/index.php?rest_route=%2Fwp%2Fv2%2Fmedia&parent=35323"}],"wp:term":[{"taxonomy":"category","embeddable":true,"href":"https:\/\/granadacostaglobal.es\/index.php?rest_route=%2Fwp%2Fv2%2Fcategories&post=35323"},{"taxonomy":"post_tag","embeddable":true,"href":"https:\/\/granadacostaglobal.es\/index.php?rest_route=%2Fwp%2Fv2%2Ftags&post=35323"}],"curies":[{"name":"wp","href":"https:\/\/api.w.org\/{rel}","templated":true}]}}