{"id":35189,"date":"2023-03-22T10:42:29","date_gmt":"2023-03-22T09:42:29","guid":{"rendered":"http:\/\/granadacostanacional.es\/?p=35189"},"modified":"2023-03-22T10:42:29","modified_gmt":"2023-03-22T09:42:29","slug":"proxima-presentacion-del-libro-pichin-aventuras-escrito-por-francisco-ponce","status":"publish","type":"post","link":"https:\/\/granadacostaglobal.es\/?p=35189","title":{"rendered":"PR\u00d3XIMA PRESENTACI\u00d3N DEL LIBRO PICH\u00cdN AVENTURAS ESCRITO POR FRANCISCO PONCE"},"content":{"rendered":"\n<p><strong>El pr\u00f3ximo martes, 28 de marzo a las 19 h. se presenta en el Palacio de Colomina de Valencia el libro Pich\u00edn Aventuras, escrito por D. Francisco Ponce Carrasco y editado por la Editorial Granada Club Selecci\u00f3n.<\/strong><\/p>\n\n\n<div class=\"wp-block-image\">\n<figure class=\"aligncenter size-full\"><img decoding=\"async\" src=\"http:\/\/granadacostanacional.es\/wp-content\/uploads\/2023\/03\/335928794_1389390015155909_5307328001635408381_n.jpg\" alt=\"\" class=\"wp-image-35191\"\/><\/figure><\/div>\n\n\n<p>Participar\u00e1n en la presentaci\u00f3n, adem\u00e1s del propio autor,<strong> D\u00f1a. Carmen Puerto<\/strong>, Directora CEU Colomina, <strong>D. Jos\u00e9 Hoyo<\/strong>, letrado y Presidente de AICTEH y <strong>D\u00f1a. Carmen Carrasco Ramos<\/strong>, docente, escritora, poeta y actriz.<\/p>\n\n\n\n<p><strong>Anteriormente, se present\u00f3 este libro en el Palacio de la Prensa de Madrid en abril de 2022.<\/strong><\/p>\n\n\n<div class=\"wp-block-image\">\n<figure class=\"aligncenter size-full\"><img decoding=\"async\" src=\"http:\/\/granadacostanacional.es\/wp-content\/uploads\/2023\/03\/poner-los-tres-con-pichin-1.jpg\" alt=\"\" class=\"wp-image-35190\"\/><figcaption class=\"wp-element-caption\"><strong>Alfredo Amestoy, Francisco Ponce y Jos\u00e9 Segura en la presentaci\u00f3n del libro en el Palacio de la Prensa<\/strong><\/figcaption><\/figure><\/div>\n\n\n<p>Nos dice el propio <strong>AUTOR<\/strong>:<\/p>\n\n\n\n<p><em>\u201cSi me encuentro ante un potencial lector de novelas de fantas\u00eda, de los llamados \u201cSIN EDAD\u201d, este libro le gustar\u00e1, puesto que intuyo que la m\u00e1quina del pensamiento on\u00edrico en su mente se mantiene despierta y activas sus neuronas, para volar por el universo fant\u00e1stico de lo inveros\u00edmil o posible, \u00bfqui\u00e9n sabe?<\/em><\/p>\n\n\n\n<p><em>Se trata de un volumen con dos partes, siempre desde la utop\u00eda del personaje encarnado en un \u201ctomate\u201d en la inicial, con una segunda, m\u00e1s amplia, donde se transforma en un joven muchacho, con la inquietud de conocer y comprender a la humanidad.<\/em><\/p>\n\n\n\n<p><em>Escrito con la simple pretensi\u00f3n de distraer, \u00e1nimo de empatizar, tentativa de fluidez narrativa e investigaci\u00f3n, sacando alguna moraleja, al tiempo que ilustrado con unas acuarelas, del propio autor, para poner frescura y color.<\/em><\/p>\n\n\n\n<p><em>Si usted lleg\u00f3 hasta aqu\u00ed, \u00bfpor qu\u00e9 no animarle definitivamente a que me lea?&#8230; por cuanto le doy las GRACIAS anticipadas.\u201d<\/em><\/p>\n","protected":false},"excerpt":{"rendered":"<p>El pr\u00f3ximo martes, 28 de marzo a las 19 h. se presenta en el Palacio de Colomina de Valencia el&hellip;<\/p>\n","protected":false},"author":3,"featured_media":31543,"comment_status":"open","ping_status":"open","sticky":false,"template":"","format":"standard","meta":{"om_disable_all_campaigns":false,"_mi_skip_tracking":false,"_monsterinsights_sitenote_active":false,"_monsterinsights_sitenote_note":"","_monsterinsights_sitenote_category":0,"footnotes":""},"categories":[21],"tags":[],"aioseo_notices":[],"_links":{"self":[{"href":"https:\/\/granadacostaglobal.es\/index.php?rest_route=\/wp\/v2\/posts\/35189"}],"collection":[{"href":"https:\/\/granadacostaglobal.es\/index.php?rest_route=\/wp\/v2\/posts"}],"about":[{"href":"https:\/\/granadacostaglobal.es\/index.php?rest_route=\/wp\/v2\/types\/post"}],"author":[{"embeddable":true,"href":"https:\/\/granadacostaglobal.es\/index.php?rest_route=\/wp\/v2\/users\/3"}],"replies":[{"embeddable":true,"href":"https:\/\/granadacostaglobal.es\/index.php?rest_route=%2Fwp%2Fv2%2Fcomments&post=35189"}],"version-history":[{"count":0,"href":"https:\/\/granadacostaglobal.es\/index.php?rest_route=\/wp\/v2\/posts\/35189\/revisions"}],"wp:featuredmedia":[{"embeddable":true,"href":"https:\/\/granadacostaglobal.es\/index.php?rest_route=\/"}],"wp:attachment":[{"href":"https:\/\/granadacostaglobal.es\/index.php?rest_route=%2Fwp%2Fv2%2Fmedia&parent=35189"}],"wp:term":[{"taxonomy":"category","embeddable":true,"href":"https:\/\/granadacostaglobal.es\/index.php?rest_route=%2Fwp%2Fv2%2Fcategories&post=35189"},{"taxonomy":"post_tag","embeddable":true,"href":"https:\/\/granadacostaglobal.es\/index.php?rest_route=%2Fwp%2Fv2%2Ftags&post=35189"}],"curies":[{"name":"wp","href":"https:\/\/api.w.org\/{rel}","templated":true}]}}