{"id":35168,"date":"2023-03-21T13:19:16","date_gmt":"2023-03-21T12:19:16","guid":{"rendered":"http:\/\/granadacostanacional.es\/?p=35168"},"modified":"2023-03-21T13:19:16","modified_gmt":"2023-03-21T12:19:16","slug":"la-pedagogia-hospitalaria-como-herramienta-de-normalizacion-e-inclusion-beneficios-necesidades-a-las-que-responde","status":"publish","type":"post","link":"https:\/\/granadacostaglobal.es\/?p=35168","title":{"rendered":"La Pedagog\u00eda Hospitalaria como herramienta de normalizaci\u00f3n e inclusi\u00f3n: Beneficios, necesidades a las que responde&#8230;"},"content":{"rendered":"\n<p><\/p>\n\n\n\n<p>Aula Hospitalaria como elemento que puede favorecer la calidad de vida de los ni\u00f1os\/as hospitalizados\/as.<\/p>\n\n\n\n<p class=\"has-text-align-justify\">Existe en hospitales un lugar donde la humanizaci\u00f3n llega a la infancia y adolescencia, y mientras dura el periodo de internamiento, aprenden que las adversidades en salud no han de implicar, en la medida de lo posible, una fractura con sus ilusiones, con sus deberes por hacer, con su vida\u2026<\/p>\n\n\n\n<p class=\"has-text-align-justify\">&nbsp;La actividad pedag\u00f3gica en los hospitales no es reciente, sin embargo, lo que hasta hace muchos a\u00f1os se ven\u00eda haciendo, a trav\u00e9s de instancias con un marcado car\u00e1cter caritativo-asistencial, poco a poco, se ha ido convirtiendo en una nueva ciencia en el marco educativo y en una actividad profesional con un evidente poder transformador<strong>: La pedagog\u00eda hospitalaria<\/strong><strong> <\/strong><strong>(PH)<\/strong><\/p>\n\n\n\n<p class=\"has-text-align-justify\">La atenci\u00f3n educativa durante el tiempo de hospitalizaci\u00f3n o padecimiento, nace con la intencionalidad de ofrecer recursos que faciliten la continuaci\u00f3n del alumno\/a con su itinerario formativo. Esta disciplina, ha supuesto el reconocimiento de un trabajo interdisciplinar que conlleva al tratamiento integral en salud. Tiene la finalidad de acercar la educaci\u00f3n a ni\u00f1os\/as o j\u00f3venes en su etapa de formaci\u00f3n. La &nbsp;atenci\u00f3n pedag\u00f3gica, abarca contextos amplios, pudiendo desarrollarse,&nbsp; &nbsp;tanto en &nbsp;&nbsp;unidades docentes creadas en los hospitales (aulas hospitalarias), en&nbsp; las habitaciones,&nbsp; c\u00e1maras de aislamiento o&nbsp; en atenci\u00f3n domiciliaria en periodo de convalecencia, recuperaci\u00f3n o paliaci\u00f3n.<\/p>\n\n\n\n<p> El programa de televisi\u00f3n de la TV Lleida. DIS dirigido por Gloria Ferrer este pasado s\u00e1bado y domingo emiti\u00f3 una  entrevista a la Dra. To\u00f1y Castillo compa\u00f1era del Proyecto Global de Cultura en relaci\u00f3n con su labor profesional  en el aula hospitalaria Dr. Antoni Cambrod\u00ed del hospital Universitario Arnau de Vilanova de Lleida. <\/p>\n\n\n\n<p>Pod\u00e9is ver la entrevista completa en catal\u00e1n en el siguiente link <\/p>\n\n\n\n<p> <a href=\"https:\/\/ott.instantvideocloud.net\/ca\/lleidatv\/f\/da791940-bf7e-41e1-a62c-8da6ba5f6845\/v\/111a5949bc\/94246e2d-4daf-6cd2-9225-7fa0a618705a?fbclid=IwAR3cWSq4oCZDHOY1pxHpGxw9aSMdNLKYZmgPCbFzSlO6pTbOm-wSisxzjs4\">https:\/\/ott.instantvideocloud.net\/ca\/lleidatv\/f\/da791940-bf7e-41e1-a62c-8da6ba5f6845\/v\/111a5949bc\/94246e2d-4daf-6cd2-9225-7fa0a618705a?fbclid=IwAR3cWSq4oCZDHOY1pxHpGxw9aSMdNLKYZmgPCbFzSlO6pTbOm-wSisxzjs4<\/a><\/p>\n\n\n\n<figure class=\"wp-block-image size-full\"><img decoding=\"async\" src=\"http:\/\/granadacostanacional.es\/wp-content\/uploads\/2023\/03\/tony-gloria.jpg\" alt=\"\" class=\"wp-image-35169\"\/><\/figure>\n\n\n\n<p><\/p>\n\n\n\n<p><\/p>\n\n\n\n<p><\/p>\n","protected":false},"excerpt":{"rendered":"<p>Aula Hospitalaria como elemento que puede favorecer la calidad de vida de los ni\u00f1os\/as hospitalizados\/as. Existe en hospitales un lugar&hellip;<\/p>\n","protected":false},"author":1,"featured_media":35170,"comment_status":"open","ping_status":"open","sticky":false,"template":"","format":"standard","meta":{"om_disable_all_campaigns":false,"_mi_skip_tracking":false,"_monsterinsights_sitenote_active":false,"_monsterinsights_sitenote_note":"","_monsterinsights_sitenote_category":0,"footnotes":""},"categories":[25,36,21,35,22,19,30],"tags":[],"aioseo_notices":[],"_links":{"self":[{"href":"https:\/\/granadacostaglobal.es\/index.php?rest_route=\/wp\/v2\/posts\/35168"}],"collection":[{"href":"https:\/\/granadacostaglobal.es\/index.php?rest_route=\/wp\/v2\/posts"}],"about":[{"href":"https:\/\/granadacostaglobal.es\/index.php?rest_route=\/wp\/v2\/types\/post"}],"author":[{"embeddable":true,"href":"https:\/\/granadacostaglobal.es\/index.php?rest_route=\/wp\/v2\/users\/1"}],"replies":[{"embeddable":true,"href":"https:\/\/granadacostaglobal.es\/index.php?rest_route=%2Fwp%2Fv2%2Fcomments&post=35168"}],"version-history":[{"count":0,"href":"https:\/\/granadacostaglobal.es\/index.php?rest_route=\/wp\/v2\/posts\/35168\/revisions"}],"wp:featuredmedia":[{"embeddable":true,"href":"https:\/\/granadacostaglobal.es\/index.php?rest_route=\/"}],"wp:attachment":[{"href":"https:\/\/granadacostaglobal.es\/index.php?rest_route=%2Fwp%2Fv2%2Fmedia&parent=35168"}],"wp:term":[{"taxonomy":"category","embeddable":true,"href":"https:\/\/granadacostaglobal.es\/index.php?rest_route=%2Fwp%2Fv2%2Fcategories&post=35168"},{"taxonomy":"post_tag","embeddable":true,"href":"https:\/\/granadacostaglobal.es\/index.php?rest_route=%2Fwp%2Fv2%2Ftags&post=35168"}],"curies":[{"name":"wp","href":"https:\/\/api.w.org\/{rel}","templated":true}]}}