{"id":35060,"date":"2023-03-06T17:33:43","date_gmt":"2023-03-06T16:33:43","guid":{"rendered":"http:\/\/granadacostanacional.es\/?p=35060"},"modified":"2023-03-06T17:33:43","modified_gmt":"2023-03-06T16:33:43","slug":"la-crueldad-inextinguible-e-inexplicable-de-las-guerras","status":"publish","type":"post","link":"https:\/\/granadacostaglobal.es\/?p=35060","title":{"rendered":"La crueldad inextinguible e inexplicable de las Guerras"},"content":{"rendered":"\n<p>En un principio, despu\u00e9s de m\u00e1s de un a\u00f1o de guerra, cuando se habla de la barbarie de la destrucci\u00f3n humana, s\u00f3lo cabe hablar de datos\u00a0 estad\u00edsticos confusos, ya porque se asegura que el Ej\u00e9rcito ruso est\u00e1 perdiendo hasta \u201c500 efectivos al d\u00eda\u201d en su ofensiva contra el este del pa\u00eds, y escenario de un dur\u00edsimo asedio de Rusia en las \u00faltimas semanas, pues las fuerzas rusas han intensificado los ataques contra la ciudad de Bajmut. Los militares han explicado que durante la \u00faltima jornada se han repelido m\u00e1s de 130 ataques enemigos. Seg\u00fan Efe, es probable que las fuerzas ucranianas est\u00e9n estableciendo las condiciones necesarias para una retirada controlada de sectores m\u00e1s dif\u00edciles del este de Bajmut, aunque no est\u00e1 claro que los altos mandos castrenses hayan decidido retirarse en este momento. La vicefiscal general ucrania, Viktoria Litvinova, ha anunciado que hay m\u00e1s de 2.500 investigaciones en curso relacionadas con cr\u00edmenes de guerra cometidos contra ni\u00f1os por parte de las fuerzas rusas. Tambi\u00e9n\u00a0 ha advertido que la escala real de los cr\u00edmenes todav\u00eda se desconoce.\u00a0Y que las fuerzas rusas han deportado adem\u00e1s a unos 16.000 menores ucranios a Rusia o a territorios controlados por Mosc\u00fa y ha explicado que asegurar su retorno es muy complicado. Lo mismo que sobrevivir es demoledor cuando no imposible. Una cuesti\u00f3n de incertidumbre que habr\u00e1 que aclarar en el futuro, despu\u00e9s de la guerra, o muchos detalles de c\u00f3mo se gest\u00f3 el desastre y los entresijos de las negociaciones a nivel internacional para tratar de evacuar a la poblaci\u00f3n y frenar los planes del presidente de Rusia, Vlad\u00edmir Putin. Lo que s\u00ed est\u00e1 claro es que para las fuerzas rusas no ha sido un paseo f\u00e1cil ante la resistencia de los ucranianos, que no solo resisten el ataque ruso, sino que estuvieron a punto de derrotar a los atacantes, los que tuvieron p\u00e9rdidas gigantescas de las que poco se ha sabido en detalle, pues es obvio que al Kremlin, bajo las \u00f3rdenes de Putin, no le interesaba propagar la verdad. Por lo que la victoria militar de los ucranios en Kiev se sald\u00f3 con cerca de 100.000 soldados rusos, prisioneros o muertos. Ni que decir tiene que los datos tambi\u00e9n entran en conflicto, pues cuando no se asumen las normas para una mejor convivencia y se vulneran los derechos y las libertades nadie est\u00e1 a salvo, y pongamos como ejemplo hacia donde nos llevan las guerras y sus amenazas: a la desnudez sin escr\u00fapulos y a la barbarie m\u00e1s inhumana cuando se agrede con violencia a la dignidad y a la libertad, v\u00e9ase nuestro esbozo del caso reciente comentado de Ucrania y Rusia.\u00a0 Ya apuntamos hace tiempo que ser\u00eda necesario escuchar la voz de China para lograr una soluci\u00f3n del conflicto en Ucrania. Es recomendable escuchar a todos, tanto a los implicados en el conflicto como a todos los pa\u00edses que todav\u00eda no est\u00e1n al tanto del problema y de sus consecuencias, que afectan al mundo entero, y la necesidad de lograr la paz en Ucrania, evitar una escalada del conflicto y coordinar esfuerzos desde ambos posicionamientos. Sin olvidar las guerras activas desde hace a\u00f1os de Oriente medio y conflictos en Siria, Yemen y Afganist\u00e1n, guerras en \u00c1frica o de Israel con Palestina, por citar algunas que ponen en jaque el futuro de una poblaci\u00f3n vulnerable, especialmente de ni\u00f1os y adolescentes, por hacerse con el poder bien por un r\u00e9gimen dictatorial que ordena reprimir las protestas que demandan m\u00e1s democracia y oportunidades econ\u00f3micas y sociales para subsistir, que incluso a veces se trata de enfrentamientos religiosos. Lo que realmente tienen todos en com\u00fan es\u00a0 la inestabilidad pol\u00edtica, la corrupci\u00f3n y los constantes ataques terroristas o no, que impiden establecer un gobierno s\u00f3lido y democr\u00e1tico. Y todo por el maldito poder, juzguen ustedes.<\/p>\n","protected":false},"excerpt":{"rendered":"<p>En un principio, despu\u00e9s de m\u00e1s de un a\u00f1o de guerra, cuando se habla de la barbarie de la destrucci\u00f3n&hellip;<\/p>\n","protected":false},"author":2,"featured_media":34272,"comment_status":"open","ping_status":"open","sticky":false,"template":"","format":"standard","meta":{"om_disable_all_campaigns":false,"_mi_skip_tracking":false,"_monsterinsights_sitenote_active":false,"_monsterinsights_sitenote_note":"","_monsterinsights_sitenote_category":0,"footnotes":""},"categories":[30],"tags":[],"aioseo_notices":[],"_links":{"self":[{"href":"https:\/\/granadacostaglobal.es\/index.php?rest_route=\/wp\/v2\/posts\/35060"}],"collection":[{"href":"https:\/\/granadacostaglobal.es\/index.php?rest_route=\/wp\/v2\/posts"}],"about":[{"href":"https:\/\/granadacostaglobal.es\/index.php?rest_route=\/wp\/v2\/types\/post"}],"author":[{"embeddable":true,"href":"https:\/\/granadacostaglobal.es\/index.php?rest_route=\/wp\/v2\/users\/2"}],"replies":[{"embeddable":true,"href":"https:\/\/granadacostaglobal.es\/index.php?rest_route=%2Fwp%2Fv2%2Fcomments&post=35060"}],"version-history":[{"count":0,"href":"https:\/\/granadacostaglobal.es\/index.php?rest_route=\/wp\/v2\/posts\/35060\/revisions"}],"wp:featuredmedia":[{"embeddable":true,"href":"https:\/\/granadacostaglobal.es\/index.php?rest_route=\/"}],"wp:attachment":[{"href":"https:\/\/granadacostaglobal.es\/index.php?rest_route=%2Fwp%2Fv2%2Fmedia&parent=35060"}],"wp:term":[{"taxonomy":"category","embeddable":true,"href":"https:\/\/granadacostaglobal.es\/index.php?rest_route=%2Fwp%2Fv2%2Fcategories&post=35060"},{"taxonomy":"post_tag","embeddable":true,"href":"https:\/\/granadacostaglobal.es\/index.php?rest_route=%2Fwp%2Fv2%2Ftags&post=35060"}],"curies":[{"name":"wp","href":"https:\/\/api.w.org\/{rel}","templated":true}]}}