{"id":35042,"date":"2023-03-06T11:42:32","date_gmt":"2023-03-06T10:42:32","guid":{"rendered":"http:\/\/granadacostanacional.es\/?p=35042"},"modified":"2023-03-06T11:42:32","modified_gmt":"2023-03-06T10:42:32","slug":"dia-de-andalucia-en-mislata-valencia","status":"publish","type":"post","link":"https:\/\/granadacostaglobal.es\/?p=35042","title":{"rendered":"D\u00eda de Andaluc\u00eda en Mislata (Valencia)"},"content":{"rendered":"\n<h2 class=\"wp-block-heading\"><strong>Andaluc\u00eda camino de ser primer \u201cmotor\u201d de Espa\u00f1a<\/strong><\/h2>\n\n\n\n<p>Hay que remontarse al 28 de febrero de 1980, cuando los ciudadanos andaluces acudieron a las urnas para votar en el Refer\u00e9ndum Auton\u00f3mico. Unos meses despu\u00e9s, se aprob\u00f3 el Estatuto de Autonom\u00eda.<\/p>\n\n\n\n<p>Cada a\u00f1o en esta fecha la bandera blanca y verde adornan los balcones de toda la comunidad. Adem\u00e1s, es popular que se degusten platos t\u00edpicos de cada regi\u00f3n o comunes; como el gazpacho; los molletes; las tortillitas de camarones; o el <em>pescaito<\/em> frito\u2026 como popular es hacer un recorrido descriptivo y literario por sus ocho provincias, exaltando sus monumentos, agricultura, playas, gentes, hist\u00f3rico o bellas an\u00e9cdotas.<\/p>\n\n\n\n<figure class=\"wp-block-image size-full\"><img decoding=\"async\" src=\"http:\/\/granadacostanacional.es\/wp-content\/uploads\/2023\/03\/banderas-y-varios.jpg\" alt=\"\" class=\"wp-image-35043\"\/><\/figure>\n\n\n\n<p>Son muchos los estudios y expertos socioecon\u00f3micos que coinciden en que Andaluc\u00eda est\u00e1 alcanzando, con el nuevo y actual gobierno auton\u00f3mico, una pujanza y prestigio que en d\u00e9cadas no ten\u00eda y que la instal\u00e1 como receptora de capitales e inmigraci\u00f3n todo lo contrario que tradicionalmente suced\u00eda.<\/p>\n\n\n\n<p>Se\u00f1alada esta nota de actualidad, entraremos en relatar el evento del \u201cD\u00cdA GRANDE\u201d para los andaluces alejados de su tierra, resaltando el buen hacer de la:<\/p>\n\n\n\n<h1 class=\"wp-block-heading\"><strong>Casa de Andaluc\u00eda \u201cA.C.A.\u201d en Mislata (Valencia)<\/strong><\/h1>\n\n\n\n<p>Aqu\u00ed tenemos el claro ejemplo del \u201calma\u201d de Andaluc\u00eda que desde hace tiempo conozco y sigo en muchos de sus diversos actos, que saben organizar con valores humanos y \u201ctron\u00edo\u201d.<\/p>\n\n\n\n<p>En esta din\u00e1mica fui invitado a estar presente en la gala de su \u201cD\u00cdA\u201d, que realizaron con acierto y minuciosidad en sus locales, donde se recit\u00f3 poes\u00eda, cante, baile y un amplio programa de actividades art\u00edsticas.<\/p>\n\n\n\n<p>El presidente anterior Vicente Amat y el actual Antonio P\u00e9rez, mostraron su carisma, trabajo y empat\u00eda, para con las asociaciones culturales M.A.N \u201cMovimiento Art\u00edstico de Mislata\u201d que dirige Boro Garc\u00eda y para con A-rimando, por cuanto algunos miembros de ambas entidades culturales colaboraban, en una cascada de poes\u00edas y festividad recorriendo el embrujo, tan diferente y tan igual, de la esencia de cada una de sus provincias andaluzas.<\/p>\n\n\n\n<p>Cada a\u00f1o y por riguroso turno, dedican un mayor \u00e9nfasis, hacia una regi\u00f3n de su autonom\u00eda, en el presente 2023 es el homenaje para M\u00c1LAGA.<\/p>\n\n\n\n<figure class=\"wp-block-image size-full\"><img decoding=\"async\" src=\"http:\/\/granadacostanacional.es\/wp-content\/uploads\/2023\/03\/Interpretes.jpg\" alt=\"\" class=\"wp-image-35044\"\/><\/figure>\n\n\n\n<p>Las f\u00e9minas que tuvieron una amplia participaci\u00f3n, estuvieron representadas por \u00c1rgema G\u00f3mez (Reina Mayor), Paula Meng\u00f3 (Dama Mayor), Tania Jim\u00e9nez (Reina Infantil) y Amparo Navarro (Dama infantil), ataviadas con sus vistosas y coloristas indumentarias andaluzas y banda acreditativa de su abolengo.<\/p>\n\n\n\n<p>Voy a cometer &lt;&lt;pecado&gt;&gt; de memoria pidiendo disculpas por anticipado a quienes omita, pero quisiera dejar constancia de que entre las muchas y magn\u00edficas actuaciones pudimos apreciar y agradecer la acertada actuaci\u00f3n de Amparo Ve\u00f1ado (Presentadora), Juan Andr\u00e9s Hern\u00e1ndez (Guitarrista), Josep Aznar (Saxofonista), el dueto de Vicente Forcado y Amparo Aparisi, Nicasio Jim\u00e9nez (Cantaor y poeta) tambi\u00e9n las poetisas, Marielo Bonet, Marga Jim\u00e9nez, Mar\u00eda Bohigas, Nieves Gimeno, M. Dolores Gonz\u00e1lez, Bienvenida \u00c1lvarez, J. Carlos Llorens \u201cCharles\u201d (mon\u00f3logos), entre otros\/as y la actuaci\u00f3n de la escritora, actriz y poeta Carmen Carrasco, que actu\u00f3 en \u00faltimo lugar con unas sentidas y bellas palabras.<\/p>\n\n\n\n<p>Acudieron igualmente autoridades municipales encabezada por Pep\u00ed Luj\u00e1n (Concejala de Cultura), as\u00ed como representantes de otras casas regionales y amantes de las letras, todos pudimos disfrutar de un entorno muy grato y lleno de atenciones por parte de los organizadores y p\u00fablico asistente.<\/p>\n\n\n\n<figure class=\"wp-block-image size-full\"><img decoding=\"async\" src=\"http:\/\/granadacostanacional.es\/wp-content\/uploads\/2023\/03\/Reina-y-damas.jpg\" alt=\"\" class=\"wp-image-35045\"\/><\/figure>\n\n\n\n<p>La tarde-noche que se prolong\u00f3, dejando en el ambiente un halo luminoso de tonos blancos y verdes junto a los amarillos, rojos y azul de nuestra se\u00f1era coronada, para mostrar un hermanamiento cierto con Valencia, que los andaluces de bien saben agradecer, y luego de su tierra natal quieren a la de acogida, mostrando una empat\u00eda bien entendida y con car\u00e1cter integrador.<\/p>\n\n\n\n<p class=\"has-text-align-right\">Francisco Ponce Carrasco<\/p>\n\n\n\n<p class=\"has-text-align-right\">(Escritor y Periodista)<\/p>\n","protected":false},"excerpt":{"rendered":"<p>Andaluc\u00eda camino de ser primer \u201cmotor\u201d de Espa\u00f1a Hay que remontarse al 28 de febrero de 1980, cuando los ciudadanos&hellip;<\/p>\n","protected":false},"author":2,"featured_media":24452,"comment_status":"open","ping_status":"open","sticky":false,"template":"","format":"standard","meta":{"om_disable_all_campaigns":false,"_mi_skip_tracking":false,"_monsterinsights_sitenote_active":false,"_monsterinsights_sitenote_note":"","_monsterinsights_sitenote_category":0,"footnotes":""},"categories":[21,30],"tags":[],"aioseo_notices":[],"_links":{"self":[{"href":"https:\/\/granadacostaglobal.es\/index.php?rest_route=\/wp\/v2\/posts\/35042"}],"collection":[{"href":"https:\/\/granadacostaglobal.es\/index.php?rest_route=\/wp\/v2\/posts"}],"about":[{"href":"https:\/\/granadacostaglobal.es\/index.php?rest_route=\/wp\/v2\/types\/post"}],"author":[{"embeddable":true,"href":"https:\/\/granadacostaglobal.es\/index.php?rest_route=\/wp\/v2\/users\/2"}],"replies":[{"embeddable":true,"href":"https:\/\/granadacostaglobal.es\/index.php?rest_route=%2Fwp%2Fv2%2Fcomments&post=35042"}],"version-history":[{"count":0,"href":"https:\/\/granadacostaglobal.es\/index.php?rest_route=\/wp\/v2\/posts\/35042\/revisions"}],"wp:featuredmedia":[{"embeddable":true,"href":"https:\/\/granadacostaglobal.es\/index.php?rest_route=\/"}],"wp:attachment":[{"href":"https:\/\/granadacostaglobal.es\/index.php?rest_route=%2Fwp%2Fv2%2Fmedia&parent=35042"}],"wp:term":[{"taxonomy":"category","embeddable":true,"href":"https:\/\/granadacostaglobal.es\/index.php?rest_route=%2Fwp%2Fv2%2Fcategories&post=35042"},{"taxonomy":"post_tag","embeddable":true,"href":"https:\/\/granadacostaglobal.es\/index.php?rest_route=%2Fwp%2Fv2%2Ftags&post=35042"}],"curies":[{"name":"wp","href":"https:\/\/api.w.org\/{rel}","templated":true}]}}