{"id":34976,"date":"2023-03-01T09:50:25","date_gmt":"2023-03-01T08:50:25","guid":{"rendered":"http:\/\/granadacostanacional.es\/?p=34976"},"modified":"2023-03-01T09:50:25","modified_gmt":"2023-03-01T08:50:25","slug":"silves","status":"publish","type":"post","link":"https:\/\/granadacostaglobal.es\/?p=34976","title":{"rendered":"Silves"},"content":{"rendered":"\n<h2 class=\"has-text-align-center wp-block-heading\">SILVESTRE MART\u00cdNEZ DE HARO<\/h2>\n\n\n\n<p class=\"has-text-align-center\"><strong><em>LA SENSIBILIDAD&nbsp; QUE&nbsp; SE MIMETIZABA CON&nbsp; SU&nbsp; ENTORNO<\/em><\/strong><\/p>\n\n\n\n<p class=\"has-text-align-center\">HOMENAJE A&nbsp; SU MEMORIA<\/p>\n\n\n\n<p class=\"has-text-align-center\">(CUANDO SE CUMPLEN TREINTA&nbsp; A\u00d1OS DE SU DESAPARICI\u00d3N)<\/p>\n\n\n\n<p>Pintor nacido en el municipio de Hu\u00e9rcal-Overa (Almer\u00eda) en 1947 y&nbsp; fallecido prematuramente en el mismo el&nbsp; 27 de abril de 1993.<\/p>\n\n\n\n<p>Estudi\u00f3 en la Escuela Superior \u201cSan Carlos\u201d de Valencia donde se licenci\u00f3 en Bellas Artes. Durante su estancia en esta bella ciudad levantina convivi\u00f3 y o comparti\u00f3 experiencias pict\u00f3ricas con otros artistas de&nbsp; la categor\u00eda de Antonio J. Rojas, el recientemente fallecido Pepe Bernal y Lorenzo Parra.<\/p>\n\n\n\n<p>Silves , junto a los anteriores, adem\u00e1s de&nbsp; Miguel Parra, Emilio Zurita, Jes\u00fas de Haro, Diego Bonillo&nbsp; o Gin\u00e9s Cervantes conforman&nbsp; \u201c El&nbsp; grupo&nbsp; de artistas pict\u00f3ricos m\u00e1s numeroso&nbsp; del&nbsp; \u00faltimo cuarto del siglo XX de&nbsp; Hu\u00e9rcal-Overa\u201d porque nunca se ha dado, en un espacio geogr\u00e1fico y poblacional tan reducido, la confluencia de artistas que han brillado y triunfado con su arte y han formado escuela ya que han seguido proliferando los seguidores de esta modalidad art\u00edstica dentro del \u00e1mbito de los m\u00e1s j\u00f3venes.<\/p>\n\n\n\n<p>Pero a Silvestre Mart\u00ednez de Haro hay que conocerlo, como se refleja en el Diccionario Biogr\u00e1fico de Almer\u00eda, como el \u201cparadigma de la tenacidad y de la m\u00e1s fina sensibilidad humana\u201d pues se trata de un artista polifac\u00e9tico que destilaba una gran&nbsp; versatilidad en los&nbsp; distintos \u00e1mbitos art\u00edsticos en los que desarroll\u00f3 su potencialidad: cofundador de SIPE un grupo con el que rod\u00f3 cortometrajes de gran \u00e9xito y con los que obtuvo menciones y premios gracias a su valor art\u00edstico y documental tales como :\u201dEl maletilla\u201d( a\u00f1o 1964) del que era guionista, director y actor ; \u201cObsesi\u00f3n\u201d( a\u00f1o 1965); \u201cHistoria del arte\u201d ( a\u00f1o 1968)&nbsp; y \u201cSangre de aceituna\u201d(1985).<\/p>\n\n\n\n<p>Como director tuvo la ocasi\u00f3n de montar \u201cLa zapatera prodigiosa\u201d y precisamente se encontraba en el montaje de la comedia \u201cMelocot\u00f3n en alm\u00edbar\u201d con el grupo \u201cAlm\u00edbar silvestre \u201ccuando la muerte le lleg\u00f3 de forma inesperada.<\/p>\n\n\n\n<p>Como escritor, destac\u00f3 en el relato corto donde obtuvo el primer premio Gabriel Espinar 1979 con \u201cEl ni\u00f1o tonto\u201d.<\/p>\n\n\n\n<p>Su esp\u00edritu creativo rezumaba por los poros de su piel y su verdadera pasi\u00f3n era la pintura que realizaba desde que su capacidad para plasmar sus impresiones que entraban por su retina encontraba el lienzo o el papel para tomar forma.<\/p>\n\n\n<div class=\"wp-block-image\">\n<figure class=\"aligncenter size-full\"><img decoding=\"async\" src=\"http:\/\/granadacostanacional.es\/wp-content\/uploads\/2023\/03\/image003.jpg\" alt=\"\" class=\"wp-image-34978\"\/><\/figure><\/div>\n\n\n<p><\/p>\n\n\n\n<p>Incansable investigador de t\u00e9cnicas y f\u00f3rmulas innovadoras busc\u00f3 la formalidad acad\u00e9mica y dej\u00f3 su trabajo para buscarla en el \u00e1mbito universitario donde se pudo enriquecer tanto a nivel personal, con el conocimiento e intercambio de perspectivas con&nbsp; otros artistas, como&nbsp; formativo, merced a la interiorizaci\u00f3n de nuevas t\u00e9cnicas , modelos y corrientes que proporcionaba la universidad.<\/p>\n\n\n\n<div class=\"wp-block-columns is-layout-flex wp-container-4 wp-block-columns-is-layout-flex\">\n<div class=\"wp-block-column is-layout-flow wp-block-column-is-layout-flow\">\n<figure class=\"wp-block-image size-full\"><img decoding=\"async\" src=\"http:\/\/granadacostanacional.es\/wp-content\/uploads\/2023\/03\/image004.jpg\" alt=\"\" class=\"wp-image-34979\"\/><\/figure>\n<\/div>\n\n\n\n<div class=\"wp-block-column is-layout-flow wp-block-column-is-layout-flow\">\n<figure class=\"wp-block-image size-full is-resized\"><img decoding=\"async\" loading=\"lazy\" src=\"http:\/\/granadacostanacional.es\/wp-content\/uploads\/2023\/03\/image005.jpg\" alt=\"\" class=\"wp-image-34981\" width=\"162\" height=\"229\"\/><\/figure>\n<\/div>\n\n\n\n<div class=\"wp-block-column is-layout-flow wp-block-column-is-layout-flow\">\n<figure class=\"wp-block-image size-full\"><img decoding=\"async\" src=\"http:\/\/granadacostanacional.es\/wp-content\/uploads\/2023\/03\/image006.jpg\" alt=\"\" class=\"wp-image-34982\"\/><\/figure>\n<\/div>\n<\/div>\n\n\n\n<div class=\"wp-block-columns is-layout-flex wp-container-7 wp-block-columns-is-layout-flex\">\n<div class=\"wp-block-column is-layout-flow wp-block-column-is-layout-flow\">\n<figure class=\"wp-block-image size-full\"><img decoding=\"async\" src=\"http:\/\/granadacostanacional.es\/wp-content\/uploads\/2023\/03\/image007.jpg\" alt=\"\" class=\"wp-image-34983\"\/><\/figure>\n<\/div>\n\n\n\n<div class=\"wp-block-column is-layout-flow wp-block-column-is-layout-flow\">\n<figure class=\"wp-block-image size-full is-resized\"><img decoding=\"async\" loading=\"lazy\" src=\"http:\/\/granadacostanacional.es\/wp-content\/uploads\/2023\/03\/image009.jpg\" alt=\"\" class=\"wp-image-34984\" width=\"361\" height=\"290\"\/><\/figure>\n<\/div>\n<\/div>\n\n\n\n<p>Silvestre pintaba, expon\u00eda, buscaba la v\u00eda para dar a conocer lo que su pincel sacaba en cada pincelada, en cada trazo, en cada color, de su alma repleta de ideas, sue\u00f1os y realidades.<\/p>\n\n\n\n<p>Porque la pintura de Silves se halla inmersa en una continuada investigaci\u00f3n del medio y de los medios para expresar y dejar su impronta personal en todas y cada una de sus abundantes obras.<\/p>\n\n\n\n<p>El artista tuvo como referente a Miguel Cant\u00f3n Checa, artista de reconocido prestigio, miembro de la Tertulia Indaliana, galerista afamado tanto en Almer\u00eda como en el extranjero. Acaso, cabr\u00eda decir, que de este maestro bebi\u00f3 Silves el amor por el entorno, un medio en el cual destac\u00f3 por la magia de su pincelada a la hora de poner en evidencia el costumbrismo rural del que se le puede considerar maestro.<\/p>\n\n\n\n<div class=\"blockspare-blocks blockspare-masonry-wrapper blockspare-original wp-block-blockspare-blockspare-masonry aligncenter blockspare-8c007c31-659c-4\" blockspare-animation=\"\"><style>.blockspare-8c007c31-659c-4 .blockspare-gutter-wrap{padding-top:0px;padding-right:0px;padding-bottom:0px;padding-left:0px;margin-top:30px;margin-bottom:30px}<\/style><div class=\"has-gutter blockspare-gutter-wrap\"><ul class=\"has-grid-lrg has-gutter-15\"><li class=\"blockspare-gallery-item\"><figure class=\"blockspare-gallery-figure\"><img decoding=\"async\" src=\"http:\/\/granadacostanacional.es\/wp-content\/uploads\/2023\/03\/image010.jpg\" alt=\"\" data-id=\"34985\" data-imglink=\"\" data-link=\"http:\/\/granadacostanacional.es\/?attachment_id=34985\" class=\"wp-image-34985\"\/><\/figure><\/li><li class=\"blockspare-gallery-item\"><figure class=\"blockspare-gallery-figure\"><img decoding=\"async\" src=\"http:\/\/granadacostanacional.es\/wp-content\/uploads\/2023\/03\/image011.jpg\" alt=\"\" data-id=\"34986\" data-imglink=\"\" data-link=\"http:\/\/granadacostanacional.es\/?attachment_id=34986\" class=\"wp-image-34986\"\/><\/figure><\/li><\/ul><\/div><\/div>\n\n\n\n<p>A nivel personal ha quedado patente que el artista pose\u00eda una sensibilidad especial, un alma comprometida con la sociedad de su \u00e9poca, un docente concienciado con el valor de la ense\u00f1anza, con la importancia que la transmisi\u00f3n de valores supone en el ser de todos y cada uno de sus alumnos y alumnas que lo adoraban.<\/p>\n\n\n\n<p>Amigo de sus amigos con quienes compart\u00eda tertulias y confidencias, chascarrillos y experiencias \u00fanicas que enriquec\u00edan su alma so\u00f1adora.<\/p>\n\n\n\n<p>Quer\u00eda y respetaba a Isabel, su esposa conocida en la madurez de su existencia cuando la efervescencia juvenil encuentra ese remanso de pl\u00e1cida mesura, y que fue para \u00e9l el b\u00e1lsamo que&nbsp; lo proteg\u00eda y consent\u00eda como si de una criatura se tratara. Perd\u00eda los vientos por su ni\u00f1a, Mar\u00eda Rosa, que lo transportaba a un mundo pleno de magia e inocencia infantil que calaba en su alma so\u00f1adora como gotas de agua de roc\u00edo al amanecer, induci\u00e9ndole a dar alas a su imaginaci\u00f3n para crear m\u00e1s y mejor.<\/p>\n\n\n\n<div class=\"blockspare-blocks blockspare-masonry-wrapper blockspare-original wp-block-blockspare-blockspare-masonry aligncenter blockspare-540bafc5-be49-4\" blockspare-animation=\"\"><style>.blockspare-540bafc5-be49-4 .blockspare-gutter-wrap{padding-top:0px;padding-right:0px;padding-bottom:0px;padding-left:0px;margin-top:30px;margin-bottom:30px}<\/style><div class=\"has-gutter blockspare-gutter-wrap\"><ul class=\"has-grid-lrg has-gutter-15\"><li class=\"blockspare-gallery-item\"><figure class=\"blockspare-gallery-figure\"><img decoding=\"async\" src=\"http:\/\/granadacostanacional.es\/wp-content\/uploads\/2023\/03\/image013.jpg\" alt=\"\" data-id=\"34987\" data-imglink=\"\" data-link=\"http:\/\/granadacostanacional.es\/?attachment_id=34987\" class=\"wp-image-34987\"\/><\/figure><\/li><li class=\"blockspare-gallery-item\"><figure class=\"blockspare-gallery-figure\"><img decoding=\"async\" src=\"http:\/\/granadacostanacional.es\/wp-content\/uploads\/2023\/03\/image012.jpg\" alt=\"\" data-id=\"34988\" data-imglink=\"\" data-link=\"http:\/\/granadacostanacional.es\/?attachment_id=34988\" class=\"wp-image-34988\"\/><\/figure><\/li><\/ul><\/div><\/div>\n\n\n\n<div style=\"height:14px\" aria-hidden=\"true\" class=\"wp-block-spacer\"><\/div>\n\n\n\n<p>Cuando su tiempo se lo permit\u00eda pintaba y pintaba, en un fluir de sentimientos que plasmaba magistralmente en sus lienzos,&nbsp; desde esa perspectiva de naturalismo entroncado con la tradici\u00f3n m\u00e1s genuina. Porque no se puede obviar, al estudiar la prolija obra de Silves, que su personalidad se ve reflejada en&nbsp; los paisajes de Santop\u00e9tar, poblaci\u00f3n perteneciente al municipio del Taberno, que sirvi\u00f3 de fuente de inspiraci\u00f3n en la \u00faltima etapa de su existencia, donde la musa de su arte era el cortijo abandonado o la planta de la zona.<\/p>\n\n\n\n<p>Estas colecciones lo han consagrado como uno de los autores m\u00e1s cotizados de Hu\u00e9rcal-Overa, encontr\u00e1ndose su obra diseminada por Espa\u00f1a, algunos pa\u00edses de Europa y EE.UU.<\/p>\n\n\n\n<div class=\"blockspare-blocks blockspare-masonry-wrapper blockspare-original wp-block-blockspare-blockspare-masonry aligncenter blockspare-6e36d2e8-bcf2-4\" blockspare-animation=\"\"><style>.blockspare-6e36d2e8-bcf2-4 .blockspare-gutter-wrap{padding-top:0px;padding-right:0px;padding-bottom:0px;padding-left:0px;margin-top:30px;margin-bottom:30px}<\/style><div class=\"has-gutter blockspare-gutter-wrap\"><ul class=\"has-grid-lrg has-gutter-15\"><li class=\"blockspare-gallery-item\"><figure class=\"blockspare-gallery-figure\"><img decoding=\"async\" src=\"http:\/\/granadacostanacional.es\/wp-content\/uploads\/2023\/03\/image014.jpg\" alt=\"\" data-id=\"34989\" data-imglink=\"\" data-link=\"http:\/\/granadacostanacional.es\/?attachment_id=34989\" class=\"wp-image-34989\"\/><\/figure><\/li><li class=\"blockspare-gallery-item\"><figure class=\"blockspare-gallery-figure\"><img decoding=\"async\" src=\"http:\/\/granadacostanacional.es\/wp-content\/uploads\/2023\/03\/image015.jpg\" alt=\"\" data-id=\"34990\" data-imglink=\"\" data-link=\"http:\/\/granadacostanacional.es\/?attachment_id=34990\" class=\"wp-image-34990\"\/><\/figure><\/li><\/ul><\/div><\/div>\n\n\n\n<div style=\"height:100px\" aria-hidden=\"true\" class=\"wp-block-spacer\"><\/div>\n\n\n\n<p>Como resultado de sus innumerables incursiones en la investigaci\u00f3n de nuevos modelos y t\u00e9cnicas, produjo obras de corte impresionista que se ve reflejada en una magn\u00edfica colecci\u00f3n de anilinas que en determinados aspectos nos llevan a rememorar la obra de otro pintor admirado por \u00e9l, el m\u00edtico y poco conocido amigo de Picasso, el zurgenero Gin\u00e9s Parra.<\/p>\n\n\n\n<p>Por ello, al cumplirse este d\u00e9cimo tercer aniversario de su fallecimiento, se vuelve a recordar su obra y la impronta que dej\u00f3 en quienes le conocimos como ser humano y como artista.<\/p>\n\n\n\n<p>ENTREVISTA&nbsp; ISABEL F\u00c1BREGA, LA VIUDA DEL PINTOR.<\/p>\n\n\n\n<p>Hablar con Isabel es toda una experiencia. Cuando habla de Silvestre se le iluminan los ojos, cuando te muestra un cuadro vive en primera persona la experiencia pict\u00f3rica y tiene la habilidad de integrarte en dicha vivencia.<\/p>\n\n\n\n<p>Es, si se me permite decirlo, la fiel guardiana de la obra de su marido. Su casa rezuma arte por todos los rincones; los cuadros se distribuyen profusamente por las paredes, pero sin agolpamiento, dando sensaci\u00f3n de un c\u00e1lido museo donde se rinde homenaje permanente a un artista con el que tuvo&nbsp; la suerte de vivir y del cuya uni\u00f3n naci\u00f3 una hija que sigue los pasos de su padre.<\/p>\n\n\n\n<p>\u201cSilvestre era una persona especial, de gran coraz\u00f3n, de sentimientos profundos, comprometido con quienes le rodaban\u201d, dice cuando se le pregunta por c\u00f3mo era como marido y padre<\/p>\n\n\n\n<p>&nbsp;ENTREVISTA A LA TAMBI\u00c9N ARTISTA Y GALERISTA MAR\u00cdA ROSA MART\u00cdNEZ F\u00c1BREGA, HIJA DEL PINTOR<\/p>\n\n\n\n<ul>\n<li><strong>M\u00aa Rosa, de la obra de tu padre \u00bfQu\u00e9 destacar\u00edas?<\/strong><\/li>\n<\/ul>\n\n\n\n<p>Su humanidad, su pasi\u00f3n&nbsp; y sus ganas de hacer. En sus creaciones pon\u00eda en valor la tradici\u00f3n, elevaba lo cotidiano al nivel de extraordinario. Un cortijo, un campesino trabajando, una ilusi\u00f3n. Mi padre era un materializador de sue\u00f1os desde ni\u00f1o.&nbsp; Creo que es un hecho que se evidencia en los proyectos de cine de SIPE.<\/p>\n\n\n\n<p>Tambi\u00e9n destacar\u00eda la fuerza de la l\u00ednea en sus anilinas y el uso del color de los paisajes, es un hecho que en ocasiones pasa desapercibido pero&nbsp; est\u00e9s donde est\u00e9s sus paisajes captan a la perfecci\u00f3n la luz de Almer\u00eda, es una ventana a los parajes de la provincia.<\/p>\n\n\n\n<p>&#8211; \u00bf<strong>Qu\u00e9 t\u00e9cnica crees podr\u00eda incardinarse m\u00e1s en el arte contempor\u00e1neo por el que t\u00fa has apostado tan insistentemente?<\/strong><\/p>\n\n\n\n<p><strong>\u00c9<\/strong>l en s\u00ed era un artista contempor\u00e1neo, cualquiera de sus obras encajar\u00eda perfectamente a nivel conceptual dentro de la est\u00e9tica m\u00e1s actual y vanguardista. Tanto por la t\u00e9cnica como por la idea, al final, el arte contempor\u00e1neo busca contarnos una idea o hacernos reflexionar sobre un hecho. La obra de mi padre es en s\u00ed misma una declaraci\u00f3n de intenciones.<\/p>\n\n\n\n<p>Probablemente las anilinas, donde desata su parte m\u00e1s canalla, y subversiva. En las anilinas hilaba muy fino y cuanto m\u00e1s las miras m\u00e1s cosas te cuentan. Hay algunas que guardan mensajes encriptados en la propia composici\u00f3n de la imagen.<\/p>\n\n\n\n<ul>\n<li>.<strong>Desde tu perspectiva de artista, olvidando, si se pudiera, el parentesco \u00bfQu\u00e9 destacar\u00edas de su legado pict\u00f3rico y por qu\u00e9?<\/strong><\/li>\n<\/ul>\n\n\n\n<p>Sus paisajes con esa luz y sus colores vibrantes, las manifestaciones del pueblo en obras m\u00e1s antiguas donde remanecen sus ideales y por supuesto tambi\u00e9n las anilinas por una raz\u00f3n en particular&nbsp; y es que \u00e9l se adue\u00f1\u00f3 de un material para hacerlo propio y convertirlo en una t\u00e9cnica.<\/p>\n\n\n\n<p>&nbsp;Mi agradecimiento por los datos aportados.<\/p>\n\n\n\n<p class=\"has-text-align-right\">&nbsp;&nbsp;&nbsp;&nbsp;&nbsp;&nbsp;&nbsp;&nbsp;&nbsp;&nbsp;&nbsp;&nbsp;&nbsp;&nbsp;&nbsp;&nbsp;&nbsp;&nbsp;&nbsp;&nbsp;&nbsp;&nbsp;&nbsp;&nbsp;&nbsp;&nbsp;&nbsp;&nbsp;&nbsp;&nbsp;&nbsp;&nbsp;&nbsp;&nbsp;&nbsp;&nbsp;&nbsp;&nbsp;&nbsp;&nbsp;&nbsp;&nbsp;&nbsp;&nbsp;&nbsp;&nbsp;&nbsp;&nbsp;&nbsp;&nbsp;&nbsp;&nbsp;&nbsp;&nbsp;&nbsp;&nbsp;&nbsp;&nbsp;&nbsp;&nbsp;&nbsp;&nbsp;&nbsp;&nbsp;&nbsp;&nbsp;&nbsp;&nbsp;&nbsp;&nbsp;&nbsp;&nbsp;&nbsp;&nbsp;&nbsp;&nbsp;&nbsp;&nbsp;&nbsp;&nbsp;&nbsp;&nbsp;&nbsp;&nbsp;&nbsp;&nbsp;&nbsp;&nbsp;&nbsp;&nbsp;&nbsp;&nbsp;&nbsp;&nbsp;&nbsp; Ana Mart\u00ednez<\/p>\n\n\n<div class=\"wp-block-image\">\n<figure class=\"alignright size-full is-resized\"><img decoding=\"async\" loading=\"lazy\" src=\"http:\/\/granadacostanacional.es\/wp-content\/uploads\/2023\/01\/ana-martinez-parra.png\" alt=\"\" class=\"wp-image-34420\" width=\"187\" height=\"245\"\/><\/figure><\/div>","protected":false},"excerpt":{"rendered":"<p>SILVESTRE MART\u00cdNEZ DE HARO LA SENSIBILIDAD&nbsp; QUE&nbsp; SE MIMETIZABA CON&nbsp; SU&nbsp; ENTORNO HOMENAJE A&nbsp; SU MEMORIA (CUANDO SE CUMPLEN TREINTA&nbsp;&hellip;<\/p>\n","protected":false},"author":1,"featured_media":34977,"comment_status":"open","ping_status":"open","sticky":false,"template":"","format":"standard","meta":{"om_disable_all_campaigns":false,"_mi_skip_tracking":false,"_monsterinsights_sitenote_active":false,"_monsterinsights_sitenote_note":"","_monsterinsights_sitenote_category":0,"footnotes":""},"categories":[21,27],"tags":[],"aioseo_notices":[],"_links":{"self":[{"href":"https:\/\/granadacostaglobal.es\/index.php?rest_route=\/wp\/v2\/posts\/34976"}],"collection":[{"href":"https:\/\/granadacostaglobal.es\/index.php?rest_route=\/wp\/v2\/posts"}],"about":[{"href":"https:\/\/granadacostaglobal.es\/index.php?rest_route=\/wp\/v2\/types\/post"}],"author":[{"embeddable":true,"href":"https:\/\/granadacostaglobal.es\/index.php?rest_route=\/wp\/v2\/users\/1"}],"replies":[{"embeddable":true,"href":"https:\/\/granadacostaglobal.es\/index.php?rest_route=%2Fwp%2Fv2%2Fcomments&post=34976"}],"version-history":[{"count":0,"href":"https:\/\/granadacostaglobal.es\/index.php?rest_route=\/wp\/v2\/posts\/34976\/revisions"}],"wp:featuredmedia":[{"embeddable":true,"href":"https:\/\/granadacostaglobal.es\/index.php?rest_route=\/wp\/v2\/posts\/34977"}],"wp:attachment":[{"href":"https:\/\/granadacostaglobal.es\/index.php?rest_route=%2Fwp%2Fv2%2Fmedia&parent=34976"}],"wp:term":[{"taxonomy":"category","embeddable":true,"href":"https:\/\/granadacostaglobal.es\/index.php?rest_route=%2Fwp%2Fv2%2Fcategories&post=34976"},{"taxonomy":"post_tag","embeddable":true,"href":"https:\/\/granadacostaglobal.es\/index.php?rest_route=%2Fwp%2Fv2%2Ftags&post=34976"}],"curies":[{"name":"wp","href":"https:\/\/api.w.org\/{rel}","templated":true}]}}