{"id":34973,"date":"2023-02-27T10:01:46","date_gmt":"2023-02-27T09:01:46","guid":{"rendered":"http:\/\/granadacostanacional.es\/?p=34946"},"modified":"2023-02-27T10:01:46","modified_gmt":"2023-02-27T09:01:46","slug":"una-nina-hecha-de-carino","status":"publish","type":"post","link":"https:\/\/granadacostaglobal.es\/?p=34973","title":{"rendered":"UNA NI\u00d1A HECHA DE CARI\u00d1O"},"content":{"rendered":"\n<p class=\"has-text-align-right\"><strong>Entrevista por Alberto Gim\u00e9nez\u00a0<\/strong><\/p>\n\n\n\n<p class=\"has-text-align-right\"><strong>Valencia<\/strong><\/p>\n\n\n\n<p>Antes de entrar en harina el entrevistador quiere descubrir su juego, y avisa que no todas las respuestas le llegan fon\u00e9ticamente o por escrito, piensa que en muchas ocasiones hay que saber leer entre miradas. Y si, de esta forma, has sabido captar alguna respuesta, hay que tener el valor de reflejarla en el trabajo\u2026 tiempo habr\u00e1 para pedir perd\u00f3n si yerras.<\/p>\n\n\n\n<p>No vamos a hablar de la literatura de Carmen, ya es suficientemente conocida y gratamente galardonada, ni siquiera hablaremos de su amor por los animales, aunque he de confesar que ha influido mucho en m\u00ed, a la hora de escribir estas l\u00edneas, me ha hecho pensar c\u00f3mo la ver\u00eda Yasm\u00edn, y as\u00ed es como he querido enfocarlo, porque de ella, a Yasm\u00edn, poco le importar\u00eda si la rima era consonante o asonante, pero s\u00ed enloquecer\u00eda de alegr\u00eda con el cari\u00f1o que ella le daba, cari\u00f1o que me consta que sigue dedic\u00e1ndole a su recuerdo.<\/p>\n\n\n\n<p>Por todo ello me reafirmo en el enunciado del t\u00edtulo de estas l\u00edneas, Carmen es una ni\u00f1a hecha de cari\u00f1o que, como ser humano que es, tendr\u00e1 sus virtudes y sus defectos, aunque de estos \u00faltimos no toca hablar hoy.<\/p>\n\n\n\n<p>Carmen es hija de Dulce Nombre, nacida como ella en Melilla y viuda de un militar de honor, que falleci\u00f3 seg\u00fan nos cuenta la propia Carmen <em>\u00abcontando yo tan solo con dos a\u00f1os y medio\u00bb<\/em> al que, por tanto no tuvo tiempo de conocer.<\/p>\n\n\n\n<p>Por lo que el papel de padre qued\u00f3 reservado a la madre, una mujer, que a juicio de su hija, habr\u00eda que calificarla como de muy guapa. <em>\u00abUn ser irrepetible, parec\u00eda salida de un cuadro de Julio Romero de Torres\u00bb. <\/em>La admiraci\u00f3n por su padre es una constante en su discurso, aunque no lo refleja hablando de sus rasgos f\u00edsicos, algo normalal no haberlo conocido pr\u00e1cticamente<em>. \u00ab<\/em><em>Mi padre era de Extremadura. Lleg\u00f3 destinado a Melilla, vio a mi madre, se enamor\u00f3 de ella, se casaron y all\u00ed permaneci\u00f3 hasta su muerte a la a\u00fan temprana edad de cincuenta y tres <\/em><em>a\u00f1os<\/em><em>\u00bb.<\/em><\/p>\n\n\n\n<p>Pues bien, a esta joven mujer el destino le hab\u00eda reservado los papeles de padre y madre y <em>\u00ab<\/em><em>con solo treinta y ocho a\u00f1os, se hizo cargo de la familia formada por mis tres hermanos mayores: Joaqu\u00edn, diecisiete a\u00f1os, un padre para m\u00ed. Dulce Nombre, quince a\u00f1os, mi segunda madre. Y Angelines, catorce a\u00f1os, de la que aprend\u00ed mucho\u00bb.<\/em> Es as\u00ed como su madre se convirti\u00f3 en cabeza de familia y defendi\u00f3 la posici\u00f3n en que la vida la hab\u00eda dejado con unos rea\u00f1os que hubieran enorgullecido a su difunto marido.<\/p>\n\n\n\n<p>Lo hace con la inestimable ayuda de sus hijos mayores como ha reconocido Carmen, algo que remacha cuando califica las ausencias de su hermano como las aflicciones de su ni\u00f1ez. <em>\u00ab<\/em><em>Mi peor recuerdo se remonta a cuando mi hermano mayor &nbsp;ten\u00eda que partir de Melilla, pasadas sus vacaciones, hacia la Academia General Militar para continuar su formaci\u00f3n como oficial. De hecho, cuando sonaba la sirena del barco anunciando la salida, me pon\u00eda a llorar e, incluso ahora, no puedo o\u00edr esas sirenas porque me retrotraen a las tristes despedidas de quien tanto quer\u00eda y que tantos poemas me ense\u00f1\u00f3 de peque\u00f1a. Descanse en paz tan irrepetible ser\u00bb<\/em>.<\/p>\n\n\n\n<p>Cuando habla de sus padres o de su hermano su tono, su mirada, que se adelantan al significado de sus palabras, desprenden, a juicio de quien escribe, que lo que le un\u00eda con su familia superaba muy de largo los lazos que se circunscriben a una mera inscripci\u00f3n en el Registro Civil, hubo, hay y me aventuro a pronosticar que habr\u00e1, porque eso no se termina con la muerte, un puente de amor inquebrantable entre ellos.<\/p>\n\n\n\n<p>Con su madre la un\u00eda, adem\u00e1s de un gran amor, un lazo de profunda amistad, cosa envidiable y poco frecuente, especialmente en aquel tiempo. Por otra parte a su padre, al recuerdo de su padre, ausente desgraciadamente, le vincula una relaci\u00f3n que creo que se puede definir con una sola palabra: veneraci\u00f3n. Y el recuerdo de esta ausencia que le ha acompa\u00f1ado hasta hoy, y que no dudo que persista encabezando el universo de recuerdos que son el poso de una vida tan densa.<\/p>\n\n\n\n<p>Carmen nace en una <em>\u00abCasa floreciente, ya que mi padre, aparte de oficial de Caballer\u00eda, <\/em><em>era juez militar y director general de una Granja de experimentaci\u00f3n agr\u00edcola\u00bb<\/em>. Am\u00f3 y ama a un padre al que solo conoc\u00eda de o\u00eddas, sab\u00eda de \u00e9l lo que su madre y sus hermanos le hab\u00edan podido contar y muy bueno tuvo que ser lo que le contaron porque su fecunda imaginaci\u00f3n no ha dejado que esos recuerdos se enfr\u00eden.<\/p>\n\n\n\n<p>A pesar de tal carencia, que marca sin dudas la infancia de Carmen, esta afirma estar muy satisfecha de la misma, aunque en su mirada creo adivinar el deseo de vivirla otra vez y no s\u00e9 si es por lo satisfecha que est\u00e1 de ella o porque le apetecer\u00eda variarla en alg\u00fan punto. No s\u00e9 si cambiar\u00eda algo o no, pero la a\u00f1oranza, la nostalgia que refleja su mirada es patente y sobre esto no quiero incidir, no soy un gacetillero que disfruta encajando suposiciones en los silencios de sus interlocutores, es algo tan \u00edntimo, que cuando se pregunta insistentemente, tras los silencios de los interrogados, solo se pueden esperar embustes como respuestas.<\/p>\n\n\n<div class=\"wp-block-image\">\n<figure class=\"aligncenter size-full\"><img decoding=\"async\" src=\"http:\/\/granadacostanacional.es\/wp-content\/uploads\/2023\/02\/DSC00768-2-1.jpg\" alt=\"\" class=\"wp-image-34950\"\/><figcaption class=\"wp-element-caption\"><strong>Carmen Carrasco de ni\u00f1a<\/strong><\/figcaption><\/figure><\/div>\n\n\n<p>La muerte de su padre hace que deban abandonar la granja que este dirig\u00eda y que era donde viv\u00edan, se mudan a <em>\u00ab<\/em><em>un peque\u00f1o chalet, que mand\u00f3 construir mi madre, con un jardincito en donde yo jugaba feliz en compa\u00f1\u00eda de las flores, plantadas por mi madre, de mi perro Tab\u00fa, mis gatos, mi tortuga Cleopatra y mariposas revoloteando, pues siempre he sido muy amante de los animales\u00bb.<\/em><\/p>\n\n\n\n<p>Ese cari\u00f1o por los animales, que no es otra cosa que su ansia por entregar todo ese afecto que rebosa, desembocar\u00e1 en que en el a\u00f1o 2013 ARCADYS (Asociaci\u00f3n para el Respeto y Defensa de los Animales Dom\u00e9sticos y Salvajes) la nombre su Primer Miembro de Honor. \u00bfCu\u00e1ntos nombramientos no le habr\u00eda hecho Yasm\u00edn?<\/p>\n\n\n\n<p>Vive una infancia feliz y, como tal, a\u00f1orada a\u00fan m\u00e1s de lo que quiere reconocer <em>\u00abMe encantaba sentarme en la bifurcaci\u00f3n de las ramas de un ricino, que creci\u00f3 en el jard\u00edn, para leer o jugar con mis mu\u00f1ecas. Mi preferida era una que me hizo mi madre (ten\u00eda manos de hada <\/em><em>y a quien adoraba), cuando yo ten\u00eda cuatro a\u00f1os, llamada Lunita, peque\u00f1a, pizpireta, con grandes ojos expresivos y una trenzas rubias rematadas con lazos de seda. La prefer\u00eda incluso a la Gisela, para m\u00ed, m\u00e1s bonita que la Mariquita P\u00e9rez, aunque no tan famosa\u00bb.<\/em><\/p>\n\n\n\n<p>Esa felicidad, que parte del entorno familiar, ven\u00eda dada por la educaci\u00f3n recibida que la aparta de los sue\u00f1os irreales que la propaganda ha sembrado y siembra en nuestros ni\u00f1os que les incita a la envidia, cuando no a la codicia y que no han encontrado forma de anidar en ella, aunque, como veremos m\u00e1s abajo, Carmen tambi\u00e9n quiso la Luna. <em>\u00ab Era feliz con lo que ten\u00eda, jam\u00e1s ped\u00ed nada que no pudieran darme. Yo me sent\u00eda feliz con que me regalaran un cuento, ya que siempre me ha gustado mucho leer. Las lecturas que acompa\u00f1aron mi infancia fueron los cuentos. Los ilustrados por Freixas eran mis preferidos. Tambi\u00e9n me gustaban mucho los tebeos, el DDT, el Pulgarcito, la revista La Codorniz, cuyo slogan era: La revista m\u00e1s audaz para el lector m\u00e1s inteligente. Y le\u00eda novelas a escondidas de mi madre; eran inofensivas. En general, le\u00eda todo lo que \u201cpillaba\u201d. Por fortuna, a\u00fan conservo alg\u00fan cuento de mi infancia, tal como El pollito P\u00edo-p\u00edo, que fue mi primer cuento\u00bb<\/em>. Es una educaci\u00f3n responsable la que recibe y le acerca (o le incentiva) la lectura, lo que, al leerla ahora a ella, resulta de agradecer.<\/p>\n\n\n<div class=\"wp-block-image\">\n<figure class=\"aligncenter size-full\"><img decoding=\"async\" src=\"http:\/\/granadacostanacional.es\/wp-content\/uploads\/2023\/02\/image011.jpg\" alt=\"\" class=\"wp-image-34951\"\/><figcaption class=\"wp-element-caption\"><em>Carmen de colegiala. <\/em><\/figcaption><\/figure><\/div>\n\n\n<p>Y no est\u00e1 sola en sus juegos, los comparte con sus amigas, de las que destaca a alguna: <em>\u00abrecuerdo con m\u00e1s cari\u00f1o a Estrella y a F\u00e1tima, una ni\u00f1a morita a la que quer\u00eda mucho. Y siempre recordar\u00e9 con mucho amor a mi segunda familia formada por la madre, D\u00f1a. Cruz, el matrimonio Esther y Miguel y los tres hijos que ten\u00edan, de uno de los cuales fui madrina con solo doce a\u00f1os. En aquella familia era una hija m\u00e1s\u00bb<\/em>.<\/p>\n\n\n\n<p>Pero no son estas sus \u00fanicas actividades, <em>\u00abEn verano me llevaban a una playa, \u201cSociedad H\u00edpica Militar\u201d, de la cual mi familia era socia. Era un Balneario precioso: arenas finas y doradas, piscina en forma de tr\u00e9bol, cien casetas, toda clase de deportes, bailes en las noches de verano\u2026 Tambi\u00e9n me llevaban a los bonitos parques \u201cHern\u00e1ndez\u201d y \u201cLobera\u201d o hac\u00edamos divertidas excursiones, andando, con los \u201cmayores\u201d. Y los domingos, al cine a las toleradas\u00bb.<\/em><\/p>\n\n\n\n<p>Al hablar de la radio su mirada destila nostalgia y no es porque ahora no exista ese medio de comunicaci\u00f3n. \u00bfSer\u00e1n seguramente los programas y los personajes lo que a\u00f1ora? <em>\u00abEn casa siempre estaba sonando. Ten\u00edamos una Philips de capilla que, lamentablemente, se sustituy\u00f3 por una \u201cmoderna\u201d de baquelita. Tambi\u00e9n ten\u00edamos un gram\u00f3fono, hoy ambos ser\u00edan una reliquia. \u00a1Qu\u00e9 talento! Yo copiaba de la radio las canciones que luego <\/em><em>cant\u00e1bamos, pues las tres hermanas no lo hac\u00edamos del todo mal. Ahora, mi garganta, despu\u00e9s de cuarenta y dos a\u00f1os de maestra, no est\u00e1 precisamente para cantar \u00f3pera\u00bb<\/em>.<\/p>\n\n\n\n<p>Tambi\u00e9n ten\u00eda sus \u00eddolos musicales <em>\u00abMi cantante favorito era Antonio Mach\u00edn. De hecho, tengo todos sus discos desde el a\u00f1o 1929. \u00c9l fue la banda sonora de mi infancia y adolescencia. Pero tambi\u00e9n me ha gustado mucho la m\u00fasica cl\u00e1sica, los temas orquestales y los ritmos afrocubanos. Tengo cientos de discos\u00bb.<\/em><\/p>\n\n\n\n<p>Y, como no pod\u00eda ser de otro modo, tambi\u00e9n ten\u00edan su <em>ocio productivo<\/em> \u2014claro ejemplo de ox\u00edmoron aunque sea una realidad y algo desconocido en la actualidad\u2014: <em>\u00abTambi\u00e9n entreten\u00eda mis vacaciones de verano haciendo bordados. Cuando miro alguna de las labores que hice, me pregunto: \u00bfY esto lo he hecho yo?\u00bb<\/em><\/p>\n\n\n<div class=\"wp-block-image\">\n<figure class=\"aligncenter size-full\"><img decoding=\"async\" src=\"http:\/\/granadacostanacional.es\/wp-content\/uploads\/2023\/02\/DSC00771-2.jpg\" alt=\"\" class=\"wp-image-34952\"\/><\/figure><\/div>\n\n\n<p>Carmen, como hemos dicho, era una ni\u00f1a llena de cari\u00f1o, a pesar de que lo reparte todos los d\u00edas a manos llenas y sin embargo siempre ten\u00eda el dep\u00f3sito al completo, porque, aunque no quiere confesarme de donde lo sacaba, creo que tiene una m\u00e1quina m\u00e1gica que se lo regenera a medida que lo reparte, \u00bfconoc\u00e9is a alguna persona que se le haya acercado a Carmen para pedirle cualquier cosa y no haya salido con ella envuelta en una sonrisa? y no estoy hablando solamente de los humanos, creo que no hace falta que os recuerde la distinci\u00f3n con que la galardon\u00f3 ARCADYS.<\/p>\n\n\n\n<p>Sus tiempos en el colegio y el mismo centro de ense\u00f1anza, dejaron un grat\u00edsimo recuerdo en ella <em>\u00abCuando tuve edad de ir al colegio, la \u00e9poca m\u00e1s feliz de mi ni\u00f1ez, hice amistad con un grupo entra\u00f1able de amigas que nos llev\u00e1bamos de maravilla. Es una pena que, al terminar mis estudios y ser trasladada fuera de Melilla, perdiera la pista de todas ellas, pero las recuerdo con mucho cari\u00f1o, as\u00ed como a mi Colegio, \u201cSan Vicente de Paul\u201d. Era un colegio especial, regido por las Hijas de la Caridad con normas francesas, al ser su fundador, San Vicente de Paul y Santa Luisa de Marillac, ambos franceses. Para su tiempo, eran unas monjas bastante modernas\u00bb.<\/em><\/p>\n\n\n\n<p>Su mirada, muy brillante, me refrenda que no se est\u00e1 limitando a relatar un recuerdo, est\u00e1 reviviendo algo que marc\u00f3 su vida, algo que extendi\u00f3 los l\u00edmites de su vida, algo que ensanch\u00f3 el campo en el que iba a sembrar su afecto. <em>\u00abEra enorme, como una peque\u00f1a ciudad en donde se acog\u00eda a ni\u00f1os cuyas familias no ten\u00edan posibles y los dejaban all\u00ed internos, educ\u00e1ndose con el alumnado externo, sin diferencia alguna de clases, y d\u00e1ndoles estudios si deseaban seguir su formaci\u00f3n. Cumpl\u00eda asimismo como asilo de ancianos y atend\u00eda a ni\u00f1os lactantes de familias necesitadas\u00bb.<\/em><\/p>\n\n\n\n<p>Se detiene Carmen, suspira y, de pronto, parece como si tratara de recuperar el hilo de la narraci\u00f3n, pero no es cierto, no lo ha perdido, simplemente se ha dado un respiro para digerir los sentimientos que esos recuerdos le despiertan. Creo que desea vivir interiormente alguno de esos recuerdos. Su mirada me lo confirma cuando, tras un breve lapso, vuelve a suspirar antes de proseguir. <em>\u00abMi mejor recuerdo: una preciosa capilla, que presid\u00eda la Virgen de la Medalla Milagrosa, en donde celebr\u00e1bamos todos los actos, misas, comuniones, Mes de Mar\u00eda\u2026 \u00a1C\u00f3mo recuerdo el perfume de las azucenas que adornaban el altar! En dicho mes, le recit\u00e1bamos poes\u00edas a la Virgen, todas vestidas de blanco, con velos blancos, ramos de flores blancas\u2026 y el alma blanca\u00bb.<\/em><\/p>\n\n\n\n<figure class=\"wp-block-image size-full\"><img decoding=\"async\" src=\"http:\/\/granadacostanacional.es\/wp-content\/uploads\/2023\/02\/DSC_0277-2-1.jpg\" alt=\"\" class=\"wp-image-34953\"\/><figcaption class=\"wp-element-caption\"><em>Alberto Gim\u00e9nez\u00a0 y Carmen Carrasco<\/em><\/figcaption><\/figure>\n\n\n\n<p>Es esta una \u00e9poca de inocencia que marcar\u00e1 a Carmen de por vida. <em>\u00abEn cuanto a mi mejor recuerdo de la ni\u00f1ez, sin duda alguna, los a\u00f1os vividos en mi Colegio. Y agradezco a aquellas benditas monjas, con tocas como alas de blancas palomas, la formaci\u00f3n que me dieron y lo feliz que fui en aquel para\u00edso docente al que premiaron con la Medalla de Oro de la Ciudad. Ya no existe como tal y lo han convertido en Centro Asistencial. \u00a1Qu\u00e9 pena!\u00bb<\/em><\/p>\n\n\n\n<p>Su expresi\u00f3n ha variado conforme iba evocando esos recuerdos, su mirada m\u00e1s l\u00edquida y brillante, su voz me confunde porque, al o\u00edr c\u00f3mo est\u00e1 record\u00e1ndolo, me parece escuchar que es la ni\u00f1a la que lo est\u00e1 evocando con un tono de voz tan infantil que es a aquella ni\u00f1a a la que creo ver a esa ni\u00f1a que desgraciadamente no conoc\u00ed.<\/p>\n\n\n\n<p><em>\u00abA\u00fan conservo algunos diplomas que me dieron, bien por aplicaci\u00f3n, bien por alg\u00fan otro m\u00e9rito, hab\u00eda para todo, y las cintas con las medallas de \u201c\u00c1ngel\u201d, cuando \u00e9ramos ni\u00f1as, y de Hijas de Mar\u00eda cuando nos hicimos algo m\u00e1s mayores. Siempre me eleg\u00edan para hacer teatro los fines de curso o en Navidad. Representaba mon\u00f3logos \u00a1en aquellos tiempos!, cantaba y bailaba. \u00a1Habr\u00eda que verme! Pero no conservo ninguna foto\u00bb.<\/em><\/p>\n\n\n\n<p>Aunque en la actualidad no conserve ninguna foto de esa \u00e9poca, no es dif\u00edcil imagin\u00e1rnosla, cantando, bailando representando dicharachera cualquier papel y para inspirarnos no tenemos m\u00e1s que auxiliarnos con su libro \u00abEl canto del cisne\u00bb en el que ya no s\u00e9 si es ella la que colabora con las musas o son estas las que la auxilian a ella, pero en ning\u00fan caso estoy hablando de una o dos musas, porque a su alrededor se han congregado nada menos que: Erato, Polimnia, Tal\u00eda, Melp\u00f3mene y Terps\u00edcore.<\/p>\n\n\n\n<p>He podido fotografiar uno de los diplomas del que adjunto copia fotogr\u00e1fica. Tambi\u00e9n adjunto dos fotograf\u00edas de ella: una de una Carmen muy ni\u00f1a y otra ya m\u00e1s mocita, aunque la foto no ha sabido resistir el paso del tiempo con la entereza de la retratada.<\/p>\n\n\n\n<p><em>\u00abVest\u00edamos de uniforme, cosa que me parece muy bien, ya que as\u00ed nos igual\u00e1bamos todas, aunque antes no hab\u00eda esta estupidez de las \u201cmarcas\u201d. El uniforme era azul de tablas, con cuello duro, un lazo azul y zapatos negros. Luego, nos hac\u00eda mucha ilusi\u00f3n ponernos el vestido \u201cdel domingo\u201d. Era otra forma de vida, m\u00e1s sencilla y conform\u00e1ndonos con todo. \u00c9ramos todas ni\u00f1as de clase media, exentas de presunci\u00f3n\u00bb<\/em><\/p>\n\n\n\n<figure class=\"wp-block-image size-full\"><img decoding=\"async\" src=\"http:\/\/granadacostanacional.es\/wp-content\/uploads\/2023\/02\/DSC_0839-2-1.jpg\" alt=\"\" class=\"wp-image-34954\"\/><figcaption class=\"wp-element-caption\"><em>Carmen Carrasco en A-Rimando junto a Francisco Ponce<\/em><\/figcaption><\/figure>\n\n\n\n<p>Aunque no hubieran marcas s\u00ed que hab\u00edan kioscos y estos contaban con el mismo o m\u00e1s aliciente para los ni\u00f1os que tienen en la actualidad las tiendas de chuches y por muy espiritual que quiera retratar a Carmen no le resultaban indiferentes esos \u00abantros de perdici\u00f3n\u00bb a su paso ante como ella misma nos cuenta. <em>\u00abTodas las tardes iba al colegio comiendo chucher\u00edas de los kioscos, chicle, regaliz, palod\u00fa, pipas\u2026 Si me daban m\u00e1s dinerillo me compraba un merengue de fresa y me iba feliz al colegio, ya que el d\u00eda que no pod\u00eda ir por encontrarme mal, lloraba\u00bb.<\/em><\/p>\n\n\n\n<p>La ni\u00f1a se fue haciendo mayor y ya eran otras las diversiones que buscaba. <em>\u00ab\u00bfQue\u00a0si asist\u00eda a guateques de jovencita? En realidad, en Melilla, ciudad peque\u00f1a pero muy moderna, ten\u00edamos lugares para ir a bailar sin necesidad de organizar guateques. Hab\u00eda bailes a diario todos los veranos en el Club Mar\u00edtimo. En el Balneario de la H\u00edpica, en el Casino Militar y en alg\u00fan otro sitio. Los domingos tocaba una peque\u00f1a orquesta y el resto de la semana pon\u00edan una cinta, de las antiguas redondas, con temas grabados. Creo que tan solo asist\u00ed a dos o tres guateques en casa de alguna amiga por su cumplea\u00f1os\u00bb.<\/em><\/p>\n\n\n\n<p><em>\u00ab\u00bfQu\u00e9 m\u00e1s puedo contarte sobre mi ni\u00f1ez, leitmotiv de esta entrevista? En realidad muchas cosas m\u00e1s pero ya resultar\u00eda una entrevista onerosa. Solo te dir\u00e9 que era una ni\u00f1a so\u00f1adora y, a veces, algo solitaria encerr\u00e1ndome en mi mundo de fantas\u00edas, pidiendo la Luna, como ocurri\u00f3 cuando apenas ten\u00eda unos meses, una noche de verano en que no paraba de llorar, sin saber mi familia qu\u00e9 me pasaba, hasta que con la manita se\u00f1alaba a la Luna porque quer\u00eda que me la dieran\u2026 Y a\u00fan no me la han dado\u2026 Ya desde peque\u00f1a pidiendo imposibles\u00bb.<\/em><\/p>\n\n\n\n<p>Como no deseo que mis preguntas deriven la historia por otros derroteros, que no sea la de una ni\u00f1a so\u00f1adora, que sigue si\u00e9ndolo: ni\u00f1a y so\u00f1adora a la que, en ocasiones, le gustaba internarse en la soledad de sus pensamientos y que gracias a esta introspecci\u00f3n, que ya de ni\u00f1a ejercitaba, hemos conseguido que hoy exista la Carmen literata, a la que tanta gente quiere y admira. Esa ni\u00f1a que sigue so\u00f1ando como cuando era ni\u00f1a, lo hace ahora arropada por una mayor (inmensa) cultura y sabidur\u00eda, con la que sigue brind\u00e1ndonos sus sue\u00f1os en forma de poemas o relatos.<\/p>\n\n\n\n<p>A las pruebas me remito: observen la cantidad de veces que se la busca, yo mismo lo he hecho, para presentar un libro o cualquier otro acto cultural, o para que escriba un pr\u00f3logo o una rese\u00f1a. Peticiones que nunca encuentran un no por respuesta, porque sigue repartiendo su tiempo, su arte, al igual que su cari\u00f1o y su ternura entre todo aquel que se le acerca.<\/p>\n\n\n\n<p>Insisto, Carmen sigue siendo esa ni\u00f1a repleta de ternura, de ternura que ahora envasa en cucuruchos de literatura. Pero hoy no hemos venido a hablar del presente de Carmen Carrasco, aunque para que quienes sientan curiosidad por conocerlo ella misma nos lo define del siguiente tenor. <em>\u00ab\u00bfMi presente? Escribir cuando me apetezca. Leer, devoro los libros. O\u00edr m\u00fasica, que me produce muchas endorfinas. Asistir a los actos literarios que pueda o me apetezca ir. Los viajes <\/em><em>por el extranjero los tengo aparcados. Seguir ayudando en lo que pueda a las ONG con las cuales colaboro y disfrutar de la familia y los amigos, de lo bueno que la vida y la Naturaleza nos brindan y procurar vivir en paz con los dem\u00e1s y conmigo misma\u00bb.<\/em><\/p>\n\n\n\n<p>A lo largo de estos minutos, bastantes, no hemos o\u00eddo que salieran de sus labios &nbsp;una sola queja, ning\u00fan lamento, alg\u00fan descontento, que nos contara algo que le preocupa, que le duele, no, nunca se queja de nada. Y cuando uno detecta que el brillo de su mirada es distinto, que resulta opacado por alguna complicaci\u00f3n y se arriesga a insistirle para saber de ello, lo m\u00e1s que logra es que le responda \u00abla procesi\u00f3n va por dentro\u00bb. Son sus achaques, que debe tenerlos, como cualquier humano, lo \u00fanico que no comparte, lo que se reserva para s\u00ed misma, y procura cubrirlos con una sonrisa, que aunque velada sigue si\u00e9ndolo. Son pocos, si es que los hay, los que la hayan visto con mala cara, antes al contrario procurar\u00e1 ponerse la de los domingos para ir a visitar al amigo enfermo y tratar de levantarle el \u00e1nimo, de aliviarle con sus palabras bals\u00e1micas, aunque ella se est\u00e9 rompiendo por dentro. Antes dijimos que venera a los que partieron, pero sin olvidar nunca a quienes quedaron en el sufrimiento.<\/p>\n\n\n\n<p>Hoy hemos venido a buscar a la ni\u00f1a que hay, que se conserva en Carmen Carrasco, a hablar de la ni\u00f1ez de un ser humano, de una etapa vital que parec\u00eda inexistente cada vez que se hablaba de ella y, por gran literata que sea, hay que pensar que tras esa pluma hay un ser humano, en este caso muy humano, y que merec\u00eda que se sacara a la palestra.<\/p>\n\n\n\n<p>Verdaderamente es una injusticia que a\u00fan no te hayan tra\u00eddo esa Luna que reclamabas cuando solo contabas con unos meses, pero no desesperes querida Carmen que todav\u00eda estamos a tiempo y lo \u00fanico cierto que sabemos sobre la Luna es que no se la dar\u00e1n a quien no la pidi\u00f3. Pero yo, de todas formas, en tu lugar, me registrar\u00eda los bolsillos, no sea cosa de que ya la tengas y no te hayas dado cuenta, porque es muy dif\u00edcil que alguien, sin tenerla, sea capaz de escribir como t\u00fa lo haces, sin haber recibido la luz de Nahiara, que es imposible que se vaya por la vida repartiendo cari\u00f1o con el caudal que ella lo hace, sin una alianza vital con Selene, y que ser\u00eda muy aventurado pensar que se puede mantener la ni\u00f1ez pasados los cuarenta sin estar bendecida por Aysel. En todo caso mira en el buz\u00f3n de tu alma porque estoy segura de que encontrar\u00e1s un mensaje, y no menguante, de Diana. No me puedo creer que la Luna, si te ha visto, no quiera estar contigo.<\/p>\n\n\n\n<p>Para quien espere o\u00edr hablar en estas l\u00edneas de su obra literaria, que ella misma pone al alcance de cualquiera, bien sea con sus libros, con sus charlas o recit\u00e1ndola si hace falta, se ha equivocado de lugar.<\/p>\n\n\n\n<p>Su n\u00f3mina de premios es lo suficientemente elocuente, aunque pienso que se ha quedado corta, pero tiempo habr\u00e1 de rectificar. Y no, no me miren con esa cara, no se extra\u00f1en, porque o no conocen bien a Carmen o es que piensan jubilarla. Ella nunca deja de trabajar, sea en poes\u00eda, en relatos o en alg\u00fan nuevo proyecto, aparte de todos los encargos que sus amigos le hacemos.<\/p>\n\n\n\n<p>Es curioso que en tiempos de <em>influencers y youtubers<\/em> <em>carism\u00e1ticos<\/em>, dicho sea lo de carism\u00e1ticos con todo el sarcasmo de que mi ingenua pluma sea capaz, su serena poes\u00eda que, a pesar del dominio formal de su composici\u00f3n, nunca pierde la humanidad, siempre tiene esa pizca de ternura, de ingenuidad, de inocencia que esa ni\u00f1a, que nunca ha dejado de serlo, le pone, es otra forma m\u00e1s de entregarnos con toda la ternura de la que es capaz, algo suyo, algo que le sale de muy dentro, del alma dir\u00eda yo, si estuviera seguro de que existe. Aunque, tampoco os equivoqu\u00e9is que Carmen tampoco enmudece cuando hay que cantar las cuatro verdades, por \u00e1cidas que puedan resultar.<\/p>\n\n\n\n<p>Llegando, como estamos, al final, me pide, como no pod\u00eda ser menos en alguien tan educado como ella, un espacio para agradecer. A pesar de que se pasa la mitad de la vida dando, se reserva la otra mitad para agradecer que le hayamos dejado que nos d\u00e9. Pero no es m\u00ed a quien le corresponde reprenderla por su desprendimiento, al fin y al cabo no hace m\u00e1s que repartir un apego que nunca se le agota.<\/p>\n\n\n\n<p><em>\u00abAgradezco a mi madre, dulce como su nombre, Dulce Nombre, que cual humilde violeta esparc\u00eda su perfume por doquiera que fue, tanto como hizo por m\u00ed pues a ella se lo debo todo. S\u00e9 que en el Cielo debe ocupar un lugar destacado cerca del Alt\u00edsimo porque fue la bondad como madre, esposa y persona\u00bb.<\/em><\/p>\n\n\n\n<p><em>\u00abAsimismo, le doy gracias a la familia en la que me ha tocado en suerte nacer. A mis sobrinos Carmina, colaboradora indispensable en mi quehacer literario, Manolo y Jes\u00fas, que igualmente me son muy necesarios, as\u00ed como al resto de todos ellos, sobrinos muy queridos para m\u00ed\u00bb.<\/em><\/p>\n\n\n\n<p><em>\u00abGracias a mis buenos amigos y compa\u00f1eros, en especial a D. Jos\u00e9 Segura Haro, presidente del Proyecto Cultural Granada Costa y a toda la familia de este gran Proyecto\u00bb.<\/em><\/p>\n\n\n\n<p><em>\u00abY ya lleg\u00f3 el momento de mi despedida, que voy a tener que \u201cregistrar\u201d: Besets para todos, dese\u00e1ndoos felicidad y muchos \u00e9xitos, tanto en lo personal como escritores o artistas en general\u00bb.<\/em><\/p>\n\n\n\n<p>Que aprendan de ella los de los Oscar, Carmen ha conseguido esa brevedad tan buscada y, visto lo visto, ya desear\u00edan ellos decir tanto con tan pocas palabras.<\/p>\n\n\n\n<p>Deja al final unas sentidas palabras dirigidas a este escribiente y su familia, pero precisamente porque es para m\u00ed y soy quien escribe y, por tanto, quien decide lo que va y lo que no va escribir, sin dejar de agradec\u00e9rselas enorme y eternamente, me las llevo, envueltas en un profundo sentimiento, para guard\u00e1rmelas en el compartimento m\u00e1s profundo de la caja fuerte que es la memoria de un abogado, dejando copia en mi coraz\u00f3n para deleitarme escuch\u00e1ndolas, al comp\u00e1s de cada latido. Ah\u00ed es donde compartir\u00e1n sede con tantos recuerdos como ya guardo de Carmen Carrasco, esa ni\u00f1a hecha de cari\u00f1o que por m\u00e1s que reparta nunca lo agota.<\/p>\n","protected":false},"excerpt":{"rendered":"<p>Entrevista por Alberto Gim\u00e9nez\u00a0 Valencia Antes de entrar en harina el entrevistador quiere descubrir su juego, y avisa que no&hellip;<\/p>\n","protected":false},"author":3,"featured_media":29185,"comment_status":"open","ping_status":"open","sticky":false,"template":"","format":"standard","meta":{"om_disable_all_campaigns":false,"_mi_skip_tracking":false,"_monsterinsights_sitenote_active":false,"_monsterinsights_sitenote_note":"","_monsterinsights_sitenote_category":0,"footnotes":""},"categories":[21],"tags":[],"aioseo_notices":[],"_links":{"self":[{"href":"https:\/\/granadacostaglobal.es\/index.php?rest_route=\/wp\/v2\/posts\/34973"}],"collection":[{"href":"https:\/\/granadacostaglobal.es\/index.php?rest_route=\/wp\/v2\/posts"}],"about":[{"href":"https:\/\/granadacostaglobal.es\/index.php?rest_route=\/wp\/v2\/types\/post"}],"author":[{"embeddable":true,"href":"https:\/\/granadacostaglobal.es\/index.php?rest_route=\/wp\/v2\/users\/3"}],"replies":[{"embeddable":true,"href":"https:\/\/granadacostaglobal.es\/index.php?rest_route=%2Fwp%2Fv2%2Fcomments&post=34973"}],"version-history":[{"count":0,"href":"https:\/\/granadacostaglobal.es\/index.php?rest_route=\/wp\/v2\/posts\/34973\/revisions"}],"wp:featuredmedia":[{"embeddable":true,"href":"https:\/\/granadacostaglobal.es\/index.php?rest_route=\/"}],"wp:attachment":[{"href":"https:\/\/granadacostaglobal.es\/index.php?rest_route=%2Fwp%2Fv2%2Fmedia&parent=34973"}],"wp:term":[{"taxonomy":"category","embeddable":true,"href":"https:\/\/granadacostaglobal.es\/index.php?rest_route=%2Fwp%2Fv2%2Fcategories&post=34973"},{"taxonomy":"post_tag","embeddable":true,"href":"https:\/\/granadacostaglobal.es\/index.php?rest_route=%2Fwp%2Fv2%2Ftags&post=34973"}],"curies":[{"name":"wp","href":"https:\/\/api.w.org\/{rel}","templated":true}]}}