{"id":34970,"date":"2023-02-23T13:50:04","date_gmt":"2023-02-23T12:50:04","guid":{"rendered":"http:\/\/granadacostanacional.es\/?p=34937"},"modified":"2023-02-23T13:50:04","modified_gmt":"2023-02-23T12:50:04","slug":"exposicion-de-pintura-en-la-sala-oasis-de-granada-costa","status":"publish","type":"post","link":"https:\/\/granadacostaglobal.es\/?p=34970","title":{"rendered":"EXPOSICI\u00d3N DE PINTURA EN LA SALA OASIS DE GRANADA COSTA"},"content":{"rendered":"\n<p class=\"has-text-align-center\"><em>La alegor\u00eda de la primavera, de Sandro Botticelli<\/em><\/p>\n\n\n\n<p>El <strong>Proyecto Global de Cultura Granada Costa<\/strong> ha habilitado una sala de exposiciones en la cual se pueden albergar hasta trescientas obras de arte. Esta sala surge con la idea de unificar los cinco continentes en la Costa Tropical de Granada, dado que contamos con las \u00faltimas tecnolog\u00edas y con motivo de hacer grandes exposiciones y proyectos cooperativos.<\/p>\n\n\n\n<p><strong>Esta primera exposici\u00f3n con la tem\u00e1tica de \u201cExplosi\u00f3n Floral\u201d se inaugurar\u00e1 el pr\u00f3ximo 1 de mayo y permanecer\u00e1 abierta hasta el d\u00eda 31 del mismo mes.<\/strong> As\u00ed se har\u00e1 coincidir con el D\u00eda Internacional del Trabajo y de forma m\u00e1s general, con mayo, el mes de las flores.<\/p>\n\n\n\n<p>La exposici\u00f3n est\u00e1 organizada por la <strong>Fundaci\u00f3n Casa Amapola<\/strong> y contaremos con el pintor de reconocido prestigio a nivel mundial, <strong>Chus Pineda, como Comisario de la Muestra<\/strong>.<\/p>\n\n\n\n<p>La Sala de Exposiciones se ubica en: <strong>Avenida de Andaluc\u00eda, n\u00ba 18, Molv\u00edzar, Costa Tropical de Granada<\/strong>. La ubicaci\u00f3n se encuentra a 10 km de Motril, 5 km de Salobre\u00f1a y 17 km de Almu\u00f1\u00e9car, siendo la primera localidad desde el desv\u00edo de la Autov\u00eda de Almer\u00eda-M\u00e1laga.<\/p>\n\n\n\n<p><strong>La exposici\u00f3n ser\u00e1 tanto f\u00edsica como virtual. Todos los cuadros tendr\u00e1n su ficha t\u00e9cnica disponible tanto en la exposici\u00f3n f\u00edsica como en el recorrido virtual.<\/strong> <strong>Habr\u00e1 difusi\u00f3n de la exposici\u00f3n tanto en los peri\u00f3dicos digital y de papel de Granada Costa, as\u00ed como un cat\u00e1logo digital para su difusi\u00f3n.<\/strong><\/p>\n\n\n\n<p><strong>Cada artista que quiera participar podr\u00e1 hacerlo con una o dos obras de arte, siendo el coste para poder participar de 60 \u20ac m\u00e1s IVA por las dos obras.<\/strong><\/p>\n\n\n\n<p><strong>Los interesados pueden ponerse en contacto con el Comisario de la Muestra, Chus Pineda, a trav\u00e9s del tel\u00e9fono 608353993 o con Mar\u00eda del Mar Lopera con el tel\u00e9fono 639004182. El contacto puede ser tanto a trav\u00e9s de llamada como WhatsApp. Ellos son los encargados de proporcionar las bases de participaci\u00f3n a los interesados.<\/strong><\/p>\n","protected":false},"excerpt":{"rendered":"<p>La alegor\u00eda de la primavera, de Sandro Botticelli El Proyecto Global de Cultura Granada Costa ha habilitado una sala de&hellip;<\/p>\n","protected":false},"author":1,"featured_media":34938,"comment_status":"open","ping_status":"open","sticky":false,"template":"","format":"standard","meta":{"om_disable_all_campaigns":false,"_mi_skip_tracking":false,"_monsterinsights_sitenote_active":false,"_monsterinsights_sitenote_note":"","_monsterinsights_sitenote_category":0,"footnotes":""},"categories":[21],"tags":[],"aioseo_notices":[],"_links":{"self":[{"href":"https:\/\/granadacostaglobal.es\/index.php?rest_route=\/wp\/v2\/posts\/34970"}],"collection":[{"href":"https:\/\/granadacostaglobal.es\/index.php?rest_route=\/wp\/v2\/posts"}],"about":[{"href":"https:\/\/granadacostaglobal.es\/index.php?rest_route=\/wp\/v2\/types\/post"}],"author":[{"embeddable":true,"href":"https:\/\/granadacostaglobal.es\/index.php?rest_route=\/wp\/v2\/users\/1"}],"replies":[{"embeddable":true,"href":"https:\/\/granadacostaglobal.es\/index.php?rest_route=%2Fwp%2Fv2%2Fcomments&post=34970"}],"version-history":[{"count":0,"href":"https:\/\/granadacostaglobal.es\/index.php?rest_route=\/wp\/v2\/posts\/34970\/revisions"}],"wp:featuredmedia":[{"embeddable":true,"href":"https:\/\/granadacostaglobal.es\/index.php?rest_route=\/wp\/v2\/posts\/34938"}],"wp:attachment":[{"href":"https:\/\/granadacostaglobal.es\/index.php?rest_route=%2Fwp%2Fv2%2Fmedia&parent=34970"}],"wp:term":[{"taxonomy":"category","embeddable":true,"href":"https:\/\/granadacostaglobal.es\/index.php?rest_route=%2Fwp%2Fv2%2Fcategories&post=34970"},{"taxonomy":"post_tag","embeddable":true,"href":"https:\/\/granadacostaglobal.es\/index.php?rest_route=%2Fwp%2Fv2%2Ftags&post=34970"}],"curies":[{"name":"wp","href":"https:\/\/api.w.org\/{rel}","templated":true}]}}