{"id":34969,"date":"2023-02-23T12:45:28","date_gmt":"2023-02-23T11:45:28","guid":{"rendered":"http:\/\/granadacostanacional.es\/?p=34933"},"modified":"2023-02-23T12:45:28","modified_gmt":"2023-02-23T11:45:28","slug":"presentacion-del-libro-huella-literaria-de-carmen-carrasco-ramos","status":"publish","type":"post","link":"https:\/\/granadacostaglobal.es\/?p=34969","title":{"rendered":"PRESENTACI\u00d3N DEL LIBRO HUELLA LITERARIA DE CARMEN CARRASCO RAMOS"},"content":{"rendered":"\n<p><strong>El pr\u00f3ximo d\u00eda 24 de marzo de 2023, se presentar\u00e1 a las 17 horas, en la Casa de Granada en Madrid (Calle del Doctor Cortezo n\u00ba 17) , el libro Huella Literaria de Carmen Carrasco Ramos.<\/strong><\/p>\n\n\n\n<p>Este libro ya forma parte de la colecci\u00f3n de grandes escritores y poetas que el Proyecto Global de Cultura Granada Costa est\u00e1 llevando a cabo.<\/p>\n\n\n\n<p>A lo largo de todos estos a\u00f1os, se han ido editando libros de grandes personajes que est\u00e1n en nuestra historia. Por destacar algunos, podemos mencionar a Miguel Hern\u00e1ndez, Antonio Machado, Rosal\u00eda de Castro, Santa Teresa de Jes\u00fas, San Juan de la Cruz, Huella Universal de Lorca, B\u00e9cquer, Carlos Ben\u00edtez Villodres, Gloria Fuertes\u2026<\/p>\n\n\n\n<p>Durante una d\u00e9cada, del 2013 al 2023, hemos tenido continuas colaboraciones en nuestro peri\u00f3dico de Do\u00f1a Carmen Carrasco Ramos, independientemente de los libros que ha editado o la gran cantidad de intervenciones en bastantes puntos de nuestra geograf\u00eda espa\u00f1ola de esta gran escritora y poeta.<\/p>\n\n\n\n<p>Nuestro Proyecto ha considerado que Do\u00f1a Carmen Carrasco Ramos pase a la historia de los grandes con este libro homenaje \u201cHuella Literaria de Do\u00f1a Carmen Carrasco Ramos\u201d, que recoge exclusivamente los art\u00edculos y poemas publicados por ella en el peri\u00f3dico Granada Costa m\u00e1s colaboraciones de algunos amigos del Proyecto.<\/p>\n\n\n\n<p>El libro tiene medidas de 17&#215;24 cm., ilustraciones a color, pasta dura con sobrecubierta y un total de 912 p\u00e1ginas.<\/p>\n\n\n\n<p><strong>La presentaci\u00f3n del libro contar\u00e1 con la autora y ser\u00e1 presentado por Jos\u00e9 Segura, Presidente del Proyecto Global de Cultura Granada Costa.<\/strong><\/p>\n\n\n\n<p><strong>Todos los interesados quedan invitados a la presentaci\u00f3n.<\/strong><\/p>\n","protected":false},"excerpt":{"rendered":"<p>El pr\u00f3ximo d\u00eda 24 de marzo de 2023, se presentar\u00e1 a las 17 horas, en la Casa de Granada en&hellip;<\/p>\n","protected":false},"author":3,"featured_media":34934,"comment_status":"open","ping_status":"open","sticky":false,"template":"","format":"standard","meta":{"om_disable_all_campaigns":false,"_mi_skip_tracking":false,"_monsterinsights_sitenote_active":false,"_monsterinsights_sitenote_note":"","_monsterinsights_sitenote_category":0,"footnotes":""},"categories":[21],"tags":[],"aioseo_notices":[],"_links":{"self":[{"href":"https:\/\/granadacostaglobal.es\/index.php?rest_route=\/wp\/v2\/posts\/34969"}],"collection":[{"href":"https:\/\/granadacostaglobal.es\/index.php?rest_route=\/wp\/v2\/posts"}],"about":[{"href":"https:\/\/granadacostaglobal.es\/index.php?rest_route=\/wp\/v2\/types\/post"}],"author":[{"embeddable":true,"href":"https:\/\/granadacostaglobal.es\/index.php?rest_route=\/wp\/v2\/users\/3"}],"replies":[{"embeddable":true,"href":"https:\/\/granadacostaglobal.es\/index.php?rest_route=%2Fwp%2Fv2%2Fcomments&post=34969"}],"version-history":[{"count":0,"href":"https:\/\/granadacostaglobal.es\/index.php?rest_route=\/wp\/v2\/posts\/34969\/revisions"}],"wp:featuredmedia":[{"embeddable":true,"href":"https:\/\/granadacostaglobal.es\/index.php?rest_route=\/wp\/v2\/posts\/34934"}],"wp:attachment":[{"href":"https:\/\/granadacostaglobal.es\/index.php?rest_route=%2Fwp%2Fv2%2Fmedia&parent=34969"}],"wp:term":[{"taxonomy":"category","embeddable":true,"href":"https:\/\/granadacostaglobal.es\/index.php?rest_route=%2Fwp%2Fv2%2Fcategories&post=34969"},{"taxonomy":"post_tag","embeddable":true,"href":"https:\/\/granadacostaglobal.es\/index.php?rest_route=%2Fwp%2Fv2%2Ftags&post=34969"}],"curies":[{"name":"wp","href":"https:\/\/api.w.org\/{rel}","templated":true}]}}