{"id":34946,"date":"2023-01-10T09:54:19","date_gmt":"2023-01-10T08:54:19","guid":{"rendered":"http:\/\/granadacostanacional.es\/?p=34374"},"modified":"2023-01-10T09:54:19","modified_gmt":"2023-01-10T08:54:19","slug":"flor-de-munera-en-pueblos-soveranos-de-espana-lezuza-2","status":"publish","type":"post","link":"https:\/\/granadacostaglobal.es\/?p=34946","title":{"rendered":"FLOR DE MUNERA EN PUEBLOS SOBERANOS DE ESPA\u00d1A LEZUZA"},"content":{"rendered":"\n<p>&lt;Primera visita del ap\u00f3stol San Pablo a este pueblo&gt;<\/p>\n\n\n\n<p>HOMENAJE A LOS APOSTOLES EN EL II MILENIO<\/p>\n\n\n\n<p>POR ENRIQUE MART\u00cdNEZ DE BARRAX &lt;Historiador Universitario&gt;<\/p>\n\n\n\n<p>Repaso mi diario lo he encontrado cambiando y ordenando mi peque\u00f1o estudio, me he detenido minuciosamente al leerlo. Creo que su lectura no ha perdido su compostura, porque se puede leer en mi primer libro \u201cJuventud Renovada en Barrax\u201d, ya que los escrib\u00ed de 14 a 20 a\u00f1os y buscaba mi primer trabajo y, al conseguirlo con un grupo de amigos a celebrarlo en el pueblo vecino Lezuza su fiesta mayor que se celebra en honor de la Virgen de la Cruz, el d\u00eda 2 de mayo, con duraci\u00f3n de cinco d\u00edas: limita geogr\u00e1ficamente con Balazote, el Bonillo, Alcaraz, el Ballestero, Munera y Barrax, donde partimos los cinco j\u00f3venes y hacer la excursi\u00f3n y participar en las fiestas de este hermano pueblo. En mi instancia me intereso por la historia y en mi diario de juventud escribo as\u00ed:<\/p>\n\n\n\n<p>Hemos terminado otra semana de trabajo para descansar y celebrar la fiesta de la Cruz de Mayo, me gusta salir del pueblo, es normal que a mi edad me guste conocer un poco el ambiente en el que vivo y me rodea, y conocer la historia de los pueblos vecinos, ya que no puedo conocer las siete maravillas del mundo. A los j\u00f3venes ya no les gusta llevar boina y el pantal\u00f3n de pana, los domingos es una renovaci\u00f3n constante, tenemos nuestras bicicletas para nuestros cortos desplazamientos de paseo y de trabajo. Nos vestimos ligeramente, sencillos, olvidando un poco la vieja usanza de nuestros padres y abuelos. No es mucho lo que tenemos, pero nosotros y el pueblo hemos empezado a renovarnos, por algo se empieza.<\/p>\n\n\n\n<p>Una ma\u00f1ana de mayo, cuando las espigas de los verdes trigales anuncian el pan blanco para el duro invierno, un grupo de j\u00f3venes vamos de paseo a Lezuza, es la fiesta mayor. Est\u00e1 a unos quince kil\u00f3metros del pueblo, como somos buenas monturas de bicicleta es s\u00f3lo un paseo. Pasando el Cornudillo, paramos en el Cuarto del Hambre* para fumar un pitillo, como son los primeros nos da tos y sacamos un cubo de agua del pozo, que est\u00e1 fresca y muy buena, como para calmar los humos. Al lado del pozo hay unas hierbas bordes, y por la pared se pasea una salamandra.<\/p>\n\n\n\n<p>Llegamos al pueblo felices y contentos, somos cinco amigos y paisanos y nos une una buena amistad. Un pueblo en fiesta, todo es amistad. Llegamos a media ma\u00f1ana, nos dio tiempo de tomar churros con chocolate. Despu\u00e9s el paseo por la plaza, con el ambiente de rifas y juegos, y el tiovivo, que no le dan un respiro. Mientras mis amigos se distraen, me ocupo un poco de la historia del pueblo hermano. El pueblo de Lezuza tiene una rica historia, hablo con la primera autoridad del pueblo, el alcalde, pero no est\u00e1 muy fuerte en historia y nos vamos a ver al cura p\u00e1rroco. El sacerdote me indica de lo que tiene en unos viejos archivos y ordenando papeles escribo\u2026 \u201cEl pueblo de Lezuza: su clima es invierno es muy fr\u00edo, pero tambi\u00e9n m\u00e1s sano; en verano muy caluroso. Su situaci\u00f3n geogr\u00e1fica es inadecuada por estar en una peque\u00f1a ladera, pero su suelo, como casi todo su t\u00e9rmino, es llano; sus calles, de tipo antiguo. Limita con los t\u00e9rminos de Bazalote, Bonillo, Alcaraz, la Roda y Barrax. Situada al oeste de la capital, a unos cuarenta y cinco kil\u00f3metros de la misma. Embellece y alegra su gran vega el r\u00edo Lezuza, que cruza en este t\u00e9rmino; sus aguas le hacen producir mucho, en abundantes cosechas de huerta. Hoy es la fiesta mayor, su patrona, Nuestra Se\u00f1ora de la Cruz, que se celebren siempre en mayo. Por lo que me han dicho y he le\u00eddo, se dice, con acierto, que este pueblo fue fundando por celtiberos, primeros pobladores de Espa\u00f1a, bautiz\u00e1ndole con el nombre de Libisosa. Dominando el mundo por el Imperio Romano, le ocup\u00f3 la suerte de que el viaje que hizo a Espa\u00f1a el emperador Augusto, el a\u00f1o 23a. de C., la visitara apellid\u00e1ndole Forum Augustarum, plaza Augustana. M\u00e1s tarde, en el a\u00f1o 64 de nuestra era cristiana, pas\u00f3 su planta en ente pueblo el ap\u00f3stol San Pablo, crey\u00e9ndose que fue en el primer pueblo que predic\u00f3, convirtiendo a la fe a Pravo, a Xantipa, su mujer, y a otros. Si repasamos un poco la historia, sabemos que San Pablo fue de los muchos perseguidores que los cristianos de los primeros tiempos tuvieron, se destacaba por su fiereza este joven fariseo llamado Saulo, pero cuando en cierta ocasi\u00f3n se dirig\u00eda a Damasco para castigar a unos cristianos recientemente convertidos fue cegado por una luz viv\u00edsima y derribado del caballo; Jes\u00fas se le present\u00f3 en medio de ella y Saulo, atemorizado y arrepentido. Se dispuso a cumplir lo que le ordenara. San Pablo, aunque no est\u00e1 completamente probado, se cree que vino a Espa\u00f1a entre los 63y 67 a\u00f1os, y que ayud\u00f3 a Santiago en su labor cristiana y apost\u00f3lica. Para terminar, se puede decir que, como hijos ilustres, Cayo Libio y Ponciano Quinto, a quienes el emperador Adriano concedi\u00f3 todos los honores p\u00fablicos, erigi\u00e9ndoles una estatua en Tarragona. Santa M\u00e1xima fue hija de este pueblo\u201d.<\/p>\n\n\n\n<p>En su MEMOR\u00c1NDUM al Santo Padre \u201cEl Papa Benedicto XVI \u201c<\/p>\n\n\n\n<p>EDITORIAL GRANADA COSTA PRENSA DE ESPA\u00d1A NACIONAL<\/p>\n","protected":false},"excerpt":{"rendered":"<p>&lt;Primera visita del ap\u00f3stol San Pablo a este pueblo&gt; HOMENAJE A LOS APOSTOLES EN EL II MILENIO POR ENRIQUE MART\u00cdNEZ&hellip;<\/p>\n","protected":false},"author":1,"featured_media":19590,"comment_status":"open","ping_status":"open","sticky":false,"template":"","format":"standard","meta":{"om_disable_all_campaigns":false,"_mi_skip_tracking":false,"_monsterinsights_sitenote_active":false,"_monsterinsights_sitenote_note":"","_monsterinsights_sitenote_category":0,"footnotes":""},"categories":[21,30],"tags":[],"aioseo_notices":[],"_links":{"self":[{"href":"https:\/\/granadacostaglobal.es\/index.php?rest_route=\/wp\/v2\/posts\/34946"}],"collection":[{"href":"https:\/\/granadacostaglobal.es\/index.php?rest_route=\/wp\/v2\/posts"}],"about":[{"href":"https:\/\/granadacostaglobal.es\/index.php?rest_route=\/wp\/v2\/types\/post"}],"author":[{"embeddable":true,"href":"https:\/\/granadacostaglobal.es\/index.php?rest_route=\/wp\/v2\/users\/1"}],"replies":[{"embeddable":true,"href":"https:\/\/granadacostaglobal.es\/index.php?rest_route=%2Fwp%2Fv2%2Fcomments&post=34946"}],"version-history":[{"count":0,"href":"https:\/\/granadacostaglobal.es\/index.php?rest_route=\/wp\/v2\/posts\/34946\/revisions"}],"wp:featuredmedia":[{"embeddable":true,"href":"https:\/\/granadacostaglobal.es\/index.php?rest_route=\/"}],"wp:attachment":[{"href":"https:\/\/granadacostaglobal.es\/index.php?rest_route=%2Fwp%2Fv2%2Fmedia&parent=34946"}],"wp:term":[{"taxonomy":"category","embeddable":true,"href":"https:\/\/granadacostaglobal.es\/index.php?rest_route=%2Fwp%2Fv2%2Fcategories&post=34946"},{"taxonomy":"post_tag","embeddable":true,"href":"https:\/\/granadacostaglobal.es\/index.php?rest_route=%2Fwp%2Fv2%2Ftags&post=34946"}],"curies":[{"name":"wp","href":"https:\/\/api.w.org\/{rel}","templated":true}]}}