{"id":34821,"date":"2023-02-14T09:20:19","date_gmt":"2023-02-14T08:20:19","guid":{"rendered":"http:\/\/granadacostanacional.es\/?p=34821"},"modified":"2023-02-14T09:20:19","modified_gmt":"2023-02-14T08:20:19","slug":"de-la-vida-real","status":"publish","type":"post","link":"https:\/\/granadacostaglobal.es\/?p=34821","title":{"rendered":"DE\u00a0 LA\u00a0 VIDA\u00a0 REAL"},"content":{"rendered":"\n<p><strong>&nbsp;&nbsp; <\/strong>&nbsp;Amelia y Mar\u00eda todos los d\u00edas, y desde hace dos a\u00f1os, a las 12,30&nbsp; en punto salen de su casa camino del comedor parroquial para ocupar un asiento en la mesa y no tener que guardar cola -cada d\u00eda m\u00e1s larga- para poder comer. Es una comida sencilla, humilde, pero \u201cdigna\u201d, dir\u00edamos hoy. Son hermanas gemelas que han cumplido los 80 a\u00f1os y las dos est\u00e1n solteras, y nadie se explica, ni ellas mismas, el porqu\u00e9 no se casaron a pesar de su hermosura y elegancia, cualidades que a\u00fan conservan despu\u00e9s de tantos a\u00f1os pasados; el aseo, el arreglo personal, el vestido y el comportamiento les aporta el resto. Quiz\u00e1s se cumpla en ellas ese dicho tan extendido antes en los pueblos de que \u201clos de a pie no llegaban y los de a caballo se pasaban\u201d. Conservan ese aire de grandes se\u00f1oras de anta\u00f1o, y la merma de su belleza f\u00edsica la compensan con su porte elegante, en parte heredada y en parte aprendida, y cuando salen a la calle podr\u00e1n tener en su interior el coraz\u00f3n doliente pero la fachada siempre compuesta.<\/p>\n\n\n\n<p>Vivieron en un pueblo hasta los 18 a\u00f1os, despu\u00e9s se trasladaron a Granada y viven en una casa de un barrio antiguo donde las casas no tienen ascensor. Llevan una vida sencilla, tan sencilla que para la mayor\u00eda de los mortales es mon\u00f3tona y para algunos insoportable: misa todos los d\u00edas y asistencia a&nbsp; los actos religiosos; visita&nbsp; las exposiciones de pintura y otras artes; asistencia a&nbsp; las numerosas conferencias y a todos esos actos que pasan por culturales. \u201cVamos a todos estos sitios porque nos gusta y adem\u00e1s son gratis, nuestra econom\u00eda no da para otras cosas. No obstante, nuestros vecinos creen que siempre estamos de fiesta y de restaurantes, pues comemos fuera de casa, y llevan raz\u00f3n, pero lo que no saben (tampoco se lo vamos a decir) es que comemos en el restaurante de la \u201cbeneficencia\u201d. Hace a\u00f1os que aprendimos que en la vida es necesario algo de apariencia, pues de lo contrario lo pasar\u00e1s fatal, pues unes a la pobreza el desprecio. Esta es la raz\u00f3n de que recorramos todos los d\u00edas cerca de dos kil\u00f3metros, entre ida y vuelta, para mantenernos lejos de nuestro barrio y poder guardar el secreto de nuestra pobreza que cada d\u00eda va en aumento por los altos precios en que se ha puesto todo. Somos de esos que suelen llamar \u201cpobres vergonzantes\u201d. Seguiremos en el secreto mientras podamos seguir aparentando bienestar y felicidad que con un poco de imaginaci\u00f3n e ilusi\u00f3n se puede conseguir\u201d.<\/p>\n\n\n\n<p>Esto me lo cuenta Amelia que es la que lleva la voz cantante; Mar\u00eda permanece en silencio, pero asintiendo con el movimiento de cabeza y con los gestos, que parece ser m\u00e1s expresiva que con el lenguaje. Les pregunto qu\u00e9 diferencias notorias han observado sobre la situaci\u00f3n de las mujeres entre los reg\u00edmenes que les ha tocado vivir, el autoritario de Franco y el de ahora, que insistentemente todos llaman democracia. Como antes, contesta Amelia:<\/p>\n\n\n\n<p>\u201cLas sociedades no permanecen est\u00e1ticas, evolucionan continuamente, unas veces para mejorar y, otras, para lo contrario. Ahora hay otra cosa, y, si tuviera que escoger me quedo con la anterior, y de ning\u00fan modo me considero una reaccionaria. Los movimientos feministas que han surgido en Espa\u00f1a con la pretensi\u00f3n de defender y promocionar a las mujeres es un puro enga\u00f1o que s\u00f3lo se da en las palabras y en el papel, pero no en la pr\u00e1ctica. Con ministerio o sin \u00e9l nunca ha estado la mujer tan poco valorada y menos a\u00fan protegida. El n\u00famero de violaciones, el maltrato y las muertes en vez de disminuir va en aumento. \u00bfNadie se pregunta por qu\u00e9?<\/p>\n\n\n\n<p>Las que hemos conocido otros tiempos, que los pol\u00edticos de ahora denigran, sabemos bien qu\u00e9 es eso de la libertad. Se siente verg\u00fcenza y asco cuando se oyen a esas mujeres que ahora se sienten \u201cliberadas\u201d y tambi\u00e9n \u201crealizadas\u201d y tienen derechos. \u00bfAcaso es que antes no los ten\u00edan? Qu\u00e9 gran mentira, salvo que estar liberadas y realizadas signifique el derecho a envilecerse. Dudo mucho que a cualquier madre sea del estatus social que sea le guste que su hija se vaya de fiesta y vuelvan al d\u00eda siguiente \u201cborrachas y solas\u201d, y tengan la libertad de tener relaciones sexuales con quien les apetezca y luego vayan a abortar sin el consentimiento de los padres, porque la sanidad p\u00fablica se lo paga. Eso no es libertad sino libertinaje, degeneraci\u00f3n, envilecimiento.<\/p>\n\n\n\n<p>&nbsp; El feminismo no es m\u00e1s que una fea caricatura del llamado \u201cmachismo\u201d y esto traer\u00e1 muchas y muy malas consecuencias. De momento el enfrentamiento entre hombres y mujeres. Se ha abierto&nbsp;&nbsp; la veda, ya se puede ir a la caza del hombre.<\/p>\n\n\n\n<p>&nbsp;&nbsp; Despu\u00e9s de o\u00edr a Amelia me acord\u00e9 de las palabras de aquel duque y pol\u00edtico franc\u00e9s Talleyrand sobre la diferencia o antiparalelismo entre el diplom\u00e1tico y la dama: \u201cSi el diplom\u00e1tico dice s\u00ed, quiere decir quiz\u00e1; si dice quiz\u00e1, quiere decir, no; si dice no, pues no es diplom\u00e1tico. En cuanto a la dama, si dice no, quiere decir, quiz\u00e1; si dice quiz\u00e1, quiere decir, s\u00ed; si dice s\u00ed, pues no es una dama\u201d. Ahora deber\u00edamos preguntarnos \u00bfhay damas en el poder?<\/p>\n\n\n\n<p>&nbsp;&nbsp;&nbsp; Amelia continua con su exposici\u00f3n y dice que, por supuesto, en \u00e9pocas pasadas tambi\u00e9n hab\u00eda podredumbre, pero menos, en absoluto lo podemos llamar hipocres\u00eda, sencillamente se guardaban las formas, hab\u00eda modales, cortes\u00eda y respeto hacia la mujer. Nuestra \u00e9poca se ha hecho grosera; la ordinariez en el hablar, escribir y en el comportamiento se ha hecho habitual, nadie guarda compostura alguna, y en esto no hay distinci\u00f3n entre hombres y mujeres y todo en ese bastardo derecho de \u201clibertad de expresi\u00f3n\u201d. Y no quiero dejar de condenar ese macabro acto de violar las tumbas de los muertos, que no se libra ning\u00fan partido. Hasta los llamados salvajes respetan a los muertos, en Espa\u00f1a, los civilizados no. A mi padre lo mataron en el 36 porque intent\u00f3 defender al cura del pueblo, ese fue su delito y lo asesinaron junto con el cura. Nosotras nunca hemos sentido y menos a\u00fan, manifestado rencor ni venganza para esos criminales, all\u00e1 cada uno con su conciencia.<\/p>\n\n\n\n<p>&nbsp;&nbsp; Amelia se ha quedado mir\u00e1ndome en silencio con un aire de resignada dignidad a la par que femenino. Quiso continuar porque ten\u00eda muchas cosas que decir, pero lo dejamos para otro d\u00eda. Y con la vaga intenci\u00f3n de dejarles un buen sabor de boca le dije que ellas representaban el aut\u00e9ntico car\u00e1cter de la mujer espa\u00f1ola: la fortaleza.<\/p>\n\n\n\n<p>ROGELIO BUSTOS ( 7- febrero -2023)<\/p>\n","protected":false},"excerpt":{"rendered":"<p>&nbsp;&nbsp; &nbsp;Amelia y Mar\u00eda todos los d\u00edas, y desde hace dos a\u00f1os, a las 12,30&nbsp; en punto salen de su&hellip;<\/p>\n","protected":false},"author":1,"featured_media":16441,"comment_status":"open","ping_status":"open","sticky":false,"template":"","format":"standard","meta":{"om_disable_all_campaigns":false,"_mi_skip_tracking":false,"_monsterinsights_sitenote_active":false,"_monsterinsights_sitenote_note":"","_monsterinsights_sitenote_category":0,"footnotes":""},"categories":[21],"tags":[],"aioseo_notices":[],"_links":{"self":[{"href":"https:\/\/granadacostaglobal.es\/index.php?rest_route=\/wp\/v2\/posts\/34821"}],"collection":[{"href":"https:\/\/granadacostaglobal.es\/index.php?rest_route=\/wp\/v2\/posts"}],"about":[{"href":"https:\/\/granadacostaglobal.es\/index.php?rest_route=\/wp\/v2\/types\/post"}],"author":[{"embeddable":true,"href":"https:\/\/granadacostaglobal.es\/index.php?rest_route=\/wp\/v2\/users\/1"}],"replies":[{"embeddable":true,"href":"https:\/\/granadacostaglobal.es\/index.php?rest_route=%2Fwp%2Fv2%2Fcomments&post=34821"}],"version-history":[{"count":0,"href":"https:\/\/granadacostaglobal.es\/index.php?rest_route=\/wp\/v2\/posts\/34821\/revisions"}],"wp:featuredmedia":[{"embeddable":true,"href":"https:\/\/granadacostaglobal.es\/index.php?rest_route=\/"}],"wp:attachment":[{"href":"https:\/\/granadacostaglobal.es\/index.php?rest_route=%2Fwp%2Fv2%2Fmedia&parent=34821"}],"wp:term":[{"taxonomy":"category","embeddable":true,"href":"https:\/\/granadacostaglobal.es\/index.php?rest_route=%2Fwp%2Fv2%2Fcategories&post=34821"},{"taxonomy":"post_tag","embeddable":true,"href":"https:\/\/granadacostaglobal.es\/index.php?rest_route=%2Fwp%2Fv2%2Ftags&post=34821"}],"curies":[{"name":"wp","href":"https:\/\/api.w.org\/{rel}","templated":true}]}}