{"id":34704,"date":"2023-01-30T09:55:44","date_gmt":"2023-01-30T08:55:44","guid":{"rendered":"http:\/\/granadacostanacional.es\/?p=34704"},"modified":"2023-01-30T09:55:44","modified_gmt":"2023-01-30T08:55:44","slug":"carmen-de-burgos-la-colombine","status":"publish","type":"post","link":"https:\/\/granadacostaglobal.es\/?p=34704","title":{"rendered":"CARMEN DE BURGOS: \u201cLA COLOMBINE\u201d"},"content":{"rendered":"<div class=\"wp-block-image\">\n<figure class=\"aligncenter size-full is-resized\"><img decoding=\"async\" loading=\"lazy\" src=\"http:\/\/granadacostanacional.es\/wp-content\/uploads\/2023\/01\/image001.jpg\" alt=\"\" class=\"wp-image-34707\" width=\"215\" height=\"215\"\/><\/figure><\/div>\n\n<div class=\"wp-block-image\">\n<figure class=\"aligncenter size-full\"><img decoding=\"async\" src=\"http:\/\/granadacostanacional.es\/wp-content\/uploads\/2023\/01\/image003.jpg\" alt=\"\" class=\"wp-image-34708\"\/><\/figure><\/div>\n\n\n<p>Escritora almeriense del primer tercio del s.XX, nacida en Rodalquilar, en 1867, perteneciente a la Generaci\u00f3n del 98, amante de su tierra cuyo nombre pase\u00f3 \u00a0all\u00e1 donde tuvo la ocasi\u00f3n de hacerlo gracias al an\u00e1lisis de los hechos acaecidos , tanto buenos como dolorosos a los que trat\u00f3 con una mirada de introspectiva reflexi\u00f3n social\u00a0 del papel de la mujer de su tierra y su tiempo.<\/p>\n\n\n\n<p>Carmen se la debe considerar como una de las grandes figuras de la historia y de la literatura no solo a nivel nacional, tamb\u00eden mundial, por la gran riqueza literaria que explor\u00f3 y atesor\u00f3 a lo largo de su vida.<\/p>\n\n\n\n<p>Se desenvolvi\u00f3 con maestr\u00eda en el mundo del periodismo, el ensayo, como traductora y como pedagoga.<\/p>\n\n\n\n<p>Su filiaci\u00f3n krauista y de convicci\u00f3n republicana la ubic\u00f3 en las principales causas progresista del momento hist\u00f3rico en que\u00a0 vivi\u00f3: la defensa de los derechos de la mujer , los derechos de la infancia, la oposici\u00f3n a la pena de muerte, reivindicaci\u00f3n del sufragio universal y derecho al divorcio\u00a0 .Es creadora en 1920 de Cruzada de la mujer espa\u00f1ola y lleg\u00f3 a presidir la Liga\u00a0 Internacional de Mujeres Ib\u00e9ricas e Hispanoamericanas, aunque jam\u00e1s olvid\u00f3 sus ra\u00edces del sur.<\/p>\n\n\n<div class=\"wp-block-image\">\n<figure class=\"aligncenter size-full is-resized\"><img decoding=\"async\" loading=\"lazy\" src=\"http:\/\/granadacostanacional.es\/wp-content\/uploads\/2023\/01\/image004.jpg\" alt=\"\" class=\"wp-image-34709\" width=\"587\" height=\"434\"\/><\/figure><\/div>\n\n<div class=\"wp-block-image\">\n<figure class=\"aligncenter size-full\"><img decoding=\"async\" src=\"http:\/\/granadacostanacional.es\/wp-content\/uploads\/2023\/01\/image006.jpg\" alt=\"\" class=\"wp-image-34710\"\/><\/figure><\/div>\n\n\n<p>La vida de Carmen fue en s\u00ed misma una via cargada de luces y sombras,amor y desenga\u00f1os.<\/p>\n\n\n\n<p>Se cas\u00f3 con 16 a\u00f1os en contra de la opini\u00f3n de sus padres con Arturo \u00c1lvarez,hijo del gobernador de Almer\u00eda, aunque su matrimonio fracas\u00f3; tuvo tres hijos de los cuales s\u00f3lo sobrevivi\u00f3 una ni\u00f1a ,Maruja.<\/p>\n\n\n\n<p>Ante la insostenible situaci\u00f3n de su via conyugal,abandon\u00f3 todo y march\u00f3 a Madrid dejando atr\u00e1s una sociedad que no la comprend\u00eda. Lleg\u00f3 sin dinero,con su hija peque\u00f1a. Se divorci\u00f3 de su marido. Conoci\u00f3 a Ram\u00f3n G\u00f3mez de la Serna , con quien mantuvo una relacion.<\/p>\n\n\n\n<p>Realiz\u00f3 estudios de magisterio y en 1909 desempe\u00f1\u00f3 el cargo de auxiliar de la Secci\u00f3n de Letras de la Escuela Normal Central de Maestros y la C\u00e1tedra de Econom\u00edia Dom\u00e9stica de la Escuela Superior de Artes Industriales.<\/p>\n\n\n<div class=\"wp-block-image\">\n<figure class=\"aligncenter size-full\"><img decoding=\"async\" src=\"http:\/\/granadacostanacional.es\/wp-content\/uploads\/2023\/01\/image008.jpg\" alt=\"\" class=\"wp-image-34711\"\/><\/figure><\/div>\n\n\n<p>Carmen fue una adelantada a su tiempo,creativa y creadora que supo conjugar&nbsp; su talento literario con su capacidad de lucha por los derechos humanos y de la mujer.<\/p>\n\n\n\n<p>Como escritora produjo obras como: \u201c Los inadaptados\u201d, \u201cLa rampa\u201d,\u201dEl \u00faltimo contrabandista\u201d,\u201dLa mujer fant\u00e1tica\u201d,\u201dQuiero vivir mi vida\u201d,\u00a0\u00a0\u00a0\u00a0<\/p>\n\n\n<div class=\"wp-block-image\">\n<figure class=\"aligncenter size-full\"><img decoding=\"async\" src=\"http:\/\/granadacostanacional.es\/wp-content\/uploads\/2023\/01\/image010.jpg\" alt=\"\" class=\"wp-image-34712\"\/><\/figure><\/div>\n\n\n<p>Pu\u00f1al de claveles\u201d entre otras novelas; reflexiones, de corte feminista, que quedan recogidas en ensayos como:\u201d El divorcio en Espa\u00f1a\u201d,\u201d La mujer en Espa\u00f1a\u201d,\u201d Misi\u00f3n social de la mujer\u201d,\u201d La mujer moderna y sus derechos\u201d .<\/p>\n\n\n\n<p>Tradujo a autores como Tolsoi, Salgari, Wilde, Ruski, France\u2026<\/p>\n\n\n<div class=\"wp-block-image\">\n<figure class=\"aligncenter size-full\"><img decoding=\"async\" src=\"http:\/\/granadacostanacional.es\/wp-content\/uploads\/2023\/01\/image012.jpg\" alt=\"\" class=\"wp-image-34713\"\/><\/figure><\/div>\n\n<div class=\"wp-block-image\">\n<figure class=\"aligncenter size-full\"><img decoding=\"async\" src=\"http:\/\/granadacostanacional.es\/wp-content\/uploads\/2023\/01\/image013.jpg\" alt=\"\" class=\"wp-image-34714\"\/><\/figure><\/div>\n\n\n<p>Fallece en Madrid, en 1932 despu\u00e9s de una vida de compromiso consigo misma y con la sociedad de su tiempo, dejando una estela admirable y digna de resaltar.<\/p>\n\n\n<div class=\"wp-block-image\">\n<figure class=\"aligncenter size-full\"><img decoding=\"async\" src=\"http:\/\/granadacostanacional.es\/wp-content\/uploads\/2023\/01\/image014.jpg\" alt=\"\" class=\"wp-image-34715\"\/><\/figure><\/div>\n\n\n<p class=\"has-text-align-right\">\u00a0\u00a0\u00a0\u00a0\u00a0\u00a0\u00a0\u00a0\u00a0\u00a0\u00a0\u00a0\u00a0\u00a0\u00a0\u00a0\u00a0\u00a0\u00a0\u00a0\u00a0\u00a0\u00a0\u00a0\u00a0\u00a0\u00a0\u00a0\u00a0\u00a0\u00a0\u00a0\u00a0\u00a0\u00a0\u00a0\u00a0\u00a0\u00a0\u00a0\u00a0\u00a0\u00a0\u00a0\u00a0\u00a0\u00a0\u00a0\u00a0\u00a0\u00a0\u00a0<\/p>\n\n\n\n<div class=\"wp-block-columns is-layout-flex wp-container-3 wp-block-columns-is-layout-flex\">\n<div class=\"wp-block-column is-layout-flow wp-block-column-is-layout-flow\" style=\"flex-basis:66.66%\">\n<figure class=\"wp-block-image size-large\"><img decoding=\"async\" src=\"http:\/\/granadacostanacional.es\/wp-content\/uploads\/2021\/06\/Ana-Martinez-Parra-1024x593.jpg\" alt=\"\" class=\"wp-image-28693\"\/><\/figure>\n<\/div>\n\n\n\n<div class=\"wp-block-column is-vertically-aligned-center is-layout-flow wp-block-column-is-layout-flow\" style=\"flex-basis:33.33%\">\n<p class=\"has-text-align-center\">Ana Mart\u00ednez Parra<\/p>\n<\/div>\n<\/div>\n","protected":false},"excerpt":{"rendered":"<p>Escritora almeriense del primer tercio del s.XX, nacida en Rodalquilar, en 1867, perteneciente a la Generaci\u00f3n del 98, amante de&hellip;<\/p>\n","protected":false},"author":2,"featured_media":34716,"comment_status":"open","ping_status":"open","sticky":false,"template":"","format":"standard","meta":{"om_disable_all_campaigns":false,"_mi_skip_tracking":false,"_monsterinsights_sitenote_active":false,"_monsterinsights_sitenote_note":"","_monsterinsights_sitenote_category":0,"footnotes":""},"categories":[21],"tags":[],"aioseo_notices":[],"_links":{"self":[{"href":"https:\/\/granadacostaglobal.es\/index.php?rest_route=\/wp\/v2\/posts\/34704"}],"collection":[{"href":"https:\/\/granadacostaglobal.es\/index.php?rest_route=\/wp\/v2\/posts"}],"about":[{"href":"https:\/\/granadacostaglobal.es\/index.php?rest_route=\/wp\/v2\/types\/post"}],"author":[{"embeddable":true,"href":"https:\/\/granadacostaglobal.es\/index.php?rest_route=\/wp\/v2\/users\/2"}],"replies":[{"embeddable":true,"href":"https:\/\/granadacostaglobal.es\/index.php?rest_route=%2Fwp%2Fv2%2Fcomments&post=34704"}],"version-history":[{"count":0,"href":"https:\/\/granadacostaglobal.es\/index.php?rest_route=\/wp\/v2\/posts\/34704\/revisions"}],"wp:featuredmedia":[{"embeddable":true,"href":"https:\/\/granadacostaglobal.es\/index.php?rest_route=\/"}],"wp:attachment":[{"href":"https:\/\/granadacostaglobal.es\/index.php?rest_route=%2Fwp%2Fv2%2Fmedia&parent=34704"}],"wp:term":[{"taxonomy":"category","embeddable":true,"href":"https:\/\/granadacostaglobal.es\/index.php?rest_route=%2Fwp%2Fv2%2Fcategories&post=34704"},{"taxonomy":"post_tag","embeddable":true,"href":"https:\/\/granadacostaglobal.es\/index.php?rest_route=%2Fwp%2Fv2%2Ftags&post=34704"}],"curies":[{"name":"wp","href":"https:\/\/api.w.org\/{rel}","templated":true}]}}