{"id":34690,"date":"2023-01-26T18:54:57","date_gmt":"2023-01-26T17:54:57","guid":{"rendered":"http:\/\/granadacostanacional.es\/?p=34690"},"modified":"2023-01-26T18:54:57","modified_gmt":"2023-01-26T17:54:57","slug":"vii-certamen-nacional-de-microrrelato-y-poesia-granada-costa-para-ninos-as-escritora-y-poeta-carmen-carrasco-ramos","status":"publish","type":"post","link":"https:\/\/granadacostaglobal.es\/?p=34690","title":{"rendered":"VII CERTAMEN NACIONAL DE MICRORRELATO Y POES\u00cdA GRANADA COSTA PARA NI\u00d1OS\/AS \u201cESCRITORA Y POETA CARMEN CARRASCO RAMOS\u201d"},"content":{"rendered":"\n<p>Queridos ni\u00f1os y ni\u00f1as, os invitamos a participar en este VII certamen de microrrelato y poes\u00eda que convoca el Proyecto de Cultura Granada Costa a trav\u00e9s de su Academia de las Ciencias, Bellas Artes y Buenas Letras en colaboraci\u00f3n con la escritora y poeta Carmen Carrasco Ramos. En este Certamen ser\u00e1n premiadas seis obras, tres en cada categor\u00eda, y os haremos part\u00edcipes de la gala m\u00e1s importante de nuestro Proyecto que celebraremos en el \u00faltimo trimestre de 2023 en Madrid. All\u00ed entregamos nuestros galardones en las siguientes categor\u00edas: Premios Humanidades, Premios S\u00f3crates, Premios Cala, y los premiados en el VII Certamen de Poes\u00eda y Microrrelato para ni\u00f1os.<\/p>\n\n\n\n<p>Todo esto lo hacemos con un \u00fanico objetivo, difundir la cultura y al mismo tiempo, poder compartir un d\u00eda con todos los premiados.<\/p>\n\n\n\n<p>Este Certamen, como pod\u00e9is comprobar, es el VII que organiza nuestro Proyecto junto a Carmen Carrasco. Anteriormente se han organizado seis con gran \u00e9xito. Solamente nos queda desear que particip\u00e9is con ilusi\u00f3n en este Certamen y disfrut\u00e9is escribiendo las poes\u00edas y microrrelatos.<\/p>\n\n\n\n<p>Desde el Proyecto Global de Cultura Granada Costa, a trav\u00e9s de su Academia de las Ciencias, Bellas Artes y Buenas Letras, y con motivo de difundir la literatura, se convoca el VII Certamen Nacional de Microrrelato y Poes\u00eda Granada Costa para ni\u00f1os\/as de 8 a 15 a\u00f1os \u201cEscritora y Poeta Carmen Carrasco Ramos\u201d<\/p>\n\n\n\n<p><strong>BASES DEL CERTAMEN<\/strong><\/p>\n\n\n\n<p>1) Podr\u00e1n participar todos los ni\u00f1os\/as del territorio nacional que lo deseen con un solo microrrelato o poema (escrito en castellano). El tema ser\u00e1 libre.<\/p>\n\n\n\n<p>2) El microrrelato o poema deber\u00e1 ser in\u00e9dito y escrito en formato DIN A4 por quintuplicado, a doble espacio y por una sola cara. La poes\u00eda tendr\u00e1 un m\u00ednimo de 12 versos y un m\u00e1ximo de 50. El microrrelato tendr\u00e1 un m\u00ednimo de 200 y un m\u00e1ximo de 500 palabras.<\/p>\n\n\n\n<p>3) Cada ni\u00f1o\/a presentar\u00e1 un \u00fanico trabajo que ser\u00e1 firmado con un pseud\u00f3nimo, el cual figurar\u00e1 en la cara exterior de un sobre cerrado, en cuyo interior deber\u00e1 ir el nombre y direcci\u00f3n del ni\u00f1o\/ni\u00f1a, su edad, n\u00famero de tel\u00e9fono y correo electr\u00f3nico de contacto. Tambi\u00e9n figurar\u00e1 el nombre del colegio al que pertenece. En el caso de que el ni\u00f1o\/a se presente a microrrelato y poes\u00eda, sus obras deber\u00e1n ser enviadas en sobres separados con las normas anteriormente especificadas.<\/p>\n\n\n\n<p>4) Todos los trabajos deben remitirse al Proyecto Global de Cultura Granada Costa. Avenida de Andaluc\u00eda, 18. 2\u00aa planta. 18611- Molv\u00edzar \u2013 Costa Tropical \u2013 Granada (Espa\u00f1a).<\/p>\n\n\n\n<p>5) Premios: Habr\u00e1 tres categor\u00edas separadas por edades, con sus respectivos premios:<\/p>\n\n\n\n<p>\u2013 8 y 9 a\u00f1os.<\/p>\n\n\n\n<p>\u2013 10, 11 y 12 a\u00f1os.<\/p>\n\n\n\n<p>\u2013 13, 14 y 15 a\u00f1os.<\/p>\n\n\n\n<figure class=\"wp-block-image size-full\"><img decoding=\"async\" src=\"http:\/\/granadacostanacional.es\/wp-content\/uploads\/2023\/01\/Programa-certamen-ninos-2023-l.jpg\" alt=\"\" class=\"wp-image-34691\"\/><\/figure>\n\n\n\n<p><\/p>\n\n\n\n<p>El Premio consiste, en cada una de las seis categor\u00edas: en una tablet, m\u00e1s diploma acreditativo del premio. Recibir\u00e1n tambi\u00e9n un lote con libros de la autora Carmen Carrasco Ramos.<\/p>\n\n\n\n<p>Adem\u00e1s, los no residentes en Madrid, disfrutar\u00e1n de una noche de hotel para dos personas en Madrid el d\u00eda de entrega de los premios. Con los poemas y microrrelatos ganadores, m\u00e1s los finalistas que el jurado acuerde, se editar\u00e1 un libro con un m\u00ednimo de 120 p\u00e1ginas y en las medidas 15 x 21 cm., reparti\u00e9ndose 20 ejemplares a cada ganador\/a y 5 ejemplares a los\/as finalistas, m\u00e1s 20 ejemplares para cada colegio de los\/as ni\u00f1os\/as ganadores\/as.<\/p>\n\n\n\n<p>6) El d\u00eda 15 de junio de 2023 finaliza el plazo de admisi\u00f3n de los trabajos.<\/p>\n\n\n\n<p>7) El fallo del jurado se har\u00e1 p\u00fablico el d\u00eda 30 de agosto de 2023 en la p\u00e1gina web de Granada Costa, <strong>www.granadacostanacional.es<\/strong> y en el peri\u00f3dico de \u00e1mbito nacional Granada Costa. Para m\u00e1s informaci\u00f3n, tienen a su disposici\u00f3n el correo electr\u00f3nico fundacion@granadacosta.net.<\/p>\n\n\n\n<p>8) Los premios se entregar\u00e1n en una gala que se celebrar\u00e1 en el \u00faltimo trimestre de 2023 en Madrid, y los recibir\u00e1n de manos de la escritora y poeta Do\u00f1a Carmen Carrasco Ramos.<\/p>\n\n\n\n<p>9) El fallo ser\u00e1 inapelable quedando las obras premiadas en propiedad del Proyecto Global de Cultura Granada Costa y reserv\u00e1ndose el derecho de editarlas o difundirlas en sus medios de comunicaci\u00f3n. Las no premiadas ser\u00e1n destruidas.<\/p>\n\n\n\n<p>10) Los ni\u00f1os ganadores se comprometen a asistir al acto de entrega del premio en compa\u00f1\u00eda de un familiar o tutor.<\/p>\n\n\n\n<p>11) El jurado estar\u00e1 presidido por Do\u00f1a Carmen Carrasco Ramos, Delegada Global de Poes\u00eda de Granada Costa, y cinco vocales de reconocido prestigio po\u00e9tico de diferentes provincias de Espa\u00f1a, que ser\u00e1n los encargados de puntuar las obras recibidas.<\/p>\n","protected":false},"excerpt":{"rendered":"<p>Queridos ni\u00f1os y ni\u00f1as, os invitamos a participar en este VII certamen de microrrelato y poes\u00eda que convoca el Proyecto&hellip;<\/p>\n","protected":false},"author":2,"featured_media":34692,"comment_status":"open","ping_status":"open","sticky":false,"template":"","format":"standard","meta":{"om_disable_all_campaigns":false,"_mi_skip_tracking":false,"_monsterinsights_sitenote_active":false,"_monsterinsights_sitenote_note":"","_monsterinsights_sitenote_category":0,"footnotes":""},"categories":[21,30],"tags":[],"aioseo_notices":[],"_links":{"self":[{"href":"https:\/\/granadacostaglobal.es\/index.php?rest_route=\/wp\/v2\/posts\/34690"}],"collection":[{"href":"https:\/\/granadacostaglobal.es\/index.php?rest_route=\/wp\/v2\/posts"}],"about":[{"href":"https:\/\/granadacostaglobal.es\/index.php?rest_route=\/wp\/v2\/types\/post"}],"author":[{"embeddable":true,"href":"https:\/\/granadacostaglobal.es\/index.php?rest_route=\/wp\/v2\/users\/2"}],"replies":[{"embeddable":true,"href":"https:\/\/granadacostaglobal.es\/index.php?rest_route=%2Fwp%2Fv2%2Fcomments&post=34690"}],"version-history":[{"count":0,"href":"https:\/\/granadacostaglobal.es\/index.php?rest_route=\/wp\/v2\/posts\/34690\/revisions"}],"wp:featuredmedia":[{"embeddable":true,"href":"https:\/\/granadacostaglobal.es\/index.php?rest_route=\/"}],"wp:attachment":[{"href":"https:\/\/granadacostaglobal.es\/index.php?rest_route=%2Fwp%2Fv2%2Fmedia&parent=34690"}],"wp:term":[{"taxonomy":"category","embeddable":true,"href":"https:\/\/granadacostaglobal.es\/index.php?rest_route=%2Fwp%2Fv2%2Fcategories&post=34690"},{"taxonomy":"post_tag","embeddable":true,"href":"https:\/\/granadacostaglobal.es\/index.php?rest_route=%2Fwp%2Fv2%2Ftags&post=34690"}],"curies":[{"name":"wp","href":"https:\/\/api.w.org\/{rel}","templated":true}]}}