{"id":34671,"date":"2023-01-26T11:59:53","date_gmt":"2023-01-26T10:59:53","guid":{"rendered":"http:\/\/granadacostanacional.es\/?p=34671"},"modified":"2023-01-26T11:59:53","modified_gmt":"2023-01-26T10:59:53","slug":"las-nuevas-familias-son-una-respuesta-politacmente-correcta","status":"publish","type":"post","link":"https:\/\/granadacostaglobal.es\/?p=34671","title":{"rendered":"\u00bfLAS NUEVAS FAMILIAS SON UNA RESPUESTA POLITACMENTE CORRECTA?"},"content":{"rendered":"\n<p>  <img decoding=\"async\" class=\"wp-image-29828\" style=\"width: 150px;\" src=\"http:\/\/granadacostanacional.es\/wp-content\/uploads\/2021\/10\/tello.jpg\" alt=\"\">   Dra Carme Tello<\/p>\n\n\n\n<p class=\"has-text-align-justify\">Los seres humanos desde antes del nacimiento establecemos un vinculo afectivo con nuestra madre. Las l\u00edneas de investigaci\u00f3n, (biol\u00f3gicas, gen\u00e9ticas, hormonales), sugieren que para el buen desarrollo som\u00e1tico, cognitivo, psico-emocional, conductual y sexual del beb\u00e9, est\u00e1 ligado a que pueda o no establecer un vinculo afectivo positivo con su cuidador principal.<\/p>\n\n\n\n<p class=\"has-text-align-justify\">Especial atenci\u00f3n se deba dar a la trascendencia y la relevancia del establecimiento del apego en&nbsp; los 3 primeros a\u00f1os de vida y m\u00e1s especialmente los 6 primeros meses. Durante este periodo van a producirse muchas modificaciones tanto en el bebe como en la madre y su pareja. Los padres est\u00e1n iniciando esta nueva forma de relaci\u00f3n afectiva y las relaciones de pareja van a verse modificadas por la aparici\u00f3n del beb\u00e9. Este factor normal de estr\u00e9s pueden verse incrementado cuando hay alg\u00fan factor de riesgo a\u00f1adido, ya sea por enfermedad tanto del ni\u00f1o como de los progenitores o por factores socio-familiares adversos que puedan dificultar o interferir el establecimiento de dichos lazos afectivos.<\/p>\n\n\n\n<p class=\"has-text-align-justify\">Tiene especial inter\u00e9s en cuanto a prevenci\u00f3n en el caso de bebes prematuros. Hay m\u00faltiples trabajos que han hecho estudios con ni\u00f1os prematuros que revelan la importancia de intervenciones para estrechar v\u00ednculos afectivos y los buenos resultados en el seguimiento a medio y largo plazo. El nacimiento beb\u00e9 implica normalmente un cambio muy importante en la relaci\u00f3n afectiva de la pareja, porque incrementa una situaci\u00f3n \u201cnormal\u201d de estr\u00e9s en los nuevos padres. Otros factores pueden ser derivados&nbsp; de factores de riesgo en el periodo perinatal, (prematuridad, problemas neurol\u00f3gicos o f\u00edsicos derivados del parto u otro tipo de enfermedades que pueda tener en beb\u00e9) o por factores socio-familiares adversos, porque pueden&nbsp; dificultar o interferir el establecimiento de un apego seguro. Tambi\u00e9n es importante el papel que los factores culturales especialmente en emigrantes de culturas y religiones muy diferentes a las nuestras.<\/p>\n\n\n\n<p class=\"has-text-align-justify\">Los cambios sufridos por la sociedad espa\u00f1ola han hecho que la familia tradicional: padre, madre hijos\/as, este dejando paso a otros tipos como las monoparentales (padre-hijo\/a, o madre-hijo\/a) derivadas tanto por situaciones de divorcio o separaci\u00f3n o ligadas a nuevas formas de concepci\u00f3n en las que se asumen en solitario la maternidad o paternidad o las formadas por parejas de tipo homosexual padre-padre hijo\/a, madre-madre hijo\/a.<\/p>\n\n\n\n<p class=\"has-text-align-justify\">Nuevas formas de concepci\u00f3n, especialmente la maternidad subrogada nos pueden plantear muchas dudas. Este tipo de maternidad no tiene nada que ver con la fecundaci\u00f3n in vitro (aunque tanto el ovulo como el esperma no sean de la madre gestante), dado que, al nacer,&nbsp; la madre se har\u00e1 cargo del beb\u00e9. Tampoco con la adopci\u00f3n. Cuando una madre tiene que dar en adopci\u00f3n a su beb\u00e9 por diferentes tipos de problemas, en \u00faltima instancia se desea un bien para el beb\u00e9.&nbsp; Pero en el tema sobre las consecuencias y efectos que la maternidad subrogada va a tener sobre el beb\u00e9 y en su desarrollo, especialmente a la llegada a la etapa de la adolescencia, actualmente carecemos de suficiente casu\u00edstica para poder dar una opini\u00f3n . Lo que si podemos constatar es que parecen existir sutiles l\u00edneas de&nbsp; confusi\u00f3n, derivadas del matiz ideol\u00f3gico de sus defensores y retractares de la misma.&nbsp; La cuesti\u00f3n es preguntarnos en qu\u00e9 medida se prioriza el inter\u00e9s de los futuros padres y madres sobre el inter\u00e9s superior del menor. Se puede plantear de muchas formas el tema de la maternidad subrogada, pero en la gran mayor\u00eda de casos se trata de una compra venda. Si la literatura se\u00f1ala la importancia de la vinculaci\u00f3n afectiva que hace la madre con el feto para su correcto desarrollo&nbsp; durante todo el embarazo, la pregunta es: \u00bfQu\u00e9 tipo de vinculaci\u00f3n afectiva puede establecer una mujer cuando sabe que en su vientre est\u00e1 gestando un&nbsp; producto a vender?.<\/p>\n\n\n\n<p class=\"has-text-align-justify\">Con frecuencia se tiende a olvidar que el beb\u00e9, el ni\u00f1o\/a,&nbsp; no es un objet\u00f3 de pertenencia ni una moneda de cambio. El maltrato infantil y adolescente es una lacra que se da en todos los tipos de familia, no solamente en la tradicional, ni en las que presentan distocias sociales o econ\u00f3micas. Como dijo Tolstoi: <em>&#8220;Todas las familias felices se parecen entre s\u00ed; las infelices son desgraciadas en su propia manera&#8221;.<\/em> Del mismo modo, los maltratos, negligencias y abusos sexuales infantiles presentan diferentes maneras de adaptaci\u00f3n a las modificaciones sociales en las que vivimos. Y las m\u00e1s sutiles de todas quiz\u00e1s sean&nbsp; les que est\u00e1n ligadas a los nuevos tipos de filiaci\u00f3n, la ya citada maternidad subrogada, pero tambi\u00e9n las adopciones y la protecci\u00f3n de los ni\u00f1os desamparados especialmente los que sufren alg\u00fan tipo de discapacidad.<\/p>\n\n\n\n<p class=\"has-text-align-justify\">La maternidad y paternidad no es solamente cubrir la necesidad que los seres humanos tienen, totalmente licitas y normales, de poder transcender y tener una continuidad vital y social. Sus funciones b\u00e1sicas no son solamente la responsabilidad de la alimentaci\u00f3n y de los&nbsp; cuidados externos de los hijo\/as,&nbsp; sino los relativos a facilitarles una vinculaci\u00f3n emocional segura que les facilite poder desarrollar sus capacidades para&nbsp; convertirse en ciudadanos y ciudadanas asertivos con ellos mismos y emp\u00e1ticos con los dem\u00e1s. Ser padre o madre implica una vinculo con el hijo\/a a lo largo de toda la vida hasta la muerte.&nbsp; Si es cierto, como dec\u00eda antes,&nbsp; que metaf\u00f3ricamente nunca termina de cortarse el cord\u00f3n umbilical, tambi\u00e9n lo es que ese hijo\/a van&nbsp; a ser una persona diferente a sus progenitores, con una conciencia y capacidad de pensar propia, tambi\u00e9n lo es que esa capacidad de&nbsp; decidir estar\u00e1 mediatizad por el tipo de vinculo afectivo que sus progenitores le hayan transmitido. Una vinculaci\u00f3n de tipo inseguro (evitando las emociones&nbsp; para evitar la ansiedad pero que repercute negativamente en el establecimiento de las relaciones inter personales o justamente lo contrario, excesivamente preocupado en b\u00fasqueda de una seguridad inalcanzable) o en el peor de los casos desorganizada (ligada a ni\u00f1o y ni\u00f1as que desde edades muy tempranas y de manera continuada, han padecido situaciones traum\u00e1ticas de malos tratos y abusos sexuales), conlleva a que de no existir elementos de resiliencia, van a repetir esas situaciones de maltrato, negligencia y abusos sexual en sus propios hijos.<\/p>\n\n\n\n<p class=\"has-text-align-justify\">Cuando este ni\u00f1o\/a o adolescente debe ser separado de su n\u00facleo familiar como mediad de protecci\u00f3n, \u00bfse tiene en cuenta su inter\u00e9s superior?. &nbsp;Muchas veces no se tiene en cuenta el sabio consejo de <em>primum non nocere<\/em> (primero no hacer da\u00f1o). El no evaluar correctamente el c\u00f3mo se hace la separaci\u00f3n e ingreso en el centro de protecci\u00f3n, &nbsp;ni como se estable la relaci\u00f3n del menor con sus padres durante el ingreso y cuando salga del mismo, puede ser muy nocivo y terminar generando el efecto contrario que se deseaba al aplicar la normativa de protecci\u00f3n.&nbsp; En esta misma l\u00ednea&nbsp; es&nbsp; importante el tipo de seguimiento y ayuda que se les da o no a las familias de acogida. El caso de los ni\u00f1os en acogida de Castelldans (Lleida), en el que durante quince a\u00f1os, fallaron todos los sistema de control y seguimiento de la calidad de ese acogimiento y fueron sometidos a abusos sexuales y negligencias por parte de la persona que supuestamente deb\u00eda cuidarles y protegerles, es una peque\u00f1a muestra. Desgraciadamente, muchos m\u00e1s ejemplos podr\u00edan ilustrar \u00e9l como&nbsp; la falta de control y sensibilidad por parte de la Administraci\u00f3n responsable, termina provocando males de consecuencias peores a los que se quer\u00eda poner remedio.<\/p>\n\n\n\n<p class=\"has-text-align-justify\">Estamos vivimos en una sociedad muy influida por las redes sociales y la rapidez en que determinados conceptos se expanden por las redes. Que es correcto y que no es correcto puede cambiar con mucha rapidez. A medida que la sociedad valora m\u00e1s lo &#8220;pol\u00edticamente correcto&#8221; dejamos de lado que es lo que realmente est\u00e1 relacionado con el <em>inter\u00e9s superior del ni\u00f1o\/a. <\/em>Como dec\u00eda antes, no tenemos investigaciones suficientes para ver como determinados modelos de familia pueden afectar el desarrollo psicoafectivo del ni\u00f1o\/a y adolescentes, especialmente en el tema de la maternidad subrogada. Me preocupa que la vulneraci\u00f3n de sus derechos comporta un maltrato que no solo les afecta a ellos sino que termina trascendiendo y afectando&nbsp; toda la sociedad. Porque en \u00faltima instancia estos ni\u00f1os\/as van a ser mayores y seg\u00fan les hemos tratado nos van a tratar.<\/p>\n\n\n\n<p>Dra. Carme Tello i Casany, Psic\u00f3loga cl\u00ednica<\/p>\n\n\n\n<p>Presidenta ACIM (Associaci\u00f3 Catalana per la Inf\u00e0ncia Maltractada)<\/p>\n\n\n\n<p>Presidenta\u00a0 FAPMI (Federaci\u00f3n de Asociaciones para la Prevenci\u00f3n del Maltrato Infantil)<\/p>\n","protected":false},"excerpt":{"rendered":"<p>Dra Carme Tello Los seres humanos desde antes del nacimiento establecemos un vinculo afectivo con nuestra madre. Las l\u00edneas de&hellip;<\/p>\n","protected":false},"author":4,"featured_media":34672,"comment_status":"open","ping_status":"open","sticky":false,"template":"","format":"standard","meta":{"om_disable_all_campaigns":false,"_mi_skip_tracking":false,"_monsterinsights_sitenote_active":false,"_monsterinsights_sitenote_note":"","_monsterinsights_sitenote_category":0,"footnotes":""},"categories":[25,36,35,22,19,30],"tags":[],"aioseo_notices":[],"_links":{"self":[{"href":"https:\/\/granadacostaglobal.es\/index.php?rest_route=\/wp\/v2\/posts\/34671"}],"collection":[{"href":"https:\/\/granadacostaglobal.es\/index.php?rest_route=\/wp\/v2\/posts"}],"about":[{"href":"https:\/\/granadacostaglobal.es\/index.php?rest_route=\/wp\/v2\/types\/post"}],"author":[{"embeddable":true,"href":"https:\/\/granadacostaglobal.es\/index.php?rest_route=\/wp\/v2\/users\/4"}],"replies":[{"embeddable":true,"href":"https:\/\/granadacostaglobal.es\/index.php?rest_route=%2Fwp%2Fv2%2Fcomments&post=34671"}],"version-history":[{"count":0,"href":"https:\/\/granadacostaglobal.es\/index.php?rest_route=\/wp\/v2\/posts\/34671\/revisions"}],"wp:featuredmedia":[{"embeddable":true,"href":"https:\/\/granadacostaglobal.es\/index.php?rest_route=\/"}],"wp:attachment":[{"href":"https:\/\/granadacostaglobal.es\/index.php?rest_route=%2Fwp%2Fv2%2Fmedia&parent=34671"}],"wp:term":[{"taxonomy":"category","embeddable":true,"href":"https:\/\/granadacostaglobal.es\/index.php?rest_route=%2Fwp%2Fv2%2Fcategories&post=34671"},{"taxonomy":"post_tag","embeddable":true,"href":"https:\/\/granadacostaglobal.es\/index.php?rest_route=%2Fwp%2Fv2%2Ftags&post=34671"}],"curies":[{"name":"wp","href":"https:\/\/api.w.org\/{rel}","templated":true}]}}