{"id":34605,"date":"2023-01-23T18:40:13","date_gmt":"2023-01-23T17:40:13","guid":{"rendered":"http:\/\/granadacostanacional.es\/?p=34605"},"modified":"2023-01-23T18:40:13","modified_gmt":"2023-01-23T17:40:13","slug":"vulgaridad-bajo-nivel-formativo-de-los-politicos-que-nos-representan-y-mandan","status":"publish","type":"post","link":"https:\/\/granadacostaglobal.es\/?p=34605","title":{"rendered":"VULGARIDAD, BAJO NIVEL FORMATIVO DE LOS\u00a0\u00a0 POL\u00cdTICOS QUE NOS REPRESENTAN Y MANDAN"},"content":{"rendered":"\n<p>Un vecino de casa me cont\u00f3 hace unos d\u00edas el calvario que ha pasado su hijo para entrar a trabajar en una empresa privada. Como vi que era de inter\u00e9s general pues fui a enterarme en la \u201cfuente\u201d, es decir, a que me informara el propio interesado. De lo que a m\u00ed me cont\u00f3 he hecho este resumen:<\/p>\n\n\n\n<p>Le\u00ed un anuncio en un peri\u00f3dico: \u201cSe necesita persona, hombre o mujer\u201d para trabajar en tal empresa. Condiciones imprescindibles: \u201cmenor de 30 a\u00f1os; estudios universitarios superiores (licenciado, doctorado): y cualquier otro certificado que pueda aportar m\u00e9ritos al curr\u00edculum\u201d.<\/p>\n\n\n\n<p>Como yo cumpl\u00eda con lo exigido en el anuncio, pues ten\u00eda 29 a\u00f1os y tengo el doctorado en Derecho, de inmediato llev\u00e9 la solicitud al lugar indicado.&nbsp; Pasados 10 d\u00edas, mediante llamada telef\u00f3nica, me dicen que me presente a una hora fijada en el lugar donde dej\u00e9 la solicitud. Me recibe un se\u00f1or en su despacho y me hace un mont\u00f3n de preguntas de los m\u00e1s diversos temas, que dura media hora. Cuando se dio por terminada aquella entrevista que califiqu\u00e9 de \u201cdoloroso interrogatorio\u201d me dijo que en breve me comunicar\u00edan el resultado. Pasados otros 10 d\u00edas recibo, esta vez por escrito, la comunicaci\u00f3n de que hab\u00eda sido uno de los seleccionados y me emplaza para otro d\u00eda y hora para otra prueba; pero esta vez donde ten\u00eda que presentarme era una policl\u00ednica. En \u00e9sta despu\u00e9s de pasar una serie de pruebas que entraban, a mi parecer, dentro de lo normal, pas\u00e9 a la \u00faltima que era verdaderamente un martirio. Record\u00e9 los interrogatorios de las SS nazis que hab\u00eda visto en las pel\u00edculas. El exhaustivo examen fue verbal y escrito en forma de test donde aparec\u00eda constantemente, unas veces directamente y otras sugeridas, las palabras moral, \u00e9tica, conciencia, responsabilidad, honradez, etc. cuando termin\u00e9 me fui directamente a casa y me tom\u00e9 dos pastillas de paracetamol y me met\u00ed en la cama y al cabo de no \u00e9 qu\u00e9 tiempo me qued\u00e9 dormido.<\/p>\n\n\n\n<p>Pasada otra semana recib\u00ed otra carta en la que me daban la enhorabuena porque hab\u00eda sido admitido a trabajar en la empresa con contrato fijo. Llevo trabajando ya un a\u00f1o y mi sueldo, no me quejo, es de 1500 euros, y tal como est\u00e1n las cosas me siento muy afortunado. \u00bfY cu\u00e1l es mi trabajo? Estoy sentado en una sala donde, separados por mamparas de cristal, trabajamos 5 personas. Mi trabajo es de lo m\u00e1s rutinario que lo puede realizar cualquier simple oficinista, no es en absoluto necesario tener un t\u00edtulo de doctorado.<\/p>\n\n\n\n<p>Despu\u00e9s de un a\u00f1o en la empresa he hecho amistad con algunos compa\u00f1eros, y tambi\u00e9n he observado mucho, y he podido comprobar que existe cierta identidad en todo el personal que trabaja en la empresa, tanto si est\u00e1 en las alturas, en medio o en bajo puesto.<\/p>\n\n\n\n<p>Y es en lo f\u00edsico, la compostura: todos visten con traje y corbata, afeitados y bien peinados, sin pelambreras o barba de tres d\u00edas, sin aros en las orejas, labios o cejas; sencillamente, aseados y limpios, sin ninguna cursiler\u00eda. Uno de los que ya es amigo me dijo que para mi puesto se hab\u00edan presentado 42 y que en la primera entrevista eliminaron a 30 s\u00f3lo por su aspecto exterior, por el desali\u00f1o personal. En mi caso tengo que decir que iba bien vestido como es tradicional, traje y corbata, aseado por indicaci\u00f3n de mis padres, y otra puntualizaci\u00f3n, que no llevara miedo, pero que no se notara la m\u00e1s m\u00ednima arrogancia o hinchaz\u00f3n de sabidur\u00eda. As\u00ed lo hice y fue efectivo. Otro rasgo de identidad es <strong>el comportamiento<\/strong>: amabilidad, buenos modales en todo momento, porque las conductas como las enfermedades, se contagian de unos a otros, como dec\u00eda Francis Bacon: <strong>Formaci\u00f3n. <\/strong>A este respecto no es necesario decir nada, va impl\u00edcito en las exigencias para concurrir. As\u00ed se explica que la empresa que en la actualidad trabajan m\u00e1s de mil personas, vaya ampli\u00e1ndose, no s\u00f3lo por su eficacia en la gesti\u00f3n, sino tambi\u00e9n en responsabilidad, cortes\u00eda y un mont\u00f3n de peque\u00f1os detalles que tienen en cuenta gracias a la formaci\u00f3n y otras virtudes o valores de sus trabajadores como son la \u00e9tica, la moral, la honradez, responsabilidad, etc.<\/p>\n\n\n\n<p>&nbsp;&nbsp; Ahora comprendo el sentido y la importancia de aquellas entrevistas del principio de las pruebas y el del&nbsp; \u00bfpsiquiatra, psic\u00f3logo o psicoanalista? Fue todo a un mismo tiempo. Y aunque no existe ninguna forma segura que permita detectar si el candidato es trabajador u holgaz\u00e1n y si tiene sentido com\u00fan, s\u00e9 que sin duda hay una cierta aproximaci\u00f3n indicativa. En este a\u00f1o tambi\u00e9n he aprendido que la ense\u00f1anza acad\u00e9mica ense\u00f1a muchas cosas pero hay otras que son b\u00e1sicas para andar por la vida, s\u00f3lo son fruto del trabajo de uno mismo. Resumiendo, me siento un privilegiado de pertenecer a esta empresa, y estoy seguro que ascender\u00e9 porque aqu\u00ed s\u00f3lo se valoran los m\u00e9ritos.<\/p>\n\n\n\n<p>&nbsp;&nbsp;&nbsp;&nbsp;&nbsp; Despu\u00e9s de escribir esta s\u00edntesis que me ha contado el hijo de mi vecino, pongo la televisi\u00f3n para escuchar un debate parlamentario y no puedo evitar compararlo con aquella vestimenta y desali\u00f1o de algunos parlamentarios; el vocabulario vulgar empleado, a veces, soez, entonaci\u00f3n y gestos aun peores; en cuanto a su razonamiento burdo e infantiles\u2026 contemplar el parlamento es verdaderamente sentirse avergonzado, porque al menos en teor\u00eda, son nuestros representantes, los mejores, para eso se invent\u00f3 la democracia, pero en Espa\u00f1a eso se ha invertido: gobiernan los mediocres y los peores. Y as\u00ed nos va. Haremos lo contrario de lo que dijo aquel m\u00e9dico belga, Gustave Le bon: \u201c<strong>El verdadero progreso democr\u00e1tico no consiste en rebajar la \u00e9lite al nivel de la plebe, sino en<\/strong> <strong>elevar la plebe a la \u00e9lite\u201d.<\/strong><\/p>\n\n\n\n<p>Pero claro aqu\u00ed hace ya tiempo que enraiz\u00f3 la cita del escoc\u00e9s Steveson que dijo que: \u201c<strong>la de pol\u00edtico es tal vez, la \u00fanica profesi\u00f3n para la cual la preparaci\u00f3n es innecesaria\u201d.<\/strong><\/p>\n\n\n\n<p>&nbsp;&nbsp;&nbsp;&nbsp; Estamos tan acostumbrados a ver a ministros, altos cargos, a presidentes de gobierno que carecen de formaci\u00f3n, que ya no nos llama la atenci\u00f3n. Todos decimos tonter\u00edas, pero cuando las dice un ministro, presidente, un alto cargo y de forma pomposa o \u201csolemne\u201d, \u201cbobo solemne\u201d como se dijo, pues ya es insufrible.<\/p>\n\n\n\n<p>&nbsp;&nbsp;&nbsp;&nbsp; La profesi\u00f3n m\u00e1s alta y noble es la del pol\u00edtico con cargo, especialmente, la de <strong>Presidente de Gobierno<\/strong>, pues tiene en sus manos el poder de enriquecer o destruir un pa\u00eds, de hacer felices o desgraciados a sus habitantes, \u00bfy no se le exige formaci\u00f3n intelectual, sentido com\u00fan responsabilidad, moral y \u00e9tica, honradez, y, especialmente, sobre su estado de equilibrio mental?&nbsp;<\/p>\n\n\n\n<p>&nbsp;Es una aberraci\u00f3n total que un mozo de almac\u00e9n, un vendedor de persianas, un celador, un pe\u00f3n de campo ocupe un cargo de parlamentario o de ministro; \u00a1y los tenemos!<\/p>\n\n\n\n<p>&nbsp;&nbsp;&nbsp; En Espa\u00f1a hoy se cumple aquel dicho del periodista franc\u00e9s ALBERT GUINON: \u201cCuando no se elige al m\u00e1s bruto de todos parece que no es democracia\u201d.<\/p>\n\n\n\n<p>ROGELIO BUSTOS&nbsp;&nbsp; (20 de&nbsp; diciembre de 2022)<\/p>\n","protected":false},"excerpt":{"rendered":"<p>Un vecino de casa me cont\u00f3 hace unos d\u00edas el calvario que ha pasado su hijo para entrar a trabajar&hellip;<\/p>\n","protected":false},"author":1,"featured_media":16441,"comment_status":"open","ping_status":"open","sticky":false,"template":"","format":"standard","meta":{"om_disable_all_campaigns":false,"_mi_skip_tracking":false,"_monsterinsights_sitenote_active":false,"_monsterinsights_sitenote_note":"","_monsterinsights_sitenote_category":0,"footnotes":""},"categories":[21],"tags":[],"aioseo_notices":[],"_links":{"self":[{"href":"https:\/\/granadacostaglobal.es\/index.php?rest_route=\/wp\/v2\/posts\/34605"}],"collection":[{"href":"https:\/\/granadacostaglobal.es\/index.php?rest_route=\/wp\/v2\/posts"}],"about":[{"href":"https:\/\/granadacostaglobal.es\/index.php?rest_route=\/wp\/v2\/types\/post"}],"author":[{"embeddable":true,"href":"https:\/\/granadacostaglobal.es\/index.php?rest_route=\/wp\/v2\/users\/1"}],"replies":[{"embeddable":true,"href":"https:\/\/granadacostaglobal.es\/index.php?rest_route=%2Fwp%2Fv2%2Fcomments&post=34605"}],"version-history":[{"count":0,"href":"https:\/\/granadacostaglobal.es\/index.php?rest_route=\/wp\/v2\/posts\/34605\/revisions"}],"wp:featuredmedia":[{"embeddable":true,"href":"https:\/\/granadacostaglobal.es\/index.php?rest_route=\/"}],"wp:attachment":[{"href":"https:\/\/granadacostaglobal.es\/index.php?rest_route=%2Fwp%2Fv2%2Fmedia&parent=34605"}],"wp:term":[{"taxonomy":"category","embeddable":true,"href":"https:\/\/granadacostaglobal.es\/index.php?rest_route=%2Fwp%2Fv2%2Fcategories&post=34605"},{"taxonomy":"post_tag","embeddable":true,"href":"https:\/\/granadacostaglobal.es\/index.php?rest_route=%2Fwp%2Fv2%2Ftags&post=34605"}],"curies":[{"name":"wp","href":"https:\/\/api.w.org\/{rel}","templated":true}]}}