{"id":34493,"date":"2023-01-16T14:23:38","date_gmt":"2023-01-16T13:23:38","guid":{"rendered":"http:\/\/granadacostanacional.es\/?p=34493"},"modified":"2023-01-16T14:23:38","modified_gmt":"2023-01-16T13:23:38","slug":"d-gonzalo-fernandez-de-cordoba-y-enriquez-de-aguilar-el-gran-capitan-2a-parte","status":"publish","type":"post","link":"https:\/\/granadacostaglobal.es\/?p=34493","title":{"rendered":"D. Gonzalo Fern\u00e1ndez de C\u00f3rdoba y Enr\u00edquez de Aguilar (El Gran Capit\u00e1n). 2\u00aa Parte."},"content":{"rendered":"\n<p><strong>LOS OR\u00cdGENES:<\/strong><\/p>\n\n\n\n<p>Los or\u00edgenes de D. Gonzalo Fern\u00e1ndez de C\u00f3rdoba y Enr\u00edquez de Aguilar se basan en que, era un noble de familia andaluza, precisamente de Aguilar, que resid\u00edan en Galicia y que se propusieron y llevaron a t\u00e9rmino, el ir traslad\u00e1ndose para tierras andaluzas seg\u00fan iban viendo c\u00f3mo progresaba satisfactoriamente, la reconquista a los musulmanes de Al-\u00c1ndalus.<\/p>\n\n\n\n<p>Gonzalo, nacido en cuna de Montilla en 1453, la verdad es que, poco conocimiento se tiene de su tierna infancia. Es sabido que su padre falleci\u00f3 cuando el ni\u00f1o contaba tan solo dos a\u00f1itos y que, por lo tanto, su hermano mayor Alfonso de C\u00f3rdoba, se convertir\u00eda en el nuevo jefe de la Casa de Aguilar.<\/p>\n\n\n\n<p>Dentro del seno familiar, a Gonzalo lo ten\u00edan destinado a que fuera un miembro poco destacable ante la sociedad, vamos un segund\u00f3n, pero cuan equivocados estaban, y porqu\u00e9\u2026 Pues porque nadie, absolutamente nadie, lleg\u00f3 a sospechar en lo m\u00e1s m\u00ednimo, que con los a\u00f1os se convertir\u00eda en uno de los m\u00e1s grandes militares que dar\u00edan Las Espa\u00f1as.<\/p>\n\n\n\n<p>La Casa de Aguilar y, en su defecto, su hermano Alfonso intentando labrarle un futuro, logr\u00f3 que lo hicieran paje del arzobispo Carrillo, personaje este, de mucha cercan\u00eda con Isabel La Cat\u00f3lica.<\/p>\n\n\n\n<p>En la corte de la todav\u00eda Princesa Isabel, el jovenzuelo Gonzalo que a la saz\u00f3n contaba quince a\u00f1os de edad, destacar\u00eda de inmediato en los juegos y en el manejo de las armas.<\/p>\n\n\n\n<p>Al ser paje del arzobispo Carrillo, el joven Gonzalo presenci\u00f3 en el llamado Pacto de Toros de Guisando, en 1468, como el Rey Enrique IV reconoc\u00eda a la Princesa Isabel La Cat\u00f3lica como heredera al trono de Castilla.<\/p>\n\n\n\n<p>Tambi\u00e9n se cont\u00f3 con su presencia en la boda de los pr\u00edncipes Isabel de Castilla y Fernando de Arag\u00f3n, la cual se llev\u00f3 a cabo en Valladolid en 1469.<\/p>\n\n\n\n<p><strong>SU FORMACI\u00d3N EN LA CORTE<\/strong><\/p>\n\n\n\n<p>En el mes de septiembre del a\u00f1o de Nuestro Se\u00f1or de 1476, D. Gonzalo Fern\u00e1ndez de C\u00f3rdoba y Enr\u00edquez de Aguilar, se presenta a la Real Corte de Isabel y Fernando en la Granja de Segovia, donde y acompa\u00f1ado por un instructor, despuntar\u00e1 notablemente en el manejo de las armas.<\/p>\n\n\n\n<p>No pas\u00f3 mucho tiempo, hasta que empez\u00f3 a ser tomado como un brillante candidato a ser miembro de la Real Orden de Caballer\u00eda, aunque para ello deb\u00eda de hacer gala de la excelencia y por otro lado gran virtud de la prudencia caballeresca, si su pretensi\u00f3n era hacerse con una posici\u00f3n dentro de la corte.<\/p>\n\n\n\n<p>El periodo que va desde 1476 a 1479, se ocuparon de formar al joven Gonzalo, en la ciencia y los ideales caballerescos de Diez, Chac\u00f3n y Valera, cuyo compendio, iba dirigido en favor del Estado de sus Majestades Los Reyes Cat\u00f3licos y basado principalmente, en hacer que comprendiese el alcance pol\u00edtico de los mismos.<\/p>\n\n\n\n<p>Las palabras \u201cdificultad, perfecci\u00f3n o virtud\u201d ali\u00f1aban sus ideales, sab\u00eda que un buen adiestramiento era la respuesta para todo, y m\u00e1xime cuando la meta principal de aquellos j\u00f3venes, era parecerse cada d\u00eda m\u00e1s, a los modelos que segu\u00edan en Francia, Borgo\u00f1a e incluso en Flandes; en lo tocante a saber redactar cartas en pol\u00edtica pr\u00e1ctica.<\/p>\n\n\n\n<p>Fue testigo, del concertado enlace matrimonial, organizado por el Rey Fernando el cat\u00f3lico, entre su hermana Juana de Arag\u00f3n, y su primo Ferrante el Viejo, a la saz\u00f3n, Rey de N\u00e1poles.<\/p>\n\n\n\n<p>Ser\u00edan a\u00f1os cruciales de aprendizaje para el joven aspirante, sobre todo, de la mano del propio Rey Fernando, el cual le emborrachaba de cultura po\u00e9tica y teor\u00eda pol\u00edtica.<\/p>\n\n\n\n<p>Lecciones que fueron de gran ayuda para Gonzalo, donde, por otra parte, el joven andaluz derrochar\u00eda gran inteligencia y poder\u00edo, dos cualidades que dif\u00edcilmente se pueden ver juntas.<\/p>\n\n\n\n<p>Tambi\u00e9n ocupa sus d\u00edas con sus largas horas, en querer aprender c\u00f3mo se forma y dirige un ej\u00e9rcito moderno, profesional, sobre todo permanente, y al mando de grandes l\u00edderes.<\/p>\n\n\n\n<p>Pasaron tres a\u00f1os m\u00e1s, entre 1479 y 1482 donde prosigui\u00f3 con su ense\u00f1anza en pol\u00edtica, llevada a cabo en equipo y a la cabeza, un buen l\u00edder, para Gonzalo, el Rey Fernando.<\/p>\n\n\n\n<p>En este sentido, ser\u00e1 testigo de excepci\u00f3n del significativo a\u00f1o 1480, cuando se construyen las bases del Estado de la Monarqu\u00eda, y no tan solo por la excelencia de las cortes de Toledo, si no tambi\u00e9n, porque en el mencionado a\u00f1o, ya se madura la idea de que las tropas no pueden estar si no al mando de grandes especialistas, estableci\u00e9ndose impl\u00edcitamente el nuevo modelo de personal dedicado a las armas.<\/p>\n\n\n\n<p>Tres a\u00f1os m\u00e1s en el seno de la corte, fueron de vital importancia para el desarrollo de los nuevos tiempos, una clase de hidalgos caballeros que, gracias a su gran formaci\u00f3n militar, fueron clave en el Estado de los Reyes Cat\u00f3licos en la contienda de Granada, el norte de \u00c1frica y el Mediterr\u00e1neo Oriental, combatiendo como primer orden al gran islam en y de las fronteras.<\/p>\n\n\n\n<p>De ah\u00ed que, cuando en 1482 se produce un acto b\u00e9lico de un grupo de musulmanes contra una fortaleza de la frontera sur del Reino de Castilla, Gonzalo estaba ya m\u00e1s que preparado y listo para su traslado a Granada como Capit\u00e1n de una compa\u00f1\u00eda de ciento veinte hombres a caballo.<\/p>\n\n\n\n<p>Diez a\u00f1os tuvieron que pasar, antes de lograr las metas que entonces se abr\u00edan ante sus ojos y all\u00ed mismo acompa\u00f1ar\u00eda a Fernando, no solo en esa ocasi\u00f3n sino tambi\u00e9n en su destino final, pues ser\u00eda Granada la ciudad de ambos para la eternidad.<\/p>\n\n\n\n<p>Tambi\u00e9n para el c\u00edrculo de caballeros y capitanes que rodeaban a los Reyes, no pudieron haber hallado mejor lugar para sus aspiraciones.<\/p>\n\n\n\n<p>Pese a que su Majestad el Rey Alfonso II de N\u00e1poles fuese abatido en la contienda b\u00e9lica de Seminara en 1495, Gonzalo Fern\u00e1ndez de C\u00f3rdoba como gran analista que ya se proyectaba, supo moverse con gran soltura y alcanzar algunos \u00e9xitos, entre los que se hallaba el Hostigamiento de Atella en el verano del a\u00f1o 1496 de Nuestro Se\u00f1or, mientras que Requesens por otro lado, se presentaba con sus nav\u00edos frente a las costas de la ciudad de N\u00e1poles.<\/p>\n\n\n\n<p>Su Excelencia El Gran Duque de Montpensier, a la postre. Lugarteniente del Rey Carlos VIII, decide salir del amurallado de la ciudad y as\u00ed evitar el desembarco, de esta forma el pueblo de N\u00e1poles al ver que la milicia francesa sal\u00eda, este se subleva y los pocos franceses que quedaban, tuvieron que someterse al cobijo de los castillos Nuevo y del Huevo.<\/p>\n\n\n\n<p>En esas en las que se andan, aparece por el litoral Napolitano, una flota francesa con un conjunto de hombres aproximados, de unos 2000 para refuerzo, y he aqu\u00ed, que no optan por enfrentarse a Recasens y deciden desembarcar a su gente en el puerto de Liorna.<\/p>\n\n\n\n<p>Montpensier, vi\u00e9ndose hostigado, opta por retirarse hacia Salerno, y es entonces cuando N\u00e1poles cae en manos de las tropas espa\u00f1olas.<\/p>\n\n\n\n<p>El Rey Fernando II de N\u00e1poles, fallece en octubre de 1496, vi\u00e9ndose desamparada la Reina Juana de Trast\u00e1mara, solicita auxilio de Gonzalo y sus tropas, para asegurar la gran coronaci\u00f3n de su hijo Federico I (1496- 1501), como nuevo monarca de la ciudad de N\u00e1poles.<\/p>\n\n\n\n<p>Por lo tanto, quedan en asedio franc\u00e9s las ciudades de Gaeta y Tarento. Por otro lado, Requesens monta dos escuadras, la primera con cuatro carracas y cinco Naos, las cuales se encargan de bloquear Gaeta, y la segunda con cuatro Naos, una carabela y dos galeras para afianzar la costa y captar los posibles socorros a las tropas francesas.<\/p>\n\n\n\n<p>Esta \u00faltima guarnici\u00f3n, fue la encargada de apresar una nave procedente de G\u00e9nova, con 300 soldados a resguardo y un gran cargamento de harina. El pueblo llano de Venecia ayud\u00f3 controlando los puertos de G\u00e9nova y Provenza, en las tropas francesas, se desencadena un fatal desenlace, la peste con su mortandad se lleva a Montpensier y a muchos soldados de su ej\u00e9rcito. La ciudad de Gaeta se ve en la obligaci\u00f3n de presentar rendici\u00f3n, pudiendo los pocos franceses que quedan, llevarse todos sus enseres y embarcar con destino a Francia.<\/p>\n\n\n\n<p>Pero el destino es a veces caprichoso y no lo permitir\u00eda, pues un fuerte temporal en alta mar hundir\u00eda sus naves, pereciendo todo el contingente franc\u00e9s.<\/p>\n","protected":false},"excerpt":{"rendered":"<p>LOS OR\u00cdGENES: Los or\u00edgenes de D. Gonzalo Fern\u00e1ndez de C\u00f3rdoba y Enr\u00edquez de Aguilar se basan en que, era un&hellip;<\/p>\n","protected":false},"author":3,"featured_media":22818,"comment_status":"open","ping_status":"open","sticky":false,"template":"","format":"standard","meta":{"om_disable_all_campaigns":false,"_mi_skip_tracking":false,"_monsterinsights_sitenote_active":false,"_monsterinsights_sitenote_note":"","_monsterinsights_sitenote_category":0,"footnotes":""},"categories":[21],"tags":[],"aioseo_notices":[],"_links":{"self":[{"href":"https:\/\/granadacostaglobal.es\/index.php?rest_route=\/wp\/v2\/posts\/34493"}],"collection":[{"href":"https:\/\/granadacostaglobal.es\/index.php?rest_route=\/wp\/v2\/posts"}],"about":[{"href":"https:\/\/granadacostaglobal.es\/index.php?rest_route=\/wp\/v2\/types\/post"}],"author":[{"embeddable":true,"href":"https:\/\/granadacostaglobal.es\/index.php?rest_route=\/wp\/v2\/users\/3"}],"replies":[{"embeddable":true,"href":"https:\/\/granadacostaglobal.es\/index.php?rest_route=%2Fwp%2Fv2%2Fcomments&post=34493"}],"version-history":[{"count":0,"href":"https:\/\/granadacostaglobal.es\/index.php?rest_route=\/wp\/v2\/posts\/34493\/revisions"}],"wp:featuredmedia":[{"embeddable":true,"href":"https:\/\/granadacostaglobal.es\/index.php?rest_route=\/"}],"wp:attachment":[{"href":"https:\/\/granadacostaglobal.es\/index.php?rest_route=%2Fwp%2Fv2%2Fmedia&parent=34493"}],"wp:term":[{"taxonomy":"category","embeddable":true,"href":"https:\/\/granadacostaglobal.es\/index.php?rest_route=%2Fwp%2Fv2%2Fcategories&post=34493"},{"taxonomy":"post_tag","embeddable":true,"href":"https:\/\/granadacostaglobal.es\/index.php?rest_route=%2Fwp%2Fv2%2Ftags&post=34493"}],"curies":[{"name":"wp","href":"https:\/\/api.w.org\/{rel}","templated":true}]}}