{"id":34177,"date":"2022-12-27T10:42:44","date_gmt":"2022-12-27T09:42:44","guid":{"rendered":"http:\/\/granadacostanacional.es\/?p=34177"},"modified":"2022-12-27T10:42:44","modified_gmt":"2022-12-27T09:42:44","slug":"propuesta-para-ninos-de-educacion-infantil","status":"publish","type":"post","link":"https:\/\/granadacostaglobal.es\/?p=34177","title":{"rendered":"Propuesta para ni\u00f1os de educaci\u00f3n infantil"},"content":{"rendered":"\n<p><\/p>\n\n\n\n<p class=\"has-text-align-justify\">La presente propuesta pedag\u00f3gica \u00ablos ni\u00f1os salvan vidas\u00bb.\u00a0 es fruto de la necesidad de dotar de elementos y estrategias a los centros educativos con la finalidad de trabajar algunas situaciones de atenci\u00f3n o emergencias sanitarias en caso de producirse en el seno escolar y a la vez, aportar un recurso m\u00e1s a la atenci\u00f3n educativa en pro del bien social y la promoci\u00f3n de la salud.<\/p>\n\n\n\n<p class=\"has-text-align-justify\">La educaci\u00f3n integral de las personas ha de constituir una de las mayores preocupaciones de gobiernos e instituciones, ya que el derecho a una vida digna viene dado por una mayor calidad de vida -abarcando&nbsp; t\u00e9rminos de salud y educaci\u00f3n-.<\/p>\n\n\n\n<figure class=\"wp-block-table\"><table><tbody><tr><td>&nbsp; Una buena educaci\u00f3n integral nos ha de comportar un mayor bienestar que derivar\u00e1 en una mejora an\u00edmica en general. &nbsp;<\/td><\/tr><\/tbody><\/table><\/figure>\n\n\n\n<p class=\"has-text-align-justify\">La promoci\u00f3n de la salud debe estar orientada a la adquisici\u00f3n de conocimientos y habilidades que potencien buenas actitudes, desarrollando entornos de praxis que ayuden a la responsabilidad, adaptaci\u00f3n y autonom\u00eda frente a la prevenci\u00f3n de posibles trastornos y enfermedades. Para ello, es necesario trabajar los aspectos relacionados con la salud desde una visi\u00f3n pedag\u00f3gica. Una visi\u00f3n que incluya la afectividad, junto con el conocimiento y la empat\u00eda, y que ayude, no s\u00f3lo a afianzar las bases del autoconocimiento, sino tambi\u00e9n las bases de la autoestima.<\/p>\n\n\n\n<p>Propuesta:<\/p>\n\n\n\n<figure class=\"wp-block-image size-full\"><img decoding=\"async\" src=\"http:\/\/granadacostanacional.es\/wp-content\/uploads\/2022\/12\/1111.png\" alt=\"\" class=\"wp-image-34178\"\/><\/figure>\n\n\n\n<figure class=\"wp-block-image size-full\"><img decoding=\"async\" src=\"http:\/\/granadacostanacional.es\/wp-content\/uploads\/2022\/12\/222222.png\" alt=\"\" class=\"wp-image-34179\"\/><\/figure>\n\n\n\n<figure class=\"wp-block-image size-full is-resized\"><img decoding=\"async\" loading=\"lazy\" src=\"http:\/\/granadacostanacional.es\/wp-content\/uploads\/2022\/12\/33333.png\" alt=\"\" class=\"wp-image-34180\" width=\"593\" height=\"841\"\/><\/figure>\n\n\n\n<figure class=\"wp-block-image size-full\"><img decoding=\"async\" src=\"http:\/\/granadacostanacional.es\/wp-content\/uploads\/2022\/12\/4444.png\" alt=\"\" class=\"wp-image-34181\"\/><\/figure>\n\n\n\n<figure class=\"wp-block-image size-full\"><img decoding=\"async\" src=\"http:\/\/granadacostanacional.es\/wp-content\/uploads\/2022\/12\/5555.png\" alt=\"\" class=\"wp-image-34182\"\/><\/figure>\n\n\n\n<figure class=\"wp-block-image size-full\"><img decoding=\"async\" src=\"http:\/\/granadacostanacional.es\/wp-content\/uploads\/2022\/12\/6666.png\" alt=\"\" class=\"wp-image-34183\"\/><\/figure>\n\n\n\n<figure class=\"wp-block-image size-full\"><img decoding=\"async\" src=\"http:\/\/granadacostanacional.es\/wp-content\/uploads\/2022\/12\/77777.png\" alt=\"\" class=\"wp-image-34184\"\/><\/figure>\n\n\n\n<figure class=\"wp-block-image size-full is-resized\"><img decoding=\"async\" loading=\"lazy\" src=\"http:\/\/granadacostanacional.es\/wp-content\/uploads\/2022\/12\/8888.png\" alt=\"\" class=\"wp-image-34185\" width=\"593\" height=\"847\"\/><\/figure>\n\n\n\n<figure class=\"wp-block-image size-full\"><img decoding=\"async\" src=\"http:\/\/granadacostanacional.es\/wp-content\/uploads\/2022\/12\/99999.png\" alt=\"\" class=\"wp-image-34186\"\/><\/figure>\n\n\n\n<figure class=\"wp-block-image size-full\"><img decoding=\"async\" src=\"http:\/\/granadacostanacional.es\/wp-content\/uploads\/2022\/12\/0000000000.png\" alt=\"\" class=\"wp-image-34188\"\/><\/figure>\n\n\n\n<figure class=\"wp-block-image size-full\"><img decoding=\"async\" src=\"http:\/\/granadacostanacional.es\/wp-content\/uploads\/2022\/12\/121212.png\" alt=\"\" class=\"wp-image-34187\"\/><\/figure>\n","protected":false},"excerpt":{"rendered":"<p>La presente propuesta pedag\u00f3gica \u00ablos ni\u00f1os salvan vidas\u00bb.\u00a0 es fruto de la necesidad de dotar de elementos y estrategias a&hellip;<\/p>\n","protected":false},"author":4,"featured_media":34178,"comment_status":"open","ping_status":"open","sticky":false,"template":"","format":"standard","meta":{"om_disable_all_campaigns":false,"_mi_skip_tracking":false,"_monsterinsights_sitenote_active":false,"_monsterinsights_sitenote_note":"","_monsterinsights_sitenote_category":0,"footnotes":""},"categories":[21],"tags":[],"aioseo_notices":[],"_links":{"self":[{"href":"https:\/\/granadacostaglobal.es\/index.php?rest_route=\/wp\/v2\/posts\/34177"}],"collection":[{"href":"https:\/\/granadacostaglobal.es\/index.php?rest_route=\/wp\/v2\/posts"}],"about":[{"href":"https:\/\/granadacostaglobal.es\/index.php?rest_route=\/wp\/v2\/types\/post"}],"author":[{"embeddable":true,"href":"https:\/\/granadacostaglobal.es\/index.php?rest_route=\/wp\/v2\/users\/4"}],"replies":[{"embeddable":true,"href":"https:\/\/granadacostaglobal.es\/index.php?rest_route=%2Fwp%2Fv2%2Fcomments&post=34177"}],"version-history":[{"count":0,"href":"https:\/\/granadacostaglobal.es\/index.php?rest_route=\/wp\/v2\/posts\/34177\/revisions"}],"wp:featuredmedia":[{"embeddable":true,"href":"https:\/\/granadacostaglobal.es\/index.php?rest_route=\/"}],"wp:attachment":[{"href":"https:\/\/granadacostaglobal.es\/index.php?rest_route=%2Fwp%2Fv2%2Fmedia&parent=34177"}],"wp:term":[{"taxonomy":"category","embeddable":true,"href":"https:\/\/granadacostaglobal.es\/index.php?rest_route=%2Fwp%2Fv2%2Fcategories&post=34177"},{"taxonomy":"post_tag","embeddable":true,"href":"https:\/\/granadacostaglobal.es\/index.php?rest_route=%2Fwp%2Fv2%2Ftags&post=34177"}],"curies":[{"name":"wp","href":"https:\/\/api.w.org\/{rel}","templated":true}]}}