{"id":34173,"date":"2022-12-27T09:47:31","date_gmt":"2022-12-27T08:47:31","guid":{"rendered":"http:\/\/granadacostanacional.es\/?p=34173"},"modified":"2022-12-27T09:47:31","modified_gmt":"2022-12-27T08:47:31","slug":"mis-manos-las-tuyas","status":"publish","type":"post","link":"https:\/\/granadacostaglobal.es\/?p=34173","title":{"rendered":"Mis manos&#8230; Las tuyas"},"content":{"rendered":"\n<p>En estas fechas, quiero desearte a ti y a los tuyos que teng\u00e1is las manos llenas.<\/p>\n\n\n\n<p>S\u00ed, tal cual est\u00e1s leyendo, porque faltan muchas manos.<\/p>\n\n\n\n<p>Manos llenas para poder compartir con quien tiene grandes p\u00e9rdidas o carencias, o para hacer alg\u00fan peque\u00f1o gran regalo a quienes quer\u00e9is.<\/p>\n\n\n\n<p>Manos blancas para una blanca Navidad que puedan parar la violencia, que detengan la guerra.<\/p>\n\n\n\n<p>Manos tendidas para ayudar a quien se recompone o escuchar a quien discrepa.<\/p>\n\n\n\n<p>Manos abiertas para acoger a quien huye o a quien ha quedado solo.<\/p>\n\n\n\n<p>Manos que jueguen haciendo sonre\u00edr a los ni\u00f1os, tengan la edad que tengamos.<\/p>\n\n\n\n<p>Faltan manos, muchas manos, ojal\u00e1 que podamos contar con las vuestras, no solo porque bien sab\u00e9is emplearlas para tanto que se precisa, sino porque tambi\u00e9n merec\u00e9is recibir de tanto bueno que con vuestras manos y coraz\u00f3n hac\u00e9is posible d\u00eda a d\u00eda.<\/p>\n\n\n\n<p>Perm\u00edteme poder estrecharte la mano o, por qu\u00e9 no, darte un gran abrazo.<\/p>\n\n\n\n<p>Felices fiestas<\/p>\n\n\n\n<p>Manuel Ceballos y To\u00f1y Castillo<\/p>\n","protected":false},"excerpt":{"rendered":"<p>En estas fechas, quiero desearte a ti y a los tuyos que teng\u00e1is las manos llenas. S\u00ed, tal cual est\u00e1s&hellip;<\/p>\n","protected":false},"author":1,"featured_media":34174,"comment_status":"open","ping_status":"open","sticky":false,"template":"","format":"standard","meta":{"om_disable_all_campaigns":false,"_mi_skip_tracking":false,"_monsterinsights_sitenote_active":false,"_monsterinsights_sitenote_note":"","_monsterinsights_sitenote_category":0,"footnotes":""},"categories":[21],"tags":[],"aioseo_notices":[],"_links":{"self":[{"href":"https:\/\/granadacostaglobal.es\/index.php?rest_route=\/wp\/v2\/posts\/34173"}],"collection":[{"href":"https:\/\/granadacostaglobal.es\/index.php?rest_route=\/wp\/v2\/posts"}],"about":[{"href":"https:\/\/granadacostaglobal.es\/index.php?rest_route=\/wp\/v2\/types\/post"}],"author":[{"embeddable":true,"href":"https:\/\/granadacostaglobal.es\/index.php?rest_route=\/wp\/v2\/users\/1"}],"replies":[{"embeddable":true,"href":"https:\/\/granadacostaglobal.es\/index.php?rest_route=%2Fwp%2Fv2%2Fcomments&post=34173"}],"version-history":[{"count":0,"href":"https:\/\/granadacostaglobal.es\/index.php?rest_route=\/wp\/v2\/posts\/34173\/revisions"}],"wp:featuredmedia":[{"embeddable":true,"href":"https:\/\/granadacostaglobal.es\/index.php?rest_route=\/"}],"wp:attachment":[{"href":"https:\/\/granadacostaglobal.es\/index.php?rest_route=%2Fwp%2Fv2%2Fmedia&parent=34173"}],"wp:term":[{"taxonomy":"category","embeddable":true,"href":"https:\/\/granadacostaglobal.es\/index.php?rest_route=%2Fwp%2Fv2%2Fcategories&post=34173"},{"taxonomy":"post_tag","embeddable":true,"href":"https:\/\/granadacostaglobal.es\/index.php?rest_route=%2Fwp%2Fv2%2Ftags&post=34173"}],"curies":[{"name":"wp","href":"https:\/\/api.w.org\/{rel}","templated":true}]}}