{"id":34162,"date":"2022-12-24T12:17:05","date_gmt":"2022-12-24T11:17:05","guid":{"rendered":"http:\/\/granadacostanacional.es\/?p=34162"},"modified":"2022-12-24T12:17:05","modified_gmt":"2022-12-24T11:17:05","slug":"premio-libro-homenaje-a-d-mateo-cladera","status":"publish","type":"post","link":"https:\/\/granadacostaglobal.es\/?p=34162","title":{"rendered":"Premio Libro Homenaje a D. Mateo Cladera"},"content":{"rendered":"\n<p>Reunido el jurado de premios y distinciones del Proyecto Global de Cultura Granada Costa en sesi\u00f3n extraordinaria, a propuesta del Presidente de la Academia de las Ciencias, Bellas Artes y Buenas Letras Granada Costa, Don Jos\u00e9 Segura Haro, el d\u00eda 24 de diciembre de 2022, se acuerda por unanimidad, conceder el Premio Libro de Homenaje y nombramiento como Vocal de la Academia, a <strong>D. Mateo Cladera Matas<\/strong>, en reconocimiento a los m\u00e9ritos excepcionales de los que ha venido dando prueba durante tant\u00edsimos a\u00f1os, en defensa de los derechos humanos y literarios, siendo escritor, periodista, columnista, ensayista&#8230; En definitiva, un hombre dedicado a las letras, pero a la vez con una clara vocaci\u00f3n de dedicaci\u00f3n hacia los dem\u00e1s, la cual ha realizado con sus obras.<\/p>\n\n\n\n<p>D. Mateo Cladera Matas es un periodista apasionado y entregado, como as\u00ed lo demuestran la multitud de colaboraciones desinteresadas que ha realizado con art\u00edculos de opini\u00f3n, pr\u00f3logos, presentaciones de libros. Un hombre \u00edntegro, decidido y valiente que siempre ha apostado por la cultura en todas sus vertientes.<\/p>\n\n\n\n<p>Motivos, todos los anteriores, en los que se basa este jurado para concederle el premio Libro Homenaje del <strong>Proyecto Global de Cultura Granada Costa<\/strong> y nombrarlo Vocal de la Academia de las Ciencias, Bellas Artes y Buenas Letras Granada Costa.<\/p>\n\n\n\n<p>La entrega de la distinci\u00f3n se efectuar\u00e1 en Palma de Mallorca, en 2023.<\/p>\n\n\n\n<p>Y, para que conste y se cumpla lo aqu\u00ed acordado se firma este documento en Granada a veinticuatro de diciembre de 2022.<\/p>\n\n\n\n<p class=\"has-text-align-center\"><strong>Jos\u00e9 Segura Haro<\/strong><\/p>\n\n\n\n<p class=\"has-text-align-center\"><strong>Presidente del Jurado de premios y distinciones del<\/strong><\/p>\n\n\n\n<p class=\"has-text-align-center\"><strong>Proyecto Nacional de Cultura Granada Costa<\/strong><\/p>\n","protected":false},"excerpt":{"rendered":"<p>Reunido el jurado de premios y distinciones del Proyecto Global de Cultura Granada Costa en sesi\u00f3n extraordinaria, a propuesta del&hellip;<\/p>\n","protected":false},"author":1,"featured_media":34163,"comment_status":"open","ping_status":"open","sticky":false,"template":"","format":"standard","meta":{"om_disable_all_campaigns":false,"_mi_skip_tracking":false,"_monsterinsights_sitenote_active":false,"_monsterinsights_sitenote_note":"","_monsterinsights_sitenote_category":0,"footnotes":""},"categories":[21],"tags":[],"aioseo_notices":[],"_links":{"self":[{"href":"https:\/\/granadacostaglobal.es\/index.php?rest_route=\/wp\/v2\/posts\/34162"}],"collection":[{"href":"https:\/\/granadacostaglobal.es\/index.php?rest_route=\/wp\/v2\/posts"}],"about":[{"href":"https:\/\/granadacostaglobal.es\/index.php?rest_route=\/wp\/v2\/types\/post"}],"author":[{"embeddable":true,"href":"https:\/\/granadacostaglobal.es\/index.php?rest_route=\/wp\/v2\/users\/1"}],"replies":[{"embeddable":true,"href":"https:\/\/granadacostaglobal.es\/index.php?rest_route=%2Fwp%2Fv2%2Fcomments&post=34162"}],"version-history":[{"count":0,"href":"https:\/\/granadacostaglobal.es\/index.php?rest_route=\/wp\/v2\/posts\/34162\/revisions"}],"wp:featuredmedia":[{"embeddable":true,"href":"https:\/\/granadacostaglobal.es\/index.php?rest_route=\/"}],"wp:attachment":[{"href":"https:\/\/granadacostaglobal.es\/index.php?rest_route=%2Fwp%2Fv2%2Fmedia&parent=34162"}],"wp:term":[{"taxonomy":"category","embeddable":true,"href":"https:\/\/granadacostaglobal.es\/index.php?rest_route=%2Fwp%2Fv2%2Fcategories&post=34162"},{"taxonomy":"post_tag","embeddable":true,"href":"https:\/\/granadacostaglobal.es\/index.php?rest_route=%2Fwp%2Fv2%2Ftags&post=34162"}],"curies":[{"name":"wp","href":"https:\/\/api.w.org\/{rel}","templated":true}]}}