{"id":34142,"date":"2022-12-23T18:59:43","date_gmt":"2022-12-23T17:59:43","guid":{"rendered":"http:\/\/granadacostanacional.es\/?p=34142"},"modified":"2022-12-23T18:59:43","modified_gmt":"2022-12-23T17:59:43","slug":"sequias-en-la-costa-andaluza-no-es-posible-en-un-pais-europeo","status":"publish","type":"post","link":"https:\/\/granadacostaglobal.es\/?p=34142","title":{"rendered":"\u00bfSEQU\u00cdAS EN LA COSTA ANDALUZA?&#8230;\u00a0 \u00a1NO ES POSIBLE EN UN PA\u00cdS EUROPEO!"},"content":{"rendered":"\n<p class=\"has-text-align-right\"><strong>Juli\u00e1n D\u00edaz Robledo<\/strong><\/p>\n\n\n\n<p>No es posible que haya sequ\u00eda agr\u00edcola en las costas de M\u00e1laga y Granada. Salvo en alg\u00fan medio local de ambas provincias que suelen mencionarlo alguna vez, en el resto de los medios period\u00edsticos escritos y hablados de las diferentes\u00a0 marcas y canales de televisi\u00f3n, no se ha mencionado para nada\u00a0 el dur\u00edsimo a\u00f1o que viene soportando con \u00a0la escasez de lluvias y los vaciamientos de balsas agr\u00edcolas particulares y pozos, \u00a0en tantas \u00a0zonas repletas de \u00e1rboles\u00a0 tropicales y tant\u00edsimas \u00a0especies de hortalizas\u00a0 de Almu\u00f1ecar y de una\u00a0 manera exagerada en \u00a0la Axarqu\u00eda malague\u00f1a.<\/p>\n\n\n\n<p>&nbsp;&nbsp; El relato a que me refiero, se inicia en la barra de un bar de Rinc\u00f3n de la Victoria. El comentario del camarero y un cliente cuyo nombre ignoro, porque no quiso identificarse, versaba sobre la pertinaz sequ\u00eda que la costa del este malague\u00f1a hasta Nerja ven\u00eda padeciendo\u2026 Y yo, sentado cerca de la barra y tomando en soledad un caf\u00e9, dispuse mi escucha sin problema alguno en tan interesante charla entre camarero y cliente, que a m\u00ed me interesaba y mucho me afectaba, y recib\u00ed una lecci\u00f3n de geograf\u00eda h\u00eddrica y soluciones pr\u00e1cticas, para la ausencia de lluvia en esa costa malague\u00f1a denominada Axarqu\u00eda. Y entre uno y otro con la discusi\u00f3n que ten\u00edan a prop\u00f3sito del agua, me qued\u00e9 con lo siguiente:<\/p>\n\n\n<div class=\"wp-block-image\">\n<figure class=\"aligncenter size-full\"><img decoding=\"async\" src=\"http:\/\/granadacostanacional.es\/wp-content\/uploads\/2022\/12\/1637309018891.jpg\" alt=\"\" class=\"wp-image-34143\"\/><figcaption class=\"wp-element-caption\"><strong>Presa de Rules<\/strong><\/figcaption><\/figure><\/div>\n\n\n<p><strong>El embalse de La Concepci\u00f3n<\/strong> de Inst\u00e1n, cercano a la capital malague\u00f1a, debe recrecer su escasa capacidad de almacenamiento que tiene con 57 hm\/3 procedentes de los r\u00edos Guadaiza, Guadalmina y Guadalmansa y evitar tener que tirar agua sobrante al mar&nbsp; &nbsp;casi todo el a\u00f1o, pudiendo aumentarla hasta 120 hect\u00f3metros\/3 y compartir con los dem\u00e1s &nbsp;&nbsp;tan importante aportaci\u00f3n.<\/p>\n\n\n\n<p><strong>Rio Grande, es un importante afluente del Guadalhorce <\/strong>con los r\u00edos menores Pereila y Rio Seco; Con la afluencia de todos ellos, -dec\u00eda tan informado paisano mientras tomaba un vinito- aprovechando sus acu\u00edferos, podr\u00edan conseguir un excedente de agua sobre sus necesidades y si se &nbsp;&nbsp;embalsara el agua sobrante, podr\u00eda aportar hasta 120 hect\u00f3metros\/3 a la sequ\u00eda.<\/p>\n\n\n\n<p><strong>El Guadiaro, un importante r\u00edo, <\/strong>podr\u00eda almacenar si dispusiera de un embalse adecuado, de 60 a 180 hect\u00f3metros\/3 y dejar\u00edan de tirar al mar los 600 hect\u00f3metros que viene tirando\u2026<\/p>\n\n\n\n<p>(Debo advertir que son n\u00fameros tomados al o\u00eddo y de un personaje espont\u00e1neo del pueblo, que seg\u00fan manifest\u00f3 al despedirse, que los r\u00edos mencionados los hab\u00eda pateado y conocido por su dedicaci\u00f3n laboral a ello durante alg\u00fan tiempo).&nbsp; Personalmente me he informado en internet para conocer la interesante conversaci\u00f3n y puedo asegurar que pod\u00eda tener alguna raz\u00f3n, y lo \u00fanico que a m\u00ed se me ocurre preguntar, el alt\u00edsimo precio que habr\u00eda que pagar para estructurar tantos enlaces fluviales.<\/p>\n\n\n<div class=\"wp-block-image\">\n<figure class=\"aligncenter size-full\"><img decoding=\"async\" src=\"http:\/\/granadacostanacional.es\/wp-content\/uploads\/2022\/12\/BREZNAR-th.jpg\" alt=\"\" class=\"wp-image-34144\"\/><figcaption class=\"wp-element-caption\"><strong>B\u00e9znar<\/strong><\/figcaption><\/figure><\/div>\n\n\n<p>&nbsp;&nbsp;&nbsp; Y si hablamos del mismo problema en la costa de Granada, con tantos arroyos como concurren a los pantanos a lo largo del a\u00f1o procedentes de Sierra Nevada, debo recurrir a un se\u00f1or muy conocido, antiguo alcalde de Jete y Almu\u00f1ecar, mi gran amigo Jose Antonio Bustos Fern\u00e1ndez, que una vez apartado de la pol\u00edtica y dedicando a sus campos agr\u00edcolas, fue nombrado secretario de la Hermandad de Labradores y de esos tiempos me habla de la siguiente manera sobre la sequ\u00eda: &nbsp;&nbsp;&nbsp;&nbsp;&nbsp;&nbsp;<\/p>\n\n\n\n<p><em>&nbsp;\u201d En la fecha que se constituy\u00f3 la Comunidad de Regantes del Rio Guadalfeo me nombraron representante definitivo de toda la costa de Granada, para que gestionara ante los organismos competentes las aguas de los pantanos de <strong>B\u00e9znar y Rules; <\/strong>hoy en d\u00eda, el primero lleva 50 a\u00f1os construido y el segundo 15 a\u00f1os; y, \u00bfqu\u00e9 es lo que ocurre, y por qu\u00e9, hasta la fecha no se han hecho ni siquiera las canalizaciones para su aprovechamiento?&nbsp; Tiene que haber razones ocultas o de causa mayor para que las aguas se viertan al mar y no se distribuyan entre los agricultores que vienen perdiendo sus cosechas.<\/em><\/p>\n\n\n\n<p><em>&nbsp; &nbsp;&nbsp;&nbsp;&nbsp;No voy a repetir lo que numerosos medios han venido criticando a lo largo de tantos a\u00f1os sobre las \u201cobras fara\u00f3nicas infrautilizadas de dichos pantanos, que tildan de obras in\u00fatiles para la agricultura, que han costado mucho dinero y a nadie se piden responsabilidades\u2026\u201d<\/em><\/p>\n\n\n\n<p>&nbsp;&nbsp;&nbsp; Resulta dram\u00e1tico, que, la escasez de lluvias est\u00e9 amenazando de muerte a fincas e industrias agr\u00edcolas de las costas de M\u00e1laga, Granada y Almer\u00eda, que podr\u00edan saciarse de agua procedente de las cumbres de Sierra Nevada, y ning\u00fan pol\u00edtico en tantos a\u00f1os como han venido conoci\u00e9ndolo, hayan puesto en marcha iniciativa alguna, mientras el agua vert\u00eda sus valores en el mar m<\/p>\n\n\n\n<p>&nbsp;&nbsp;&nbsp; Los arboricultores que han aumentado sus plantaciones en la costa andaluza y que se sienten impotentes viendo c\u00f3mo los \u00e1rboles dejan caer sus aguacates al suelo por falta de riego&nbsp; o&nbsp; empujados por el fuerte viento -como en el presente mes&nbsp; viene sucediendo en la Axarqu\u00eda malague\u00f1a-, observan con sana envidia las torrenciales lluvias que se vienen produciendo en todo el norte peninsular, de manera reiterada en Bilbao, La Rioja, Navarra y Arag\u00f3n y en Murcia y Valencia con los r\u00edos desbordados anegando cultivos, casas y animales dom\u00e9sticos,&nbsp; y&nbsp; se preguntan at\u00f3nitos:&nbsp; \u201cSi esas aguas tan da\u00f1inas que sufren&nbsp; cada a\u00f1o y que seg\u00fan los vaticinios van a repetirse en el futuro cada oto\u00f1o e invierno&nbsp; \u00bfno podr\u00edan canalizarse&nbsp; hacia tantos pantanos semivac\u00edos que precisan el agua para producir energ\u00eda y economizar&nbsp; electricidad?\u201d&nbsp; Y como en el caso que nos ocupa, \u00bfpodr\u00edan derivarse esas aguas destructoras hacia el gran pantano de la Vi\u00f1uela que se encuentra por debajo del 10% de su capacidad y tiene sin agua a miles de&nbsp;&nbsp;&nbsp; agricultores y tantas familias que viven del cultivo de tropicales, y que contemplan impotentes c\u00f3mo pueden morir sus \u00e1rboles si no se pone un remedio antes de que sea tarde?<\/p>\n\n\n\n<p>&nbsp;&nbsp;&nbsp; En 40 a\u00f1os hemos tenido gobiernos de diferentes colores, todos ellos han conocido y en algunos casos prometido en sus programas, resolver los problemas hidrol\u00f3gicos del sur en toda Andaluc\u00eda con sus terribles sequ\u00edas. Ninguno de los gobiernos centrales, ni auton\u00f3micos, hicieron absolutamente nada para resolverlo.<\/p>\n\n\n\n<p>&nbsp;&nbsp; Sabemos que el presidente actual de la Junta de Andaluc\u00eda D. Juanma Moreno, tiene un especial inter\u00e9s por &nbsp;la sequ\u00eda que&nbsp; puede arruinar \u00e9stas costas y es una de sus tantas preocupaciones; y viene interes\u00e1ndose por remediar el problema, pero los planes hidrol\u00f3gicos de envergadura como los trasvases, le corresponden al Gobierno Central, y \u00e9stos parece que tiene bastante con atender, si es que los atienden,&nbsp; con los problemas del&nbsp; Tajo-Segura que lleva su ministra, pero ni una sola vez hemos escuchado a nadie de su responsabilidad que dijera una sola palabra relativa a la falta de lluvia de las importantes provincias andaluzas como padecen M\u00e1laga sobre todo, as\u00ed como Granada y Almer\u00eda\u2026&nbsp;&nbsp;<\/p>\n","protected":false},"excerpt":{"rendered":"<p>Juli\u00e1n D\u00edaz Robledo No es posible que haya sequ\u00eda agr\u00edcola en las costas de M\u00e1laga y Granada. Salvo en alg\u00fan&hellip;<\/p>\n","protected":false},"author":3,"featured_media":18457,"comment_status":"open","ping_status":"open","sticky":false,"template":"","format":"standard","meta":{"om_disable_all_campaigns":false,"_mi_skip_tracking":false,"_monsterinsights_sitenote_active":false,"_monsterinsights_sitenote_note":"","_monsterinsights_sitenote_category":0,"footnotes":""},"categories":[30],"tags":[],"aioseo_notices":[],"_links":{"self":[{"href":"https:\/\/granadacostaglobal.es\/index.php?rest_route=\/wp\/v2\/posts\/34142"}],"collection":[{"href":"https:\/\/granadacostaglobal.es\/index.php?rest_route=\/wp\/v2\/posts"}],"about":[{"href":"https:\/\/granadacostaglobal.es\/index.php?rest_route=\/wp\/v2\/types\/post"}],"author":[{"embeddable":true,"href":"https:\/\/granadacostaglobal.es\/index.php?rest_route=\/wp\/v2\/users\/3"}],"replies":[{"embeddable":true,"href":"https:\/\/granadacostaglobal.es\/index.php?rest_route=%2Fwp%2Fv2%2Fcomments&post=34142"}],"version-history":[{"count":0,"href":"https:\/\/granadacostaglobal.es\/index.php?rest_route=\/wp\/v2\/posts\/34142\/revisions"}],"wp:featuredmedia":[{"embeddable":true,"href":"https:\/\/granadacostaglobal.es\/index.php?rest_route=\/"}],"wp:attachment":[{"href":"https:\/\/granadacostaglobal.es\/index.php?rest_route=%2Fwp%2Fv2%2Fmedia&parent=34142"}],"wp:term":[{"taxonomy":"category","embeddable":true,"href":"https:\/\/granadacostaglobal.es\/index.php?rest_route=%2Fwp%2Fv2%2Fcategories&post=34142"},{"taxonomy":"post_tag","embeddable":true,"href":"https:\/\/granadacostaglobal.es\/index.php?rest_route=%2Fwp%2Fv2%2Ftags&post=34142"}],"curies":[{"name":"wp","href":"https:\/\/api.w.org\/{rel}","templated":true}]}}