{"id":34140,"date":"2022-12-23T16:46:16","date_gmt":"2022-12-23T15:46:16","guid":{"rendered":"http:\/\/granadacostanacional.es\/?p=34140"},"modified":"2022-12-23T16:46:16","modified_gmt":"2022-12-23T15:46:16","slug":"el-dios-interior","status":"publish","type":"post","link":"https:\/\/granadacostaglobal.es\/?p=34140","title":{"rendered":"EL\u00a0 DIOS\u00a0 INTERIOR"},"content":{"rendered":"\n<p>EL d\u00eda 22 de diciembre caminaba yo por la Gran V\u00eda de Granada a eso de las siete de la tarde y al llegar cerca de la iglesia del Coraz\u00f3n de Jes\u00fas vi que entraba en ella un amigo al que conoc\u00ed cuando hac\u00edamos la mili. No era en aquel momento mi intenci\u00f3n de saludarlo y tampoco entrar en la iglesia y segu\u00ed andando, y cuando ya me hab\u00eda alejado unos 20 metros me vino a la memoria que Germ\u00e1n, que ese es su nombre, jam\u00e1s hab\u00eda pisado una iglesia desde que era ni\u00f1o, y si no era ateo, al menos s\u00ed que era contrario a todas las pr\u00e1cticas religiosas.<\/p>\n\n\n\n<p>Prueba evidente y con fuerza que cuando se casaron sus dos hijas se neg\u00f3 en rotundo a asistir a la ceremonia religiosa a pesar de los insistentes ruegos y enfados de la familia de uno y otro lado. Confieso, con cierta verg\u00fcenza, que el motivo&nbsp; que me empuj\u00f3 a volverme y entrar en la iglesia para ver qu\u00e9 hac\u00eda fue la curiosidad. All\u00ed sentado, a cierta distancia, en un banco estuve observ\u00e1ndolo, y al cabo de unos quince minutos, cuando ya iba a empezar la celebraci\u00f3n de la misa se levant\u00f3, se fue directamente a donde est\u00e1n las velas que mediante una moneda tiene derecho a encender una, y deposit\u00f3 su limosna, pero no encendi\u00f3 vela alguna, y a continuaci\u00f3n sali\u00f3 de la iglesia., Yo le segu\u00ed y ya en la calle, nos saludamos y con cierta insistencia me rog\u00f3 que fu\u00e9ramos a tomar un chocolate con churros a la plaza Bib-Rambla, y nos sentamos en una de las terrazas, que por cierto, estaba muy concurrida y alegre. Esa plaza tiene un cierto encanto, algo indefinible, quiz\u00e1 por el recuerdo indestructible de tiempos pasados como la caracola que se pesc\u00f3 hace cien o mil a\u00f1os que cuando te la llevas al o\u00eddo puedes o\u00edr la resonancia y el rumor de sus olas; el pasado no muere, est\u00e1 siempre presente para quien sabe ver y escuchar.<\/p>\n\n\n\n<p>Antes de continuar debo decir que Germ\u00e1n no es un tipo corriente, no, es una figura enigm\u00e1tica, caprichosa, culta, razonable, atrayente por s\u00ed misma pero tambi\u00e9n desconcertante, no solamente no se parece en su comportamiento a otros hombres, sino que no se parece siempre a \u00e9l mismo. Una persona as\u00ed se le cuelga sin m\u00e1s, el cartel de raro y cuando no loco, antisocial. Y es que Germ\u00e1n, como dec\u00eda Ortega y Gasset: \u201c lleva en el \u00e1ngulo de la pupila una inquietud latente la cual hace pensar en un ni\u00f1o acurrucado y escondido, presto a dar el brinco genial sobre la vida, la carrera loca y alegre\u201d.<\/p>\n\n\n\n<p>Para Ren\u00e9 Dubos: \u201cLos hombres selectos, tengan la edad que tengan, siempre tienen en un rinc\u00f3n del coraz\u00f3n una edad de 20 a\u00f1os\u201d.<\/p>\n\n\n\n<p>&nbsp;As\u00ed era a grandes rasgos Germ\u00e1n, a veces ni\u00f1o caprichoso,&nbsp; y otras muy razonable y ponderado, y por tanto, nada f\u00e1cil de adaptarse a una sociedad de \u201creba\u00f1o\u201d como acostumbraba a contestar cuando alguien le llamaba raro, inadaptado, antisocial, antip\u00e1tico e incluso, loco. A estos adjetivos era imprevisible su reacci\u00f3n. Unas veces contestaba de buena manera, sonriente, y dec\u00eda que la locura era un regalo de Dios, pero en otras ocasiones te soltaba un taco.<\/p>\n\n\n\n<p>Despu\u00e9s de acabar con los churros y el chocolate, r\u00e1pidamente pidi\u00f3 la cuenta y le pregunt\u00e9 si le hab\u00eda tocado la loter\u00eda. Me contest\u00f3 de esta manera: \u201c No quiero que se\u00e1is ricos&nbsp; para que no teng\u00e1is necesidad de muchas cosas, sino que quiero que se\u00e1is hombres ricos que no necesitan nada. Porque no es rico el que tiene muchas posesiones, sino el que no tiene necesidades\u201d. Esto lo dijo un ermita\u00f1o en el siglo VI que se llamaba Philoxenos, que es m\u00e1s o menos, lo que dice el Nuevo Testamento. Por supuesto que siempre tendremos necesidades, pero sencillas y \u00e9stas no son dif\u00edciles de satisfacer.<\/p>\n\n\n\n<p>A continuaci\u00f3n le dije que le hab\u00eda visto salir de la iglesia\u2026 no me dej\u00f3 acabar la frase y me dijo con toda rotundidad: \u201cY qu\u00e9 tiene eso de extra\u00f1o, toda la vida he estado entrando y saliendo de la iglesia\u201d. Ante esta respuesta mi primer pensamiento fue que su car\u00e1cter desconcertante, contradictorio y, quiz\u00e1s tambi\u00e9n esa rara locura que los que les conoc\u00edamos, le asign\u00e1bamos, y que con los a\u00f1os se hab\u00eda acentuado. Por el gesto de mi cara \u00e9l descubri\u00f3 mi pensamiento, y me dice:\u201d T\u00fa, como otros muchos est\u00e1is convencidos de que yo soy antirreligioso, incluso ateo, como algunos y \u201calgunas\u201d me han tachado porque no suelo asistir a las ceremonias religiosas. Todos se quedan en la superficie sin mirar en el fondo. Una de las cosas que m\u00e1s detesto son las <strong>mentiras y la hipocres\u00eda<\/strong>, y todas las celebraciones religiosas no me atraen, es m\u00e1s, cuando por alg\u00fan motivo forzoso he tenido que asistir, jam\u00e1s me he concentrado, ni he podido pensar que estaba&nbsp; en un lugar sagrado como es una iglesia, me distra\u00eda contemplando los vestidos, las alhajas, qui\u00e9n asist\u00eda y qui\u00e9n no.. rezo cuando estoy en el campo, solo, a la orilla del mar, sentado en un banco en cualquier jard\u00edn, cuando miro al cielo y veo las nubes, las estrellas, cuando oigo la m\u00fasica de Beethoven y tambi\u00e9n cuando estoy en la iglesia, pero s\u00f3lo sin ceremonia alguna\u2026 Es entonces cuando siento la presencia de Dios, ese dios que habita en el interior de cada uno de nosotros, que responde del origen y gobierno de nuestros pensamientos y acciones.<\/p>\n\n\n\n<p>&nbsp;&nbsp;&nbsp;&nbsp;&nbsp;&nbsp;&nbsp; Como has podido comprobar hoy, sigo paseando solo, eso creen todos, pero voy acompa\u00f1ado con mis pensamientos y desde que me jubil\u00e9 visito las iglesias porque en ellas me siento reconfortado y libre de ataduras, pudi\u00e9ramos decir que consolado y esperanzado, pues a nuestra edad hay que tener las maletas preparadas. En estas visitas he podido comprobar que cada iglesia tiene tambi\u00e9n su esp\u00edritu propio que las distingue unas de otras. Tienen un no s\u00e9 qu\u00e9 que te inquieta o te produce una especie de dulzura celestial; es como si cada iglesia, como lugar sagrado, tuviese su dios interior.<\/p>\n\n\n\n<p>Volviendo al ermita\u00f1o Philoxenos, : \u201cSal al desierto, solo, sin llevar contigo nada del mundo, y el Esp\u00edritu Santo ir\u00e1 contigo\u201d. As\u00ed soy, as\u00ed act\u00fao y no espero que nadie me comprenda.<\/p>\n\n\n\n<p>&nbsp;&nbsp;&nbsp; Yo que le he tratado durante muchos a\u00f1os le entiendo a medias y no estoy totalmente seguro. Pienso que es pretencioso querer comprenderlo todo y, le acepto como es, porque por encima de cualquier reticencia es un hombre bueno.<\/p>\n\n\n\n<p>&nbsp;&nbsp;&nbsp;&nbsp; Al pronunciar sus \u00faltimas palabras se qued\u00f3 mir\u00e1ndome fijamente y observ\u00e9 en su mirada que en sus pupilas asomaba una luz enigm\u00e1tica e intu\u00ed que pon\u00eda punto final al tema. Me vinieron a la memoria las palabras del Papa Pablo VI: \u201cHay algo en el hombre que supera al hombre, hay en \u00e9l un reflejo que tiene algo de misterio, de divino\u201d.<\/p>\n\n\n\n<p class=\"has-text-align-right\">ROGELIO BUSTOS<\/p>\n\n\n\n<p class=\"has-text-align-right\">Granada a 23 de diciembre de 2022<\/p>\n","protected":false},"excerpt":{"rendered":"<p>EL d\u00eda 22 de diciembre caminaba yo por la Gran V\u00eda de Granada a eso de las siete de la&hellip;<\/p>\n","protected":false},"author":1,"featured_media":16441,"comment_status":"open","ping_status":"open","sticky":false,"template":"","format":"standard","meta":{"om_disable_all_campaigns":false,"_mi_skip_tracking":false,"_monsterinsights_sitenote_active":false,"_monsterinsights_sitenote_note":"","_monsterinsights_sitenote_category":0,"footnotes":""},"categories":[21,30],"tags":[],"aioseo_notices":[],"_links":{"self":[{"href":"https:\/\/granadacostaglobal.es\/index.php?rest_route=\/wp\/v2\/posts\/34140"}],"collection":[{"href":"https:\/\/granadacostaglobal.es\/index.php?rest_route=\/wp\/v2\/posts"}],"about":[{"href":"https:\/\/granadacostaglobal.es\/index.php?rest_route=\/wp\/v2\/types\/post"}],"author":[{"embeddable":true,"href":"https:\/\/granadacostaglobal.es\/index.php?rest_route=\/wp\/v2\/users\/1"}],"replies":[{"embeddable":true,"href":"https:\/\/granadacostaglobal.es\/index.php?rest_route=%2Fwp%2Fv2%2Fcomments&post=34140"}],"version-history":[{"count":0,"href":"https:\/\/granadacostaglobal.es\/index.php?rest_route=\/wp\/v2\/posts\/34140\/revisions"}],"wp:featuredmedia":[{"embeddable":true,"href":"https:\/\/granadacostaglobal.es\/index.php?rest_route=\/"}],"wp:attachment":[{"href":"https:\/\/granadacostaglobal.es\/index.php?rest_route=%2Fwp%2Fv2%2Fmedia&parent=34140"}],"wp:term":[{"taxonomy":"category","embeddable":true,"href":"https:\/\/granadacostaglobal.es\/index.php?rest_route=%2Fwp%2Fv2%2Fcategories&post=34140"},{"taxonomy":"post_tag","embeddable":true,"href":"https:\/\/granadacostaglobal.es\/index.php?rest_route=%2Fwp%2Fv2%2Ftags&post=34140"}],"curies":[{"name":"wp","href":"https:\/\/api.w.org\/{rel}","templated":true}]}}