{"id":34127,"date":"2022-12-23T10:24:06","date_gmt":"2022-12-23T09:24:06","guid":{"rendered":"http:\/\/granadacostanacional.es\/?p=34127"},"modified":"2022-12-23T10:24:06","modified_gmt":"2022-12-23T09:24:06","slug":"feliz-navidad-y-prospero-ano-2023","status":"publish","type":"post","link":"https:\/\/granadacostaglobal.es\/?p=34127","title":{"rendered":"Feliz Navidad y Pr\u00f3spero A\u00f1o 2023"},"content":{"rendered":"\n<p>Desde la direcci\u00f3n del <strong>Proyecto Global de Cultura Granada Costa <\/strong>aprovechamos para felicitaros en estas Navidades en compa\u00f1\u00eda de vuestros familiares y amigos, y os trasmitimos los mejores deseos para el pr\u00f3ximo a\u00f1o 2023.<\/p>\n\n\n\n<p>El pr\u00f3ximo 27 de enero se celebrar\u00e1 en la Casa de Granada en Madrid un acto del Proyecto donde se brindar\u00e1 con una copa de cava por todos los socios del mismo. All\u00ed se realizar\u00e1 un recital en que podr\u00e1n participar todos los asistentes que as\u00ed lo deseen y se dar\u00e1 un peque\u00f1o adelanto sobre el recorrido del <strong>Proyecto Global de Cultura Granada Costa en el a\u00f1o 2023<\/strong>.<\/p>\n","protected":false},"excerpt":{"rendered":"<p>Desde la direcci\u00f3n del Proyecto Global de Cultura Granada Costa aprovechamos para felicitaros en estas Navidades en compa\u00f1\u00eda de vuestros&hellip;<\/p>\n","protected":false},"author":3,"featured_media":34128,"comment_status":"open","ping_status":"open","sticky":false,"template":"","format":"standard","meta":{"om_disable_all_campaigns":false,"_mi_skip_tracking":false,"_monsterinsights_sitenote_active":false,"_monsterinsights_sitenote_note":"","_monsterinsights_sitenote_category":0,"footnotes":""},"categories":[21],"tags":[],"aioseo_notices":[],"_links":{"self":[{"href":"https:\/\/granadacostaglobal.es\/index.php?rest_route=\/wp\/v2\/posts\/34127"}],"collection":[{"href":"https:\/\/granadacostaglobal.es\/index.php?rest_route=\/wp\/v2\/posts"}],"about":[{"href":"https:\/\/granadacostaglobal.es\/index.php?rest_route=\/wp\/v2\/types\/post"}],"author":[{"embeddable":true,"href":"https:\/\/granadacostaglobal.es\/index.php?rest_route=\/wp\/v2\/users\/3"}],"replies":[{"embeddable":true,"href":"https:\/\/granadacostaglobal.es\/index.php?rest_route=%2Fwp%2Fv2%2Fcomments&post=34127"}],"version-history":[{"count":0,"href":"https:\/\/granadacostaglobal.es\/index.php?rest_route=\/wp\/v2\/posts\/34127\/revisions"}],"wp:featuredmedia":[{"embeddable":true,"href":"https:\/\/granadacostaglobal.es\/index.php?rest_route=\/"}],"wp:attachment":[{"href":"https:\/\/granadacostaglobal.es\/index.php?rest_route=%2Fwp%2Fv2%2Fmedia&parent=34127"}],"wp:term":[{"taxonomy":"category","embeddable":true,"href":"https:\/\/granadacostaglobal.es\/index.php?rest_route=%2Fwp%2Fv2%2Fcategories&post=34127"},{"taxonomy":"post_tag","embeddable":true,"href":"https:\/\/granadacostaglobal.es\/index.php?rest_route=%2Fwp%2Fv2%2Ftags&post=34127"}],"curies":[{"name":"wp","href":"https:\/\/api.w.org\/{rel}","templated":true}]}}