{"id":34091,"date":"2022-12-20T11:01:29","date_gmt":"2022-12-20T10:01:29","guid":{"rendered":"http:\/\/granadacostanacional.es\/?p=34091"},"modified":"2022-12-20T11:01:29","modified_gmt":"2022-12-20T10:01:29","slug":"javier-gilabert-gana-el-xv-concurso-de-poesia-blas-de-otero-de-la-villa-de-bilbao","status":"publish","type":"post","link":"https:\/\/granadacostaglobal.es\/?p=34091","title":{"rendered":"Javier Gilabert gana el XV Concurso de Poes\u00eda Blas de Otero de la Villa de Bilbao"},"content":{"rendered":"\n<p class=\"has-text-align-center\">Vecino de Churriana, poeta y promotor cultural, ha sido premiado por el poemario \u201cTodav\u00eda el asombro\u201d<\/p>\n\n\n\n<p>Javier Gilabert se ha alzado con el XV Concurso de Poes\u00eda Blas de Otero-\u00c1ngela Figuera, convocado por el Ayuntamiento de Bilbao, con la obra \u201cTodav\u00eda el asombro\u201d. El jurado destac\u00f3 la calidad del poemario ganador y su mirada l\u00edrica y esencial, siempre atenta, ante el misterio de la realidad. Poemas luminosos, meditativos y celebratorios, cercanos a la po\u00e9tica de autores como Claudio Rodr\u00edguez. El premio est\u00e1 dotado con 5.500 euros as\u00ed como la publicaci\u00f3n del libro. El ganador recibi\u00f3 el premio de manos del alcalde de Bilbao, Juan Mari Aburto.<\/p>\n\n\n\n<p>El poeta, vecino de Churriana de la Vega, maestro avemariano de Educaci\u00f3n Primaria y de ingl\u00e9s en Granada, cuenta ya con varios libros y antolog\u00edas publicadas. Es promotor, junto a Fernando Ja\u00e9n y Gerardo Rodr\u00edguez Salas, del Premio Nacional de Poes\u00eda Ciudad de Churriana, que unas semanas convocar\u00e1 su segunda edici\u00f3n.<\/p>\n\n\n\n<p>Los Premios de Poes\u00eda Blas de Otero-\u00c1ngela Figuera y de Ensayo Miguel de Unamuno, as\u00ed como el concurso de Cuentos Gabriel Aresti, se convocan cada a\u00f1o desde el Ayuntamiento de Bilbao, y tienen como objetivo promover la actividad literaria y la aparici\u00f3n de nuevos talentos, adem\u00e1s de mantener viva la memoria y la obra de los cuatro autores y autora bilba\u00ednos que les dan nombre.<\/p>\n\n\n\n<p>El Premio de Poes\u00eda Blas de Otero-\u00c1ngela Figuera de este 2022, en su modalidad de castellano, ha vuelto a contar con una alta participaci\u00f3n -859 participantes en total- de obras presentadas a concurso, provenientes de Espa\u00f1a (570), adem\u00e1s de 289 de Europa y Am\u00e9rica Latina.<\/p>\n\n\n\n<p>El concurso ha destacado, adem\u00e1s del n\u00famero de participantes, por el nivel de calidad de las obras y su variedad tem\u00e1tica. Entre las obras presentadas, ha habido representantes tanto de las corrientes m\u00e1s cl\u00e1sicas como de las \u00faltimas tendencias y vanguardias po\u00e9ticas. El certamen, ya consolidado en el panorama literario, es uno de los mejor valorados en el \u00e1mbito literario por su rigor e imparcialidad.<\/p>\n","protected":false},"excerpt":{"rendered":"<p>Vecino de Churriana, poeta y promotor cultural, ha sido premiado por el poemario \u201cTodav\u00eda el asombro\u201d Javier Gilabert se ha&hellip;<\/p>\n","protected":false},"author":1,"featured_media":34093,"comment_status":"open","ping_status":"open","sticky":false,"template":"","format":"standard","meta":{"om_disable_all_campaigns":false,"_mi_skip_tracking":false,"_monsterinsights_sitenote_active":false,"_monsterinsights_sitenote_note":"","_monsterinsights_sitenote_category":0,"footnotes":""},"categories":[21],"tags":[],"aioseo_notices":[],"_links":{"self":[{"href":"https:\/\/granadacostaglobal.es\/index.php?rest_route=\/wp\/v2\/posts\/34091"}],"collection":[{"href":"https:\/\/granadacostaglobal.es\/index.php?rest_route=\/wp\/v2\/posts"}],"about":[{"href":"https:\/\/granadacostaglobal.es\/index.php?rest_route=\/wp\/v2\/types\/post"}],"author":[{"embeddable":true,"href":"https:\/\/granadacostaglobal.es\/index.php?rest_route=\/wp\/v2\/users\/1"}],"replies":[{"embeddable":true,"href":"https:\/\/granadacostaglobal.es\/index.php?rest_route=%2Fwp%2Fv2%2Fcomments&post=34091"}],"version-history":[{"count":0,"href":"https:\/\/granadacostaglobal.es\/index.php?rest_route=\/wp\/v2\/posts\/34091\/revisions"}],"wp:featuredmedia":[{"embeddable":true,"href":"https:\/\/granadacostaglobal.es\/index.php?rest_route=\/"}],"wp:attachment":[{"href":"https:\/\/granadacostaglobal.es\/index.php?rest_route=%2Fwp%2Fv2%2Fmedia&parent=34091"}],"wp:term":[{"taxonomy":"category","embeddable":true,"href":"https:\/\/granadacostaglobal.es\/index.php?rest_route=%2Fwp%2Fv2%2Fcategories&post=34091"},{"taxonomy":"post_tag","embeddable":true,"href":"https:\/\/granadacostaglobal.es\/index.php?rest_route=%2Fwp%2Fv2%2Ftags&post=34091"}],"curies":[{"name":"wp","href":"https:\/\/api.w.org\/{rel}","templated":true}]}}