{"id":34088,"date":"2022-12-20T10:54:31","date_gmt":"2022-12-20T09:54:31","guid":{"rendered":"http:\/\/granadacostanacional.es\/?p=34088"},"modified":"2022-12-20T10:54:31","modified_gmt":"2022-12-20T09:54:31","slug":"una-original-forma-de-rezar","status":"publish","type":"post","link":"https:\/\/granadacostaglobal.es\/?p=34088","title":{"rendered":"UNA ORIGINAL FORMA DE REZAR"},"content":{"rendered":"\n<p>AHORA que estamos a las puertas de la Navidad, de pronto me han venido muchos recuerdos de mi juventud a la memoria. Un caso muy especial es el de un matrimonio de una aldea cercana, Eugenio y Br\u00edgida. \u00c9l era muy conocido y del que todo el mundo hablaba -criticaba- porque nunca iba a la iglesia, hasta el punto que lo consideraban ateo. Todo lo contrario que su esposa, Br\u00edgida, que asist\u00eda a todos los actos religiosos. Ella empleaba parte de su tiempo ense\u00f1ando a coser y a bordar a las chicas de aquellas aldeas.<\/p>\n\n\n\n<p>Eugenio era muy madrugador, comenzaba su jornada con el amanecer por aquello de que \u201cquien no se levanta con el sol no goza del d\u00eda\u201d. Cuando el d\u00eda comienza a clarear ya est\u00e1 en pie d\u00e1ndole la bienvenida y las gracias a Dios por haberle permitido un d\u00eda m\u00e1s de vida. Eugenio es humilde, paciente y bondadoso, y en su cara se nota un cierto halo luminoso, como si ninguna nube empa\u00f1ara su rostro ni su pensamiento. En su cara lleva impreso el sello radiante de los bienaventurados. Sin embargo, nunca va a la iglesia y nunca se le ha visto rezar. As\u00ed que no es extra\u00f1o que en el pueblo todos le consideren ateo, enemigo de la religi\u00f3n. No obstante, \u00e9l se considera creyente, amante de Dios. Pero, \u00bfCu\u00e1ndo REZA?<\/p>\n\n\n\n<ul><li>\u00c9l dice que reza continuamente, \u201ca su manera\u201d.<\/li><\/ul>\n\n\n\n<p>Un amigo suyo nos cont\u00f3 que le hab\u00edan visto una ma\u00f1ana en su campo, cuando sal\u00edan los primeros rayos de sol, arrodillarse y juntar sus manos mirando fijamente al horizonte, absorto ante tal acontecimiento. Y as\u00ed permanec\u00eda un buen rato.<\/p>\n\n\n\n<p>En su propiedad, Eugenio cultivaba toda clase de \u00e1rboles, flores y plantas, sobre todo, muchas flores, parec\u00eda un vergel por su frondosidad y belleza. Las flores llenaban el aire de un perfume embriagador, y todos los d\u00edas llevaba un ramo a su mujer.<\/p>\n\n\n\n<p>Le gustaba comer las frutas debajo de los \u00e1rboles que las produc\u00edan y les daba las gracias por su generosidad, y cuando ol\u00eda una flor, le daba tambi\u00e9n las gracias por su perfume.<\/p>\n\n\n\n<p>Y qu\u00e9 decir de los animales, conoc\u00eda a todos los p\u00e1jaros por su forma, color y sus cantos. Les pon\u00eda comida y agua en sus recipientes; los respetaba y hasta les hablaba: les daba las gracias por su compa\u00f1\u00eda.<\/p>\n\n\n\n<p>&nbsp;&nbsp; &nbsp;Ante aquel \u201cpara\u00edso\u201d, como \u00e9l lo llamaba, era inmensamente feliz. En cada planta, en cada flor, en cada piedra, en las estrellas\u2026ve\u00eda a Dios, pues todo era obra suya, que su forma de rezar era a trav\u00e9s de la armon\u00eda con la Naturaleza \u2013 dec\u00eda-<\/p>\n\n\n\n<p>&nbsp;Amaba y respetaba todo lo creado por Dios. As\u00ed era su vida, su mundo\u2026<\/p>\n\n\n\n<p>Eugenio, a su modo, canta a la Naturaleza y quiere llegar a Dios a trav\u00e9s de ella como lo hicieron, salvando las distancias, <strong>San Francisco <\/strong>en su libro \u201cLas Florecillas\u201d, o <strong>Fray Luis de Granada<\/strong> en \u201cLa Introducci\u00f3n al s\u00edmbolo de la fe\u201d. El poeta <strong>Baudelaire<\/strong> escribi\u00f3: \u201cla oraci\u00f3n es una de las grandes fuerzas de la din\u00e1mica intelectual. Hay en la oraci\u00f3n una operaci\u00f3n m\u00e1gica\u201d. Y <strong>Rub\u00e9n Dar\u00edo:<\/strong><\/p>\n\n\n\n<p>&nbsp;&nbsp; &nbsp;&nbsp;&nbsp;&nbsp;&nbsp;&nbsp;&nbsp;&nbsp;&nbsp;&nbsp;&nbsp;&nbsp;&nbsp;&nbsp;&nbsp; &nbsp;Hemos de ser justos, hemos de ser buenos,<\/p>\n\n\n\n<p>&nbsp;&nbsp; &nbsp;&nbsp;&nbsp;&nbsp;&nbsp;&nbsp;&nbsp;&nbsp;&nbsp;&nbsp;&nbsp;&nbsp;&nbsp;&nbsp;&nbsp; &nbsp;hemos de embriagarnos de paz y de amor,<\/p>\n\n\n\n<p>&nbsp;&nbsp; &nbsp;&nbsp;&nbsp;&nbsp;&nbsp;&nbsp;&nbsp;&nbsp;&nbsp;&nbsp;&nbsp;&nbsp;&nbsp;&nbsp;&nbsp; &nbsp;y llevar el alma siempre a flor de labios<\/p>\n\n\n\n<p>&nbsp; &nbsp;&nbsp;&nbsp;&nbsp;&nbsp;&nbsp;&nbsp;&nbsp;&nbsp;&nbsp;&nbsp;&nbsp;&nbsp;&nbsp;&nbsp;&nbsp; &nbsp;y desnudo y limpio nuestro coraz\u00f3n.<\/p>\n\n\n\n<p class=\"has-text-align-right\"><strong>\u00a0 \u00a0Aurora Fern\u00e1ndez G\u00f3mez<\/strong><\/p>\n\n\n\n<p class=\"has-text-align-right\"><\/p>\n","protected":false},"excerpt":{"rendered":"<p>AHORA que estamos a las puertas de la Navidad, de pronto me han venido muchos recuerdos de mi juventud a&hellip;<\/p>\n","protected":false},"author":3,"featured_media":19339,"comment_status":"open","ping_status":"open","sticky":false,"template":"","format":"standard","meta":{"om_disable_all_campaigns":false,"_mi_skip_tracking":false,"_monsterinsights_sitenote_active":false,"_monsterinsights_sitenote_note":"","_monsterinsights_sitenote_category":0,"footnotes":""},"categories":[21],"tags":[],"aioseo_notices":[],"_links":{"self":[{"href":"https:\/\/granadacostaglobal.es\/index.php?rest_route=\/wp\/v2\/posts\/34088"}],"collection":[{"href":"https:\/\/granadacostaglobal.es\/index.php?rest_route=\/wp\/v2\/posts"}],"about":[{"href":"https:\/\/granadacostaglobal.es\/index.php?rest_route=\/wp\/v2\/types\/post"}],"author":[{"embeddable":true,"href":"https:\/\/granadacostaglobal.es\/index.php?rest_route=\/wp\/v2\/users\/3"}],"replies":[{"embeddable":true,"href":"https:\/\/granadacostaglobal.es\/index.php?rest_route=%2Fwp%2Fv2%2Fcomments&post=34088"}],"version-history":[{"count":0,"href":"https:\/\/granadacostaglobal.es\/index.php?rest_route=\/wp\/v2\/posts\/34088\/revisions"}],"wp:featuredmedia":[{"embeddable":true,"href":"https:\/\/granadacostaglobal.es\/index.php?rest_route=\/"}],"wp:attachment":[{"href":"https:\/\/granadacostaglobal.es\/index.php?rest_route=%2Fwp%2Fv2%2Fmedia&parent=34088"}],"wp:term":[{"taxonomy":"category","embeddable":true,"href":"https:\/\/granadacostaglobal.es\/index.php?rest_route=%2Fwp%2Fv2%2Fcategories&post=34088"},{"taxonomy":"post_tag","embeddable":true,"href":"https:\/\/granadacostaglobal.es\/index.php?rest_route=%2Fwp%2Fv2%2Ftags&post=34088"}],"curies":[{"name":"wp","href":"https:\/\/api.w.org\/{rel}","templated":true}]}}