{"id":34084,"date":"2022-12-19T17:00:59","date_gmt":"2022-12-19T16:00:59","guid":{"rendered":"http:\/\/granadacostanacional.es\/?p=34084"},"modified":"2022-12-19T17:00:59","modified_gmt":"2022-12-19T16:00:59","slug":"dios-con-nosotros","status":"publish","type":"post","link":"https:\/\/granadacostaglobal.es\/?p=34084","title":{"rendered":"Dios con nosotros"},"content":{"rendered":"\n<p class=\"has-text-align-right\"><em>\u201cHoy, en la ciudad de David, os ha nacido un Salvador: el Mes\u00edas, el Se\u00f1or\u201d<\/em><\/p>\n\n\n\n<p class=\"has-text-align-right\"><strong>EL \u00c1ngel<\/strong> (Lc 2, 11)<\/p>\n\n\n\n<p class=\"has-text-align-right\"><em>La Navidad no es el cumplea\u00f1os de un hombre que vivi\u00f3 hace mucho tiempo, que muri\u00f3 y desapareci\u00f3, en cuyo honor celebramos cada siglo un jubileo. Es verdad que vivi\u00f3 y muri\u00f3, pero resucit\u00f3 de entre los muertos, \u00e9l vive, reina, habla, est\u00e1 en este momento en medio de nosotros, m\u00e1s cerca de cada uno de nosotros que de nosotros mismos<\/em><\/p>\n\n\n\n<p class=\"has-text-align-right\"><strong>Karl BARTH<\/strong><\/p>\n\n\n\n<p><strong>\u201cEmmanuel. <\/strong>Dios-con-nosotros<strong>\u201d,<\/strong> es ese misterio que celebramos cada Navidad, Dios apuesta por la humanidad En el silencio escuchamos esta especie de himno que nos canta el evangelio de Juan: la Palabra que es Dios, que es vida y luz que alumbra en las tinieblas, vino al mundo y sigue viniendo. <em>\u201cLa Palabra de Dios se ha hecho carne\u201d,<\/em> <strong>ha acampado y habita entre nosotros<\/strong>. El mism\u00edsimo Dios, sin dejar de ser eterna Palabra se ha hecho hombre y le interesa de forma especial el mundo y su destino. Siente el mundo no solo como obra suya, tambi\u00e9n como parte de s\u00ed mismo, corriendo nuestra misma suerte: el hambre, el cansancio, la incomprensi\u00f3n, la miseria, la muerte.<\/p>\n\n\n\n<p>Dios ha comunicado al mundo su m\u00e1s hermosa palabra, una palabra encarnada, una palabra llena de amor y misericordia. Dios ha venido a nosotros. Se ha unido al hombre de forma tan indisoluble que ese hombre es verdaderamente Dios de Dios, Luz de luz<strong>,<\/strong> a la vez que sigue siendo hombre. La Palabra que en griego significa sentido, se ha hecho carne. Desde esa experiencia interior, desde la hondura del coraz\u00f3n podemos entender la Navidad. Nadie est\u00e1 solo, Dios est\u00e1 con nosotros. Dios est\u00e1 cerca de ti, donde t\u00fa est\u00e1s, \u00c9l ha venido a habitar entre nosotros. Nuestro mundo no es un mundo sin Dios.<\/p>\n\n\n\n<p>Para encontrarnos con \u00e9l en el temblor de nuestro coraz\u00f3n, solo tenemos que sintonizar su lenguaje, habitar el silencio y comulgar con su programa de vida: <em>el reino de Dios<\/em>. Dios ha venido a lo m\u00e1s profundo de nuestra existencia, a reinar en el coraz\u00f3n humano para transformar el mundo y transformar nuestra vida. Un reino que no tendr\u00e1 fin, construido no con el poder mundano, sino con la \u00fanica fuerza de la fe y del amor. Un reino donde es el propio Dios el que reina.<\/p>\n\n\n\n<p>En medio de las luces de la ciudad, las compras, el consumo y el sarao, <strong>\u201c<\/strong><em>los suyos no lo recibieron\u201d<\/em><strong>.<\/strong> Deslumbrados por nuestras rutinas y soberbias, cerramos las puertas a Dios y tambi\u00e9n a los hermanos. Encerrados en nosotros mismos, en nuestros rezos y celebraciones, m\u00e1s all\u00e1 del silencio, no queremos ver el amor de Dios que se encarna no solo en la hondura de nuestro ser, tambi\u00e9n en la hondura pobre de los pobres, en que m\u00e1s sufren y lo necesitan. No es una proyecci\u00f3n de nuestra mente, ni un consuelo para las noches de invierno. Dios puede seruna presencia real en nuestra existencia.<\/p>\n\n\n\n<p><strong>Dietrich Bonhoeffer<\/strong>, nos recordaba: \u201c<em>Nos equivocamos cuando decimos que Dios llena el vac\u00edo; no lo llena en absoluto, sino que lo mantiene abierto y nos ayuda de esta manera a conservar la aut\u00e9ntica comuni\u00f3n entre nosotros \u2013aunque sea en el dolor\u2013\u201d.<\/em> Dios se hizo hombre seg\u00fan la carne, para revelarnos el amor de Dios y abrirnos un camino a la verdad y la vida.<\/p>\n\n\n\n<p>La Navidadno es poes\u00eda, es la profesi\u00f3n de fe que Dios ha resucitado y ha pronunciado ya su \u00faltima palabra en el drama de la historia, por mucho que el mundo hable y grite (<strong>K. Rahner<\/strong>). Dios se muda a vivir a nuestros corazones como un d\u00eda se mud\u00f3 al mundo, a Bel\u00e9n o a Nazaret, pero ahora m\u00e1s que antes, m\u00e1s \u00edntimamente que nunca antes.<\/p>\n\n\n\n<p>Debemos buscar a Dios desde la vivencia personal y no desligada de la cultura actual y desde las periferias de nuestro mundo. Ten el valor de quedarte a solas, acercarte a lo m\u00e1s \u00edntimo de tu ser, en esa realidad profunda se manifiesta Dios. Ah\u00ed est\u00e1 sosteniendo nuestra fragilidad y empuj\u00e1ndonos a vivir. Desde esa experiencia interior, desde la hondura de nuestro coraz\u00f3n podemos entender la Navidad. Dios se ha hecho hombre. Nadie est\u00e1 solo, <strong>Dios est\u00e1 con nosotros<\/strong>.<\/p>\n\n\n\n<p>En Jes\u00fas podemos aprender a vivir una vida profundamente humana y verdadera, una humanidad que respete la dignidad del otro, que luche por la justicia y la solidaridad, porque en Emmanuel todos somos hermanos, todos somos elevados hacia Dios. Navidad, es abrir el coraz\u00f3n y ayudar a las personas en cualquier situaci\u00f3n en la que vivan, sobre todo a los m\u00e1s abandonados de la sociedad. Dios con nosotros, nos anima no solo a celebrar la Navidad, sino hacerla cada d\u00eda del a\u00f1o. No importa lo que sientas o lo que pienses, la oscuridad de la muerte ha sido vencida, el bien puede al mal, el amor al odio, la carne se eleva y se diviniza. Dios se hace hombre para ser el Salvador y Redentor del mundo.<\/p>\n\n\n\n<p>Dejemos que el <strong>misterio<\/strong> de este d\u00eda nos abra los ojos y el coraz\u00f3n. Navidad es la sonrisa de Dios que se clava en nuestras miserias, por ello es motivo de esperanza y de nuevas posibilidades. Escondido para muchos, pero siempre aqu\u00ed el Dios que comparte nuestra vida y quiere un reino de paz, justicia, solidaridad y amor. &nbsp;<strong>Dios est\u00e1 aqu\u00ed, es Navidad.<\/strong><\/p>\n\n\n\n<p>Deseo a todos los lectores no solo una <strong>\u00a1FELIZ NAVIDAD!,<\/strong> sino que podamos desplegar cada d\u00eda el amor de Dios, el que ha venido, viene y vendr\u00e1.<\/p>\n\n\n\n<p class=\"has-text-align-right\"><strong><em>Juan Antonio Mateos P\u00e9rez<\/em><\/strong><\/p>\n","protected":false},"excerpt":{"rendered":"<p>\u201cHoy, en la ciudad de David, os ha nacido un Salvador: el Mes\u00edas, el Se\u00f1or\u201d EL \u00c1ngel (Lc 2, 11)&hellip;<\/p>\n","protected":false},"author":1,"featured_media":24336,"comment_status":"open","ping_status":"open","sticky":false,"template":"","format":"standard","meta":{"om_disable_all_campaigns":false,"_mi_skip_tracking":false,"_monsterinsights_sitenote_active":false,"_monsterinsights_sitenote_note":"","_monsterinsights_sitenote_category":0,"footnotes":""},"categories":[21,30],"tags":[61],"aioseo_notices":[],"_links":{"self":[{"href":"https:\/\/granadacostaglobal.es\/index.php?rest_route=\/wp\/v2\/posts\/34084"}],"collection":[{"href":"https:\/\/granadacostaglobal.es\/index.php?rest_route=\/wp\/v2\/posts"}],"about":[{"href":"https:\/\/granadacostaglobal.es\/index.php?rest_route=\/wp\/v2\/types\/post"}],"author":[{"embeddable":true,"href":"https:\/\/granadacostaglobal.es\/index.php?rest_route=\/wp\/v2\/users\/1"}],"replies":[{"embeddable":true,"href":"https:\/\/granadacostaglobal.es\/index.php?rest_route=%2Fwp%2Fv2%2Fcomments&post=34084"}],"version-history":[{"count":0,"href":"https:\/\/granadacostaglobal.es\/index.php?rest_route=\/wp\/v2\/posts\/34084\/revisions"}],"wp:featuredmedia":[{"embeddable":true,"href":"https:\/\/granadacostaglobal.es\/index.php?rest_route=\/"}],"wp:attachment":[{"href":"https:\/\/granadacostaglobal.es\/index.php?rest_route=%2Fwp%2Fv2%2Fmedia&parent=34084"}],"wp:term":[{"taxonomy":"category","embeddable":true,"href":"https:\/\/granadacostaglobal.es\/index.php?rest_route=%2Fwp%2Fv2%2Fcategories&post=34084"},{"taxonomy":"post_tag","embeddable":true,"href":"https:\/\/granadacostaglobal.es\/index.php?rest_route=%2Fwp%2Fv2%2Ftags&post=34084"}],"curies":[{"name":"wp","href":"https:\/\/api.w.org\/{rel}","templated":true}]}}