{"id":34067,"date":"2022-12-19T13:01:19","date_gmt":"2022-12-19T12:01:19","guid":{"rendered":"http:\/\/granadacostanacional.es\/?p=34067"},"modified":"2022-12-19T13:01:19","modified_gmt":"2022-12-19T12:01:19","slug":"diario-de-un-poeta-el-dia-que-conoci-al-empresario-don-vicente-rotger-buils","status":"publish","type":"post","link":"https:\/\/granadacostaglobal.es\/?p=34067","title":{"rendered":"DIARIO DE UN POETA EL D\u00cdA QUE CONOC\u00cd AL EMPRESARIO DON VICENTE ROTGER BUILS"},"content":{"rendered":"\n<p><strong>S<\/strong>in desmerecer a ninguna de las personalidades de la cultura, la pol\u00edtica y las artes, que han pasado por esta p\u00e1gina, que conoc\u00ed personalmente, conviviendo un tiempo con alguno y guardando, de todos ellos y ellas, recuerdos imborrables y de agradecimiento, ya que de todos aprend\u00ed, me han hecho ser mejor y ver la vida con una perspectiva m\u00e1s tolerante y ben\u00e9vola. Todos tienen en mi coraz\u00f3n un recuerdo cari\u00f1oso, a\u00fan en mi personal humildad. Todos me brindaron su amistad sin darme de lado y, los que lo hicieron, pasado un tiempo, fui yo quien les abri\u00f3 la puerta y ofrec\u00ed mi amistad, para qu\u00e9 publicaran en las dos revistas literarias que fund\u00e9 y dirig\u00ed.<\/p>\n\n\n\n<p>Pero aqu\u00ed, no voy a hablar de m\u00ed, si no de un hombre extraordinario, con el que tuve, durante m\u00e1s de 40 a\u00f1os, una relaci\u00f3n muy cercana, por trabajar en su gran empresa, la <strong>Distribuidora Rotger.<\/strong> Eso hizo que nuestra relaci\u00f3n fuese, no solamente de empleado y empresario, si no que fue m\u00e1s all\u00e1, al adentrarse en mis inquietudes literarias. \u00c9l supo escuchar, entender y apoyarme en cuantas solicitudes le hice para realizar actos culturales, incluso me dio apoyo econ\u00f3mico.<\/p>\n\n\n\n<p>Durante bastantes a\u00f1os financi\u00f3 el segundo premio del <em>Concurso de Poes\u00eda de Primavera de Palma de Mallorca<\/em>. Asist\u00eda el d\u00eda de la concesi\u00f3n de premios, para hacer entrega del galard\u00f3n al ganador. Tuve la suerte de no tener nunca cerrada la puerta de su despacho, cada vez que necesitaba hablar con \u00e9l, para exponerle la realizaci\u00f3n de alg\u00fan acto y solicitar su colaboraci\u00f3n.<\/p>\n\n\n\n<p>Debo decir que nunca, tras escucharme, me dijo que no, como cuando le ped\u00ed traer a los ni\u00f1os saharauis, que pasaban sus vacaciones en Palma, apart\u00e1ndolos de las inclemencias del desierto, para que visitaran la Empresa y darles un paquete con cuadernos, l\u00e1pices, bol\u00edgrafos y otros elementos necesarios para el colegio, de los cuales carec\u00edan y le ped\u00ed se les diera un desayuno en una de las salas de la empresa. Acept\u00f3 encantado y por supuesto, siguiendo siempre sus pertinentes indicaciones.<\/p>\n\n\n\n<p>Recuerdo tambi\u00e9n los partidos de futbol, que se celebraban entre los empleados de la empresa, en el campo de futbol de Valldemossa. Al finalizar el partido nos ofrec\u00eda una \u201ctorrada\u201d, con productos t\u00edpicos de Mallorca. El disfrutaba, quiz\u00e1s m\u00e1s que nosotros, de aquellos eventos, pues siempre se consider\u00f3 un trabajador m\u00e1s. Mi esposa recuerda que, una de esas veces, D. <strong>Vicente<\/strong> <strong>Rotger<\/strong> le dijo:<\/p>\n\n\n\n<p><em>Para m\u00ed, es una gran satisfacci\u00f3n estar aqu\u00ed con mis empleados, compartiendo estas tardes de s\u00e1bado y saber que muchas familias viven de mi empresa.<\/em><\/p>\n\n\n\n<p>Su trayectoria empresarial ha sido un total \u00e9xito, ya que, como si fuese poseedor de una varita m\u00e1gica, triunf\u00f3 en todos los proyectos que puso en marcha. M\u00e1s, si tenemos en cuenta que empez\u00f3 desde cero, pero, con su arrojo, decisi\u00f3n y valent\u00eda, logr\u00f3 llevar a feliz t\u00e9rmino todo cuanto decidi\u00f3 realizar.<\/p>\n\n\n\n<p>Hombre de sensibilidad extrema que, a pesar de dirigir m\u00faltiples negocios, no le resto tiempo para escribir poes\u00eda y pensamientos, que plasmo en su libro titulado \u201c<strong>Los poemas de Son Ripoll\u201d<\/strong>, donde describe, con exquisita visi\u00f3n po\u00e9tica, los paisajes de Mallorca, de Menorca y, sobre todo, enaltece el sentimiento del amor. A lo largo del libro, nos encontramos con poemas muy bien logrados, la mayor\u00eda de ellos, para ser le\u00eddos, en cualquier tarde de oto\u00f1o-invierno, delante de la chimenea. Otros donde canta al amor, a ese bello amor que siente por su esposa. Tambi\u00e9n hay otros, dedicados a la familia, a sus hijos y sus nietos. En todos ellos se pueden encontrar bellas met\u00e1foras.<\/p>\n\n\n\n<p>En el a\u00f1o 1994 public\u00f3 sus <strong>Memorias<\/strong>, donde explica todos los avatares de su familia, sin omitir nada, aunque puede que quede algo escondido por ah\u00ed sin contar. En ellas, ha sabido narrar con acierto y de forma cronol\u00f3gica, los diferentes episodios, tanto buenos como malos, desde que naci\u00f3, hasta el momento de escribirlas. La introducci\u00f3n o presentaci\u00f3n corri\u00f3 a cargo del escritor y Catedr\u00e1tico de la Universidad de Baleares D<strong>. Gabriel Janer Manila<\/strong>, que, entre otras cosas, destaca su gran esfuerzo para redactarlas, aunque obvia hablar del estilo y rigor literario. Yo debo a\u00f1adir, aunque no soy cr\u00edtico literario, que el libro se lee con suma facilidad, por la sencillez de su contenido. Est\u00e1 muy bien estructurado y hay, en much\u00edsimas de sus p\u00e1ginas, una velada prosa po\u00e9tica. <\/p>\n\n\n\n<p>Es un libro de memorias, que se lee con delectaci\u00f3n, por su comprensi\u00f3n y agilidad. Mucho m\u00e1s si, quien lo lee, ha tenido el privilegio de haberlo conocido personalmente, como ocurre con un servidor.<\/p>\n\n\n\n<figure class=\"wp-block-image size-full\"><img decoding=\"async\" src=\"http:\/\/granadacostanacional.es\/wp-content\/uploads\/2022\/12\/Page0001-crop.jpg\" alt=\"\" class=\"wp-image-34068\"\/><\/figure>\n\n\n\n<p><\/p>\n\n\n\n<p>Hay una dedicatoria en el libro a sus nietos, en los que ve su propia trayectoria humana, tanto a nivel familiar como empresarial y, sobre todo, la prolongaci\u00f3n de su apellido.<\/p>\n\n\n\n<p>Alaior, fue para D. Vicente, no solo el lugar de su nacimiento sino tambi\u00e9n el de su primeros juegos y vivencias emocionales. La querida casa paterna, ubicada en la calle Doctor Mart\u00ed, 20 (antigua calle Menor), esa casa que, con el tiempo, fue adquirida por nuestro protagonista de hoy, para crear una Fundaci\u00f3n Cultural dedicada a la Ense\u00f1anza de la M\u00fasica, que fue para \u00e9l, una gran ilusi\u00f3n, porque, de alguna manera, era volver a encontrarse con sus ra\u00edces. Su padre fue un industrial platero, dedicado a la confecci\u00f3n de monederos de plata para se\u00f1oras y de oro para caballeros, pero, a partir del a\u00f1o 1923, empezaron a cambiar poco a poco las costumbres y tuvieron que cerrar la f\u00e1brica. <\/p>\n\n\n\n<p>En el a\u00f1o 1924, sus padres se trasladaron a Mallorca para empezar de nuevo y buscar su m\u00e1s alto nivel de vida. El Sr. Rotger contaba entonces ocho a\u00f1os de edad. De ni\u00f1o, vend\u00eda caramelos en los teatros Lirico y Balear. Su primer trabajo fue de ayudante en un kiosco, ganando una peseta a la semana. Ese trabajo, le abri\u00f3 la puerta para adentrarse en el mundo de la distribuci\u00f3n de prensa, el germen, de lo que ser\u00eda en un futuro la gran empresa Rotger.<\/p>\n\n\n\n<p>Su primer local estuvo en la calle Mesquida. Por esa \u00e9poca se convirti\u00f3 en fot\u00f3grafo, para la edici\u00f3n de sus propias postales tur\u00edsticas. El segundo local, ya m\u00e1s amplio y dividido en diferentes secciones, fue en la calle Jaime se Santa Cecilia. En 1958 conoci\u00f3 al doctor Herman Stock, con el que inici\u00f3 una nueva actividad comercial, que result\u00f3 trascendente, para la buena marcha de la empresa.<\/p>\n\n\n\n<p>Pero el empuj\u00f3n m\u00e1s notable, fue la construcci\u00f3n del amplio local en el pol\u00edgono de Son Castell\u00f3, en el a\u00f1o 1977, que fue la gran expansi\u00f3n comercial de la empresa, llegando a tener m\u00e1s de 260 empleados. La nueva edificaci\u00f3n, sirvi\u00f3 para reunir en ella todo el trabajo administrativo de sus muchos negocios. Tanto los referentes a la distribuci\u00f3n de prensa, revistas, libros y material para colegios, como negocios de hosteler\u00eda y de fincas agr\u00edcolas.<\/p>\n\n\n\n<p>Se dec\u00eda de \u00e9l: <em>Que era un buen negociante y empresario con sentido comercial muy desarrollado.<\/em> Otros adjetivos, que se aplicaban a su persona, eran: <em>Era un trabajador constante, tenaz, luchador, recto, intransigente, reflexivo, pr\u00e1ctico, firme, seguro, compresivo, amable, sencillo, asequible, sabe escuchar y perdonar, se puede confiar en \u00e9l\u2026.<\/em><\/p>\n\n\n\n<p>Conoc\u00ed a D. Vicente Rotger en una visita al reci\u00e9n estrenado local de Jaime de Santa Cecilia. Por aquel entonces, trabajaba yo en la compa\u00f1\u00eda a\u00e9rea Aviaco, despu\u00e9s pas\u00e9 a la compa\u00f1\u00eda Iberia. Los turnos de trabajo, me permit\u00edan realizar parcialmente otro trabajo. Un d\u00eda, vi un anunci\u00f3 en el peri\u00f3dico, que necesitan mozos de almac\u00e9n y all\u00ed me present\u00e9. Me recibi\u00f3 muy amable D. Vicente, que me pregunt\u00f3 d\u00f3nde trabajaba, le contest\u00e9 que en la compa\u00f1\u00eda Iberia. Entonces me dijo que, si lo deseaba, pod\u00eda empezar ya a trabajar y as\u00ed lo hice. <\/p>\n\n\n\n<p>Con Iberia trabajaba desde el mes de marzo hasta finales de octubre, los cinco meses restantes lo hac\u00eda en la Distribuidora. As\u00ed estuve durante unos 4 a\u00f1os. Recuerdo que un d\u00eda me pregunt\u00f3: <em>\u00bfCu\u00e1ntos a\u00f1os llevas de eventual en Iberia?<\/em> Le contest\u00e9 que 5 a\u00f1os. <em>Si quieres, yo te hago fijo en este momento y tendr\u00e1s m\u00e1s seguridad en el trabajo.<\/em> Previa consulta con mi jefe en Iberia, este me aconsej\u00f3 que aceptara el ofrecimiento del Sr. Rotger y acepte. Sumando el tiempo que trabaje parcialmente y el fijo, son m\u00e1s de 45 a\u00f1os de servicios en la Distribuidora Rotger. De lo que no me arrepiento, ya que, aunque hubo momentos malos, tambi\u00e9n los hubo muy buenos.<\/p>\n\n\n\n<p>Me van a permitir que cuente una an\u00e9cdota, de las muchas que podr\u00eda contar, pero la escasez de espacio me lo impide.<\/p>\n\n\n\n<p>Una ma\u00f1ana acud\u00ed a la secretar\u00eda para hablar con D. Vicente, all\u00ed se encontraba una se\u00f1ora que conoc\u00eda y que, al verme tras el saludo, me pregunt\u00f3: <em>\u00bfQue trabajo realizas aqu\u00ed?<\/em> Le contest\u00e9: <em>Trabajo de fray escoba.<\/em> Entonces una de las secretarias le dijo: <em>Se\u00f1ora, todos aqu\u00ed hacemos de fray escoba, barremos para adentro.<\/em> Y me salvo de dar m\u00e1s explicaciones a aquella buena se\u00f1ora.<\/p>\n\n\n\n<p>Aunque mi trabajo, en la Distribuidora, fue humilde, pienso que todas las piezas, para que una empresa marche, son importantes, tanto el que barre, como el m\u00e1s importante directivo, sin ese ensamblaje total, no funciona nada.<\/p>\n\n\n\n<p>Para m\u00ed, fue una gran satisfacci\u00f3n haber estado trabajando tantos a\u00f1os y haber tenido el honor de saber, que Don Vicente Rotger, al que admiraba por su afortunada trayectoria empresarial y personal, me tuviera en consideraci\u00f3n y me brindara su amistad, ya que cuantas cosas le ped\u00ed en relaci\u00f3n a la cultura, siempre me las concedi\u00f3. Era un gran hombre, abierto, sencillo -como lo es el resto de su familia-. S\u00e9, que \u00e9l no consideraba a sus trabajadores un n\u00famero en la estad\u00edstica de la empresa, sino como parte de una gran familia. S\u00e9 positivamente, que todas aquellos compa\u00f1eros y compa\u00f1eras que trabajamos para \u00e9l, nunca lo olvidaremos, fue m\u00e1s que un jefe, un compa\u00f1ero m\u00e1s.<\/p>\n\n\n\n<p>D. Vicente falleci\u00f3 el d\u00eda 2 de julio de 2014 a la edad de 97 a\u00f1os, que en paz descanse.<\/p>\n\n\n\n<p class=\"has-text-align-right\">Marcelino Arellano Alabarces<\/p>\n","protected":false},"excerpt":{"rendered":"<p>Sin desmerecer a ninguna de las personalidades de la cultura, la pol\u00edtica y las artes, que han pasado por esta&hellip;<\/p>\n","protected":false},"author":1,"featured_media":34069,"comment_status":"open","ping_status":"open","sticky":false,"template":"","format":"standard","meta":{"om_disable_all_campaigns":false,"_mi_skip_tracking":false,"_monsterinsights_sitenote_active":false,"_monsterinsights_sitenote_note":"","_monsterinsights_sitenote_category":0,"footnotes":""},"categories":[21],"tags":[],"aioseo_notices":[],"_links":{"self":[{"href":"https:\/\/granadacostaglobal.es\/index.php?rest_route=\/wp\/v2\/posts\/34067"}],"collection":[{"href":"https:\/\/granadacostaglobal.es\/index.php?rest_route=\/wp\/v2\/posts"}],"about":[{"href":"https:\/\/granadacostaglobal.es\/index.php?rest_route=\/wp\/v2\/types\/post"}],"author":[{"embeddable":true,"href":"https:\/\/granadacostaglobal.es\/index.php?rest_route=\/wp\/v2\/users\/1"}],"replies":[{"embeddable":true,"href":"https:\/\/granadacostaglobal.es\/index.php?rest_route=%2Fwp%2Fv2%2Fcomments&post=34067"}],"version-history":[{"count":0,"href":"https:\/\/granadacostaglobal.es\/index.php?rest_route=\/wp\/v2\/posts\/34067\/revisions"}],"wp:featuredmedia":[{"embeddable":true,"href":"https:\/\/granadacostaglobal.es\/index.php?rest_route=\/"}],"wp:attachment":[{"href":"https:\/\/granadacostaglobal.es\/index.php?rest_route=%2Fwp%2Fv2%2Fmedia&parent=34067"}],"wp:term":[{"taxonomy":"category","embeddable":true,"href":"https:\/\/granadacostaglobal.es\/index.php?rest_route=%2Fwp%2Fv2%2Fcategories&post=34067"},{"taxonomy":"post_tag","embeddable":true,"href":"https:\/\/granadacostaglobal.es\/index.php?rest_route=%2Fwp%2Fv2%2Ftags&post=34067"}],"curies":[{"name":"wp","href":"https:\/\/api.w.org\/{rel}","templated":true}]}}