{"id":33848,"date":"2022-11-25T09:30:01","date_gmt":"2022-11-25T08:30:01","guid":{"rendered":"http:\/\/granadacostanacional.es\/?p=33848"},"modified":"2022-11-25T09:30:01","modified_gmt":"2022-11-25T08:30:01","slug":"la-escritora-de-los-suenos-4a-parte","status":"publish","type":"post","link":"https:\/\/granadacostaglobal.es\/?p=33848","title":{"rendered":"La escritora de los sue\u00f1os. 4\u00aa parte."},"content":{"rendered":"\n<p>Mariam ten\u00eda ya los dedos engarrotados, pero no pod\u00eda dejar de golpear las teclas, la inspiraci\u00f3n la abraz\u00f3 y no pod\u00eda zafarse. A cada p\u00e1rrafo su propia expectaci\u00f3n crec\u00eda, ni siquiera sab\u00eda c\u00f3mo acabar\u00eda aquella historia, pero estaba dispuesta a vivirla. El mundo de los sue\u00f1os estaba en juego.<\/p>\n\n\n\n<p>A Belzo segu\u00eda impresion\u00e1ndole aquel templo. Sin lugar a dudas era la catedral de los sue\u00f1os. Sus muros de piedra caliza se alzaban orgullosos, apoyados sobre enormes contrafuertes adornados con figuras ornamentales. A diferencia de los santuarios terrestres, no eran santos ni escenas b\u00edblicas las formas que lo adornaban, sino criaturas de fantas\u00eda. Las enormes vidrieras mostraban escenas de historias, que ni siquiera conoc\u00edan muchos de ellos. En la torre m\u00e1s alta las campanas no solo sonaban. El sonido se convert\u00eda en ondas de colores. Bucles de mil tonos que variaban a medida que desaparec\u00eda el estruendo.<\/p>\n\n\n\n<p>La catedral de los sue\u00f1os siempre estuvo protegida por un hechizo. \u00c9ste la cubr\u00eda con un gran escudo m\u00e1gico. Cuando la luz lo atravesaba, dejaba caer rayos violetas sobre los almenajes. Estaba custodiada por la guardia del c\u00f3dice, protectores que iban bien armados.<\/p>\n\n\n\n<p>Belzo lleg\u00f3 ante los grandes portones y dos fornidos centinelas empujaron con fuerza las toneladas de madera. Las enormes bisagras, produc\u00edan un sonido ronco que parec\u00eda emerger de la tierra. Cruz\u00f3 los amplios pasillos bajo las b\u00f3vedas acanaladas hasta llegar a una sala donde un grupo de consejeros le esperaban.<\/p>\n\n\n\n<p>\u2013Belzo, lo que tem\u00edamos a ocurrido, \u2013sin pre\u00e1mbulos y con voz afectada dijo Ocus, el m\u00e1s antiguo miembro del consejo\u2013 el comit\u00e9 de investigaci\u00f3n ocupado en descubrir porque est\u00e1n desapareciendo los sue\u00f1os, tiene razones para temer lo peor.<\/p>\n\n\n\n<p>\u2013\u00bfQu\u00e9 ha ocurrido? \u2013dijo Belzo preocupado.<\/p>\n\n\n\n<p>\u2013Hasta ahora no se encontr\u00f3 rastro alguno que pudiera darnos una pista de lo que ocurre. Pero tenemos una amarga sospecha, hemos encontrado rastros de la oscura arena del miedo.<\/p>\n\n\n\n<p>\u2013No puede ser, eso significar\u00eda que el m\u00edtico Miedo Oscuro del que habla el c\u00f3dice ha vuelto, \u2013dijo Belzo.<\/p>\n\n\n\n<p>\u2013Ya lo anunci\u00f3 la profec\u00eda \u2013a\u00f1adi\u00f3 la tr\u00e9mula voz de una anciana llamada Victoria, la erudita del c\u00f3dice\u2013 tras la conjunci\u00f3n del cometa Elenin con el sol y la Tierra, el pa\u00eds de los sue\u00f1os recibir\u00eda un duro golpe. Ahora la prueba es m\u00e1s que evidente. Pero tambi\u00e9n anunciaba la llegada de una esperanza que podr\u00eda ser nuestra \u00fanica salvaci\u00f3n.<\/p>\n\n\n\n<p>\u2013\u00bfQu\u00e9 podr\u00eda darnos esperanza? \u2013dijo Belzo\u2013 el miedo racional siempre a formado parte de nuestras vidas y nuestros sue\u00f1os, incluso ha sido un aliado en el crecimiento de cada ser vivo y los sue\u00f1os nos ayudaron a utilizar ese miedo para hacernos mas fuertes. Pero el Miedo Oscuro es otra cosa, contra eso no podemos hacer nada. Paraliza las mentes y las llena de niebla espesa y oscura con pensamientos sin raz\u00f3n, con temores irreales, terminando por convertirse en depresiones, ansiedad y en algunos casos el suicidio. Es una plaga, no hay esperanza.<\/p>\n\n\n\n<p>&nbsp;\u2013Si es cierto que el Miedo Oscuro ha vuelto \u2013dijo Rudolf, un miembro del comit\u00e9 algo esc\u00e9ptico y con fama de ser demasiado cauteloso\u2013 utilizar\u00e1 todo su poder para acabar con el m\u00e1gico mundo de los sue\u00f1os.<\/p>\n\n\n\n<p>Aquellas palabras inquietaron a Belzo, as\u00ed que se despidi\u00f3 y sali\u00f3 con rapidez. Le sobrecogi\u00f3 la sensaci\u00f3n de que Mariam, Noa y Cristian corr\u00edan peligro.<\/p>\n\n\n\n<p>Belzo suspir\u00f3 aliviado al entrar de nuevo en su casa. Todo parec\u00eda tranquilo, Marian atada a su m\u00e1quina de escribir, Noa sentada junto al fuego y vio a Cristian mirar de nuevo la foto sobre el anaquel de la chimenea, no pod\u00eda dejar de mirarla mientras recordaba la \u00faltima vez que vio a su abuelo.<\/p>\n\n\n\n<p>Un instante de silencio que pareci\u00f3 eterno y de repente la foto empez\u00f3 a temblar. Cristian dio un paso atr\u00e1s sobresaltado, se le cay\u00f3 el portarretratos y el cristal se hizo a\u00f1icos. Pero no era lo \u00fanico, todo comenz\u00f3 a tambalear. Los platos, las puertas de armarios, los cuadros, los libros, todo empez\u00f3 a caer al suelo, las sacudidas parec\u00edan las de un terremoto. Desde el exterior llegaba el terrible silbido de un tornado. La tierra temblaba bajo sus pies, el cielo oscurec\u00eda con rapidez, la imagen era dantesca. Cristian vio a lo lejos de donde proven\u00eda aquella mort\u00edfera tempestad. Era la gigantesca silueta de un ser que avanzaba hacia ellos. Ennegrec\u00eda las alturas y exhalaba una tempestad que derret\u00eda las monta\u00f1as, borraba todo el paisaje como tiza sobre una pizarra.<\/p>\n\n\n\n<p>\u2013\u00bfQu\u00e9 es esa cosa? \u2013Inquiri\u00f3 nervioso Cristian casi ahog\u00e1ndose\u2013. \u00a1Parece una monta\u00f1a con brazos y piernas movi\u00e9ndose hacia nosotros!<\/p>\n\n\n\n<figure class=\"wp-block-image size-full\"><img decoding=\"async\" src=\"http:\/\/granadacostanacional.es\/wp-content\/uploads\/2022\/11\/writer-1421099_1920.jpg\" alt=\"\" class=\"wp-image-33849\"\/><\/figure>\n\n\n\n<p>\u2013No me dio tiempo de explicaros \u2013intentaba hablar Belzo exhausto\u2013, lo que has visto no es una monta\u00f1a, es el Oscuro Miedo, el m\u00edtico gigante de los miedos. Hasta ahora tan s\u00f3lo era una sospecha, pero ya es un hecho, ha vuelto.<\/p>\n\n\n\n<p>\u2013\u00bfQui\u00e9n? \u2013dijo Cristian perplejo.<\/p>\n\n\n\n<p>\u2013Oscuro Miedo \u2013dijo Noa\u2013 es el monstruo m\u00e1s profundo de las emociones humanas.<\/p>\n\n\n\n<p>\u2013Esto lo explica todo, \u2013se dijo Mariam, estaba tan sorprendida y expectante que ya no notaba ni el dolor de los dedos, las frases no pod\u00edan parar, el carro de su m\u00e1quina volaba, las letras y palabras corr\u00edan por el sediento papel atrapado\u2013. Es un ser poderoso y malvado que ha vivido su inmortalidad con el \u00fanico prop\u00f3sito de acabar con nuestro mundo. Y si ha vuelto \u00e9l&#8230; habr\u00e1 vuelto su ej\u00e9rcito de pesadillas, los absurdos complejos, las dolorosas mentiras que se dice uno cuando le atrapa el oscuro miedo, el irracional, el odio a otros que no son igual a ti o a los tuyos, la guerra, la violencia hac\u00eda minor\u00edas rechazadas por el color de su piel su g\u00e9nero o sus creencias, todo absurdo, completamente absurdo. Ese es el Oscuro Miedo.<\/p>\n\n\n\n<p>No s\u00e9 si ser\u00e1 muy ingenuo pero el consejo me dijo que la profec\u00eda habla de una esperanza \u2013dijo Belzo mientras el viento azotaba la casa con fuerza\u2013. Creo que ahora entiendo porque est\u00e1s aqu\u00ed, t\u00fa eres la esperanza.<\/p>\n\n\n\n<p>\u2013\u00bfYo? Si s\u00f3lo soy un ni\u00f1o \u00bfque podr\u00eda hacer yo contra un monstruo? \u2013dijo Cristian aterrado.<\/p>\n\n\n\n<p>\u2013S\u00ed, pero \u00a1eres un joven muy especial! \u2013le record\u00f3 Noa\u2013, s\u00f3lo t\u00fa puedes vencer al Oscuro Miedo.<\/p>\n\n\n\n<p>\u2013No puedo, si en realidad yo le tengo miedo a todo \u2013dijo Cristian al tiempo que volv\u00eda a agitarse la puerta.<\/p>\n\n\n\n<p>A Mariam le temblaban las manos al ver tan grande verdad ante ella, sus dedos quer\u00edan esculpir esa verdad en su historia, al fin entend\u00eda ad\u00f3nde le llevaba. Se acerc\u00f3 y lo abraz\u00f3, pudo sentir todos sus miedos reflejados en aquel ni\u00f1o, al fin entendi\u00f3.<\/p>\n\n\n\n<p>\u2013Por supuesto, eres un jovencito, \u2013le grit\u00f3 Mariam casi al o\u00eddo, pues el ruido ya era atronador\u2013 todos los ni\u00f1os hasta los mayores y los que dicen que no lo tienen, todos tenemos miedo alguna vez. En realidad, el miedo es un don que s\u00f3lo saben utilizar los valientes. Los que no saben utilizarlo se les atrofia convirti\u00e9ndose en otra cosa, una especie de miedo destructivo y oscuro que no sirve para nada y que est\u00e1 hay fuera convertido en un monstruo con todo el poder que le hemos concedido. Aun as\u00ed, tiene arreglo, \u00bfsabes c\u00f3mo?&#8230; La \u00fanica manera es enfrent\u00e1ndose a \u00e9l. De ese modo se puede tener miedo y ser valiente al mismo tiempo, s\u00f3lo hace falta creerlo.<\/p>\n\n\n\n<p>Cristian se qued\u00f3 pensativo por un instante, el argumento le pareci\u00f3 m\u00e1gico y entonces en su mente dej\u00f3 de o\u00edr todo aquel ruido. Sinti\u00f3 un momento de paz. Record\u00f3 el puente de cuerdas y madera, la mano de su padre, la brisa del Atl\u00e1ntico, el trono rocoso, el olor del islote escarpado, las historias del abuelo y entonces su mente comenz\u00f3 a dominar el miedo. Se puso de pie y su rostro de ni\u00f1o asustado cambi\u00f3 por el de un guerrero. Ya no volver\u00eda a tener miedo del malo.<\/p>\n\n\n\n<p class=\"has-text-align-right\"><strong>Manuel Salcedo<\/strong><\/p>\n","protected":false},"excerpt":{"rendered":"<p>Mariam ten\u00eda ya los dedos engarrotados, pero no pod\u00eda dejar de golpear las teclas, la inspiraci\u00f3n la abraz\u00f3 y no&hellip;<\/p>\n","protected":false},"author":1,"featured_media":16911,"comment_status":"open","ping_status":"open","sticky":false,"template":"","format":"standard","meta":{"om_disable_all_campaigns":false,"_mi_skip_tracking":false,"_monsterinsights_sitenote_active":false,"_monsterinsights_sitenote_note":"","_monsterinsights_sitenote_category":0,"footnotes":""},"categories":[21],"tags":[],"aioseo_notices":[],"_links":{"self":[{"href":"https:\/\/granadacostaglobal.es\/index.php?rest_route=\/wp\/v2\/posts\/33848"}],"collection":[{"href":"https:\/\/granadacostaglobal.es\/index.php?rest_route=\/wp\/v2\/posts"}],"about":[{"href":"https:\/\/granadacostaglobal.es\/index.php?rest_route=\/wp\/v2\/types\/post"}],"author":[{"embeddable":true,"href":"https:\/\/granadacostaglobal.es\/index.php?rest_route=\/wp\/v2\/users\/1"}],"replies":[{"embeddable":true,"href":"https:\/\/granadacostaglobal.es\/index.php?rest_route=%2Fwp%2Fv2%2Fcomments&post=33848"}],"version-history":[{"count":0,"href":"https:\/\/granadacostaglobal.es\/index.php?rest_route=\/wp\/v2\/posts\/33848\/revisions"}],"wp:featuredmedia":[{"embeddable":true,"href":"https:\/\/granadacostaglobal.es\/index.php?rest_route=\/"}],"wp:attachment":[{"href":"https:\/\/granadacostaglobal.es\/index.php?rest_route=%2Fwp%2Fv2%2Fmedia&parent=33848"}],"wp:term":[{"taxonomy":"category","embeddable":true,"href":"https:\/\/granadacostaglobal.es\/index.php?rest_route=%2Fwp%2Fv2%2Fcategories&post=33848"},{"taxonomy":"post_tag","embeddable":true,"href":"https:\/\/granadacostaglobal.es\/index.php?rest_route=%2Fwp%2Fv2%2Ftags&post=33848"}],"curies":[{"name":"wp","href":"https:\/\/api.w.org\/{rel}","templated":true}]}}