{"id":33754,"date":"2022-11-11T17:25:46","date_gmt":"2022-11-11T16:25:46","guid":{"rendered":"http:\/\/granadacostanacional.es\/?p=33754"},"modified":"2022-11-11T17:25:46","modified_gmt":"2022-11-11T16:25:46","slug":"carta-de-amor-a-un-hermano","status":"publish","type":"post","link":"https:\/\/granadacostaglobal.es\/?p=33754","title":{"rendered":"CARTA DE AMOR A UN HERMANO"},"content":{"rendered":"\n<p class=\"has-text-align-right\"><em><strong>Sergio Reyes Puerta<\/strong><\/em><\/p>\n\n\n\n<p>Queridos lectores del Granada Costa. Hoy les traigo una carta de amor con la que gan\u00e9 el X certamen de cartas de amor de Cobisa en su modalidad internacional. La primera versi\u00f3n de este texto la escrib\u00ed en 2013, inspir\u00e1ndome en una antigua foto. En 2021, tras mucho tiempo en un caj\u00f3n, se me ocurri\u00f3 enviar mi obra (con unos ligeros retoques) al mencionado concurso epistolar. Esta que pueden leer a continuaci\u00f3n es la versi\u00f3n definitiva que present\u00e9 y, con ella, les muestro la imagen instigadora. Un saludo a todos, aqu\u00ed les dejo con Alfredo y Bernardo:<\/p>\n\n\n\n<p><strong>HERMANO AMADO<\/strong><\/p>\n\n\n\n<p>En Cobisa, a 31 de mayo de 2021<\/p>\n\n\n\n<p>Querido Alfredo:<\/p>\n\n\n\n<p>S\u00e9 que esta carta no la leer\u00e1s, que jam\u00e1s llegar\u00e1 a tus manos y que, adem\u00e1s, nunca ser\u00e1 abierta por nadie. La escribo simplemente por necesidad, por imperativo espiritual, por puro ego\u00edsmo y nada m\u00e1s.<\/p>\n\n\n\n<p>Amado hermano, te escribo desde la certeza de que mi vida toca a su fin. Pocos d\u00edas me quedan ya de acompa\u00f1ar a hijos, nietos y sobrinos en este lado de la existencia.<\/p>\n\n\n\n<p>Por eso, hoy revis\u00e9 las fotos antiguas que guardaba en la caja met\u00e1lica de galletas extranjeras, aquella de forma redonda que trajiste de uno de tus viajes y que tuviste a bien regalarme. All\u00ed encontr\u00e9, entre otras muchas, la foto que hoy quiero esconder en un sobre, junto a esta carta.<\/p>\n\n\n\n<p>\u00bfRecuerdas la casa de nuestros padres? El n\u00famero trece de la calle del Herrero. He visto en la foto la vieja puerta \u2015hace unos a\u00f1os mis hijos la cambiaron\u2015 y las l\u00e1grimas han resbalado por mi mejilla. \u00a1Qu\u00e9 de recuerdos, qu\u00e9 de momentos, qu\u00e9 de historias\u2026!<\/p>\n\n\n\n<p>Alfredo, hermano m\u00edo, si estuvieras aqu\u00ed para verla juntos\u2026 Nos reir\u00edamos y llorar\u00edamos a la vez, eso seguro. Nosotros dos, montados a caballo, y yo haciendo el payaso, como siempre, pretendiendo aparentar que te apu\u00f1alaba en el cuello con mi navaja. Menudo disgusto te llevaste cuando nos dieron el retrato, reci\u00e9n revelado, una semana despu\u00e9s, y viste mi pantomima. No te faltaba raz\u00f3n, aunque en ese momento te reproch\u00e9 tu falta de sentido del humor porque no quer\u00eda reconocer la realidad.<\/p>\n\n\n\n<figure class=\"wp-block-image size-full\"><img decoding=\"async\" src=\"http:\/\/granadacostanacional.es\/wp-content\/uploads\/2022\/11\/IMG_Efecto_Foto_antigua.jpg\" alt=\"\" class=\"wp-image-33756\"\/><\/figure>\n\n\n\n<p>S\u00ed, Alfredo, s\u00ed. Siempre me ha dado verg\u00fcenza reconocerlo y, por eso, siempre lo he negado. Supongo que es normal entre hermanos, m\u00e1s a\u00fan cuando yo era el mayor de los dos, pero el caso es que siempre he tenido celos de ti. Siempre te he querido, s\u00ed, pero tambi\u00e9n te he odiado, hermano. Te hubiera matado mil veces, y otras tantas hubiera dado mi vida por salvar la tuya. Pero no pod\u00eda reconocerlo, no me era posible admitir, como no lo es ahora, que te amaba y que te odiaba. Amor fraternal y odio mortal, sentimientos que me impulsaban a posar mat\u00e1ndote y a no llevar, despu\u00e9s, la pose m\u00e1s all\u00e1.<\/p>\n\n\n\n<p>Amado hermano: te quiero y te echo mucho de menos. S\u00ed, claro que te extra\u00f1o. \u00bfTe acuerdas? Al d\u00eda siguiente de ver esa foto te fuiste por primera vez de viaje. A buscarte la vida, dijiste. Volv\u00edas indefectiblemente un par de veces al a\u00f1o y tra\u00edas ex\u00f3ticos obsequios para los primos, para madre y padre, para nuestras hermanas\u2026 Y, por alguna raz\u00f3n que nunca llegu\u00e9 a conocer por no atreverme a preguntarte \u2015tem\u00eda tu respuesta, la verdad, ya ves qu\u00e9 tonto\u2015, a m\u00ed siempre me tra\u00edas el mejor de los regalos.<\/p>\n\n\n\n<p>Hoy, como siempre, siento tu ausencia como una pesada losa y es por ello que meter\u00e9 este folio y la referida foto en un sobre. Despu\u00e9s, lo enterrar\u00e9 junto a ti, en el peque\u00f1o patio de aquella vieja casa, el n\u00famero trece de la calle del Herrero, all\u00ed atr\u00e1s, donde reposa tu cuerpo, escondido para siempre de las inc\u00f3modas preguntas de la polic\u00eda.<\/p>\n\n\n\n<p>Hasta siempre, amado Alfredo.<\/p>\n\n\n\n<p>Tu hermano, que te quiere.<\/p>\n\n\n\n<p>Bernardo.<\/p>\n","protected":false},"excerpt":{"rendered":"<p>Sergio Reyes Puerta Queridos lectores del Granada Costa. Hoy les traigo una carta de amor con la que gan\u00e9 el&hellip;<\/p>\n","protected":false},"author":3,"featured_media":32520,"comment_status":"open","ping_status":"open","sticky":false,"template":"","format":"standard","meta":{"om_disable_all_campaigns":false,"_mi_skip_tracking":false,"_monsterinsights_sitenote_active":false,"_monsterinsights_sitenote_note":"","_monsterinsights_sitenote_category":0,"footnotes":""},"categories":[21],"tags":[],"aioseo_notices":[],"_links":{"self":[{"href":"https:\/\/granadacostaglobal.es\/index.php?rest_route=\/wp\/v2\/posts\/33754"}],"collection":[{"href":"https:\/\/granadacostaglobal.es\/index.php?rest_route=\/wp\/v2\/posts"}],"about":[{"href":"https:\/\/granadacostaglobal.es\/index.php?rest_route=\/wp\/v2\/types\/post"}],"author":[{"embeddable":true,"href":"https:\/\/granadacostaglobal.es\/index.php?rest_route=\/wp\/v2\/users\/3"}],"replies":[{"embeddable":true,"href":"https:\/\/granadacostaglobal.es\/index.php?rest_route=%2Fwp%2Fv2%2Fcomments&post=33754"}],"version-history":[{"count":0,"href":"https:\/\/granadacostaglobal.es\/index.php?rest_route=\/wp\/v2\/posts\/33754\/revisions"}],"wp:featuredmedia":[{"embeddable":true,"href":"https:\/\/granadacostaglobal.es\/index.php?rest_route=\/"}],"wp:attachment":[{"href":"https:\/\/granadacostaglobal.es\/index.php?rest_route=%2Fwp%2Fv2%2Fmedia&parent=33754"}],"wp:term":[{"taxonomy":"category","embeddable":true,"href":"https:\/\/granadacostaglobal.es\/index.php?rest_route=%2Fwp%2Fv2%2Fcategories&post=33754"},{"taxonomy":"post_tag","embeddable":true,"href":"https:\/\/granadacostaglobal.es\/index.php?rest_route=%2Fwp%2Fv2%2Ftags&post=33754"}],"curies":[{"name":"wp","href":"https:\/\/api.w.org\/{rel}","templated":true}]}}