{"id":33734,"date":"2022-11-07T11:24:58","date_gmt":"2022-11-07T10:24:58","guid":{"rendered":"http:\/\/granadacostanacional.es\/?p=33734"},"modified":"2022-11-07T11:24:58","modified_gmt":"2022-11-07T10:24:58","slug":"el-5-noviembre-dia-mundial-del-payaso-a-toda-costa","status":"publish","type":"post","link":"https:\/\/granadacostaglobal.es\/?p=33734","title":{"rendered":"El 5 noviembre D\u00eda mundial del Payaso \u2013 A TODA COSTA"},"content":{"rendered":"\n<h2 class=\"wp-block-heading\"><strong>Estamos ante una fecha para homenajear a estos simp\u00e1ticos personajes que tienen una enorme nariz roja y un gran coraz\u00f3n<\/strong><\/h2>\n\n\n\n<p>Nos hacen re\u00edr con sus ocurrencias y con sus vestuarios llamativos, proporcionando alegr\u00eda y diversi\u00f3n a todos, especialmente a los ni\u00f1os.<\/p>\n\n\n\n<p>Esta noble ocupaci\u00f3n no conoce fronteras, razas ni idiomas. Es universal y ampliamente reconocida en todo el mundo.<\/p>\n\n\n\n<p>Podemos encontrarlos en una esquina de sem\u00e1foro en la calle, en eventos, fiestas infantiles y celebraciones.<\/p>\n\n\n\n<figure class=\"wp-block-image size-full\"><img decoding=\"async\" src=\"http:\/\/granadacostanacional.es\/wp-content\/uploads\/2022\/11\/los-narices.jpg\" alt=\"\" class=\"wp-image-33735\"\/><\/figure>\n\n\n\n<p>Son imprescindibles en todos los espect\u00e1culos que ofrecen los circos alrededor del mundo \u00bfQu\u00e9 ser\u00eda de un circo sin la presencia de uno o m\u00e1s payasos?<\/p>\n\n\n\n<p>Un poco de historia para mejor situar su raz\u00f3n de ser a lo largo del tiempo, donde se han descubierto rasgos de la aparici\u00f3n de los bufones y payasos como personajes burlescos.<\/p>\n\n\n\n<p>En Egipto existen datos sobre la presencia de bufones en la corte real, durante la Quinta Dinast\u00eda Egipcia (a\u00f1o dos mil quinientos a.C.).<\/p>\n\n\n\n<p>Los griegos y romanos incorporaron payasos en obras sat\u00edricas de teatro. En China, durante el siglo II a. C. los bufones formaban parte de la camarilla de los reyes. En M\u00e9xico Moctezuma tuvo en su corte de palacio enanos y chanceros que le hicieran re\u00edr.<\/p>\n\n\n\n<p>Sin embargo, los payasos tambi\u00e9n son humanos, y aparte de caracterizar a un personaje divertido son personas como cualquier otra, que pueden estar atravesando problemas y dificultades familiares, econ\u00f3micas y personales.<\/p>\n\n\n\n<ul><li><strong>En ocasiones su trabajo no es realmente valorado ni bien remunerado<\/strong><\/li><\/ul>\n\n\n\n<p>La mayor\u00eda de ellos colaboran desinteresadamente en eventos y actividades ben\u00e9ficas, con la finalidad de arrancar una sonrisa a una persona enferma o con capacidades distintas.<\/p>\n\n\n\n<p>Debemos reconocer la labor e impacto social de los payasos en el mundo que va m\u00e1s all\u00e1 del rid\u00edculo y las risas, destacando su activa participaci\u00f3n en actividades ben\u00e9ficas, intervenciones comunitarias y humanitarias en hospitales, albergues, centros penitenciarios y campos de refugiados. Siempre estar\u00e1n all\u00ed dispuestos a robar la sonrisa de un ni\u00f1o o de un adulto.<\/p>\n\n\n\n<p><strong>\u00a1Muchas felicidades a los payasos en su d\u00eda y gracias por hacernos re\u00edr siempre!<\/strong><\/p>\n\n\n\n<p><\/p>\n\n\n\n<p class=\"has-text-align-right\"><strong>Francisco Ponce Carrasco<\/strong><\/p>\n","protected":false},"excerpt":{"rendered":"<p>Estamos ante una fecha para homenajear a estos simp\u00e1ticos personajes que tienen una enorme nariz roja y un gran coraz\u00f3n&hellip;<\/p>\n","protected":false},"author":3,"featured_media":24452,"comment_status":"open","ping_status":"open","sticky":false,"template":"","format":"standard","meta":{"om_disable_all_campaigns":false,"_mi_skip_tracking":false,"_monsterinsights_sitenote_active":false,"_monsterinsights_sitenote_note":"","_monsterinsights_sitenote_category":0,"footnotes":""},"categories":[21],"tags":[],"aioseo_notices":[],"_links":{"self":[{"href":"https:\/\/granadacostaglobal.es\/index.php?rest_route=\/wp\/v2\/posts\/33734"}],"collection":[{"href":"https:\/\/granadacostaglobal.es\/index.php?rest_route=\/wp\/v2\/posts"}],"about":[{"href":"https:\/\/granadacostaglobal.es\/index.php?rest_route=\/wp\/v2\/types\/post"}],"author":[{"embeddable":true,"href":"https:\/\/granadacostaglobal.es\/index.php?rest_route=\/wp\/v2\/users\/3"}],"replies":[{"embeddable":true,"href":"https:\/\/granadacostaglobal.es\/index.php?rest_route=%2Fwp%2Fv2%2Fcomments&post=33734"}],"version-history":[{"count":0,"href":"https:\/\/granadacostaglobal.es\/index.php?rest_route=\/wp\/v2\/posts\/33734\/revisions"}],"wp:featuredmedia":[{"embeddable":true,"href":"https:\/\/granadacostaglobal.es\/index.php?rest_route=\/"}],"wp:attachment":[{"href":"https:\/\/granadacostaglobal.es\/index.php?rest_route=%2Fwp%2Fv2%2Fmedia&parent=33734"}],"wp:term":[{"taxonomy":"category","embeddable":true,"href":"https:\/\/granadacostaglobal.es\/index.php?rest_route=%2Fwp%2Fv2%2Fcategories&post=33734"},{"taxonomy":"post_tag","embeddable":true,"href":"https:\/\/granadacostaglobal.es\/index.php?rest_route=%2Fwp%2Fv2%2Ftags&post=33734"}],"curies":[{"name":"wp","href":"https:\/\/api.w.org\/{rel}","templated":true}]}}