{"id":33729,"date":"2022-11-07T11:15:19","date_gmt":"2022-11-07T10:15:19","guid":{"rendered":"http:\/\/granadacostanacional.es\/?p=33729"},"modified":"2022-11-07T11:15:19","modified_gmt":"2022-11-07T10:15:19","slug":"churriana-arranca-las-actividades-de-la-escuela-de-familias","status":"publish","type":"post","link":"https:\/\/granadacostaglobal.es\/?p=33729","title":{"rendered":"Churriana arranca las actividades de la Escuela de Familias"},"content":{"rendered":"\n<p><strong>Dan comienzo las charlas de presentaci\u00f3n en los centros educativos<\/strong><\/p>\n\n\n\n<p>Los efectos de la crisis del covid en los m\u00e1s peque\u00f1os, los problemas de adaptaci\u00f3n, las desigualdades o los problemas de aprendizaje son algunos de los temas que la Escuela de Familias trata desde esta semana con los padres y madres en los centros educativos de Churriana de la Vega.<\/p>\n\n\n\n<p>Este proyecto, desarrollado por el \u00e1rea de Servicios Sociales del Ayuntamiento, comienza sus actividades con el objetivo de ofrecer a las familias herramientas \u00fatiles para afrontar situaciones que, en \u00faltimo t\u00e9rmino, pueden requerir ayuda profesional o el acceso a intervenci\u00f3n socioeducativa.<\/p>\n\n\n\n<figure class=\"wp-block-image size-full\"><img decoding=\"async\" src=\"http:\/\/granadacostanacional.es\/wp-content\/uploads\/2022\/11\/ESCUELA-FAMILIAS.jpeg\" alt=\"\" class=\"wp-image-33731\"\/><\/figure>\n\n\n\n<p>La escuela cuenta con un equipo de dos educadores sociales, dos psic\u00f3logos, una integradora social, una trabajadora social y un coordinador de salud. Esta iniciativa abordar\u00e1 retos como los problemas de conducta, convivencia, las necesidades educativas especiales, la brecha emocional, la desmotivaci\u00f3n o la falta de expectativas.<\/p>\n\n\n\n<p>El trabajo parte de la prevenci\u00f3n, con especial atenci\u00f3n a las familias m\u00e1s vulnerables, que son las que sufren en mayor medida las desigualdades educativas. La Escuela de Familias ofrece asistencia para mejorar el desarrollo personal, emocional y acad\u00e9mico del alumnado, as\u00ed como su autoestima.<\/p>\n\n\n\n<p>Destinadas a padres y madres, las sesiones se celebran de forma peri\u00f3dica en los centros educativos, tanto para educaci\u00f3n infantil como primaria, concretamente en el CEPR San Roque, el CEPR Virgen de la Cabeza, el CEIP Escultor C\u00e9sar Molina Meg\u00edas y la EI Arco Iris.<\/p>\n\n\n\n<p>Este programa del Ayuntamiento de Churriana de la Vega se une a otros como el proyecto socioeducativo galardonado con el Premio Europeo de Servicios Sociales 2021 o \u201cPasa tiempo con tus hijos\u201d, que pone el foco en las relaciones personales y el equilibrio emocional de la unidad familiar.<\/p>\n","protected":false},"excerpt":{"rendered":"<p>Dan comienzo las charlas de presentaci\u00f3n en los centros educativos Los efectos de la crisis del covid en los m\u00e1s&hellip;<\/p>\n","protected":false},"author":1,"featured_media":33730,"comment_status":"open","ping_status":"open","sticky":false,"template":"","format":"standard","meta":{"om_disable_all_campaigns":false,"_mi_skip_tracking":false,"_monsterinsights_sitenote_active":false,"_monsterinsights_sitenote_note":"","_monsterinsights_sitenote_category":0,"footnotes":""},"categories":[21],"tags":[],"aioseo_notices":[],"_links":{"self":[{"href":"https:\/\/granadacostaglobal.es\/index.php?rest_route=\/wp\/v2\/posts\/33729"}],"collection":[{"href":"https:\/\/granadacostaglobal.es\/index.php?rest_route=\/wp\/v2\/posts"}],"about":[{"href":"https:\/\/granadacostaglobal.es\/index.php?rest_route=\/wp\/v2\/types\/post"}],"author":[{"embeddable":true,"href":"https:\/\/granadacostaglobal.es\/index.php?rest_route=\/wp\/v2\/users\/1"}],"replies":[{"embeddable":true,"href":"https:\/\/granadacostaglobal.es\/index.php?rest_route=%2Fwp%2Fv2%2Fcomments&post=33729"}],"version-history":[{"count":0,"href":"https:\/\/granadacostaglobal.es\/index.php?rest_route=\/wp\/v2\/posts\/33729\/revisions"}],"wp:featuredmedia":[{"embeddable":true,"href":"https:\/\/granadacostaglobal.es\/index.php?rest_route=\/"}],"wp:attachment":[{"href":"https:\/\/granadacostaglobal.es\/index.php?rest_route=%2Fwp%2Fv2%2Fmedia&parent=33729"}],"wp:term":[{"taxonomy":"category","embeddable":true,"href":"https:\/\/granadacostaglobal.es\/index.php?rest_route=%2Fwp%2Fv2%2Fcategories&post=33729"},{"taxonomy":"post_tag","embeddable":true,"href":"https:\/\/granadacostaglobal.es\/index.php?rest_route=%2Fwp%2Fv2%2Ftags&post=33729"}],"curies":[{"name":"wp","href":"https:\/\/api.w.org\/{rel}","templated":true}]}}