{"id":33613,"date":"2022-10-24T16:20:34","date_gmt":"2022-10-24T15:20:34","guid":{"rendered":"http:\/\/granadacostanacional.es\/?p=33613"},"modified":"2022-10-24T16:20:34","modified_gmt":"2022-10-24T15:20:34","slug":"camino-de-santiago-francelina","status":"publish","type":"post","link":"https:\/\/granadacostaglobal.es\/?p=33613","title":{"rendered":"CAMINO DE SANTIAGO"},"content":{"rendered":"\n<p>Hay muchas razones para hacer el Camino de Santiago de Compostela. Algunos lo hacen por penitencia, otros por pedir milagros, o por apuestas con ellos mismos. Algunas personas buscan un sentido m\u00e1s religioso o espiritual, otras necesitan tiempo para estar solas y poner en orden sus pensamientos, muchas se sienten atra\u00eddas por el desaf\u00edo de recorrer cientos de kil\u00f3metros con sus propias piernas.<\/p>\n\n\n\n<p>&nbsp;&nbsp;&nbsp;&nbsp;&nbsp;&nbsp;&nbsp;&nbsp;&nbsp;&nbsp;&nbsp; Como saben, nac\u00ed en el norte de Portugal, all\u00ed tuvo mucho influencia en Camino de Santiago, pues a partir del siglo XII, el flujo de peregrinos hacia el norte de la Pen\u00ednsula estableci\u00f3 conexiones no s\u00f3lo espirituales sino tambi\u00e9n culturales y econ\u00f3micas, lazos humanos que las fronteras pol\u00edticas nunca podr\u00edan romper. El ejemplo de reyes, nobles y altos cl\u00e9rigos contribuy\u00f3 decisivamente a establecer una gran devoci\u00f3n jacobea, como el rey portugu\u00e9s Manuel I, que peregrin\u00f3 desde Lisboa a Santiago en 1502, y como recuerdo de su estancia en Compostela encarg\u00f3 una l\u00e1mpara para iluminar el templo de Santiago de d\u00eda y de noche, a la que destinar\u00eda un ingreso anual. Tal fue la huella en tierras portuguesas del fen\u00f3meno jacobeo que la red de transporte por carretera de Portugal quedar\u00eda configurada de sur a norte, pasando por los lugares que el Camino Portugu\u00e9s iba fijando a Galicia: Lisboa, Santar\u00e9m, Coimbra, Oporto, Barcelos, Ponte de Lima y Valen\u00e7a do Minho, donde el itinerario cruza el r\u00edo Mi\u00f1o y se adentra en Galicia. Hab\u00eda una canci\u00f3n que cant\u00e1bamos, \u201coh Galicia, tierra m\u00eda, quisiera quedarme en tu rinconcito\u201d.<\/p>\n\n\n\n<p>&nbsp;&nbsp;&nbsp;&nbsp;&nbsp;&nbsp;&nbsp;&nbsp;&nbsp;&nbsp;&nbsp; No puedo decir exactamente qu\u00e9 nos lleva a la gente a encontrar placer en este viaje, pero me gusta la idea de desconectar un poco del mundo y conocer un lugar nuevo con m\u00e1s calma de lo que normalmente es posible como turista. \u00a1Y, por supuesto, parece una buena oportunidad para observar aves! y escuchar a la gente decir que opt\u00f3 por la ruta m\u00e1s cl\u00e1sica: el camino franc\u00e9s depende de lo lejos que vayamos, esto es como ir a la Virgen de F\u00e1tima y otras peregrinaciones. Podr\u00eda escribir interminablemente sobre la experiencia del senderismo en s\u00ed, sobre el desaf\u00edo de llevar una mochila pesada durante tantas horas todos los d\u00edas, sobre ampollas en los pies y albergues para peregrinos. No es dif\u00edcil encontrar relatos detallados de estas desventuras, pero es m\u00e1s complicado encontrar informaci\u00f3n sobre las aves que se pueden ver en el camino, as\u00ed que les hablar\u00e9 sobre ello.<\/p>\n\n\n\n<p>&nbsp;&nbsp;&nbsp;&nbsp;&nbsp;&nbsp;&nbsp;&nbsp;&nbsp;&nbsp;&nbsp; Hice el camino hace muchos a\u00f1os, cuando todav\u00eda ten\u00eda fuerza en mis piernas. Ahora ya no puedo caminar y no veo lo suficiente bien para escribir, espero que Santiago bendito, me ayude a mejorar la vista despu\u00e9s de la operaci\u00f3n. Hicimos el Camino de Santiago entre marzo y abril, principios de primavera. Los primeros d\u00edas encontramos \u00e1rboles completamente sin hojas, pero el paisaje cambi\u00f3 y a medida que nos acerc\u00e1bamos al final todo se volvi\u00f3 m\u00e1s verde. La fecha tambi\u00e9n nos dio la oportunidad de observar las cig\u00fce\u00f1as en su per\u00edodo reproductivo, que se extiende aproximadamente de abril a mayo y junio. A finales de mes ya encontr\u00e1bamos nidos con cigo\u00f1inos. Los nidos son grandes y pueden ser reutilizados por las cig\u00fce\u00f1as durante muchos a\u00f1os. El Camino conduce a muchos pueblos peque\u00f1os, pero tambi\u00e9n atraviesa grandes ciudades como Pamplona, \u200b\u200bLogro\u00f1o, Burgos y Le\u00f3n. Pero la mayor parte del camino transcurre por el campo. Por eso la mayor\u00eda de las aves que observamos son precisamente las que gustan de este tipo de ambiente: estornino, charr\u00e1n, mirlo, jilguero, gorri\u00f3n, etc.<\/p>\n\n\n\n<figure class=\"wp-block-gallery has-nested-images columns-default is-cropped wp-block-gallery-1 is-layout-flex wp-block-gallery-is-layout-flex\">\n<figure class=\"wp-block-image size-large\"><img decoding=\"async\" data-id=\"33615\" src=\"http:\/\/granadacostanacional.es\/wp-content\/uploads\/2022\/10\/foto-1.jpeg\" alt=\"\" class=\"wp-image-33615\"\/><\/figure>\n\n\n\n<figure class=\"wp-block-image size-large\"><img decoding=\"async\" data-id=\"33616\" src=\"http:\/\/granadacostanacional.es\/wp-content\/uploads\/2022\/10\/foto-2.jpeg\" alt=\"\" class=\"wp-image-33616\"\/><\/figure>\n\n\n\n<figure class=\"wp-block-image size-large\"><img decoding=\"async\" data-id=\"33617\" src=\"http:\/\/granadacostanacional.es\/wp-content\/uploads\/2022\/10\/foto-3.jpeg\" alt=\"\" class=\"wp-image-33617\"\/><\/figure>\n\n\n\n<figure class=\"wp-block-image size-large\"><img decoding=\"async\" data-id=\"33618\" src=\"http:\/\/granadacostanacional.es\/wp-content\/uploads\/2022\/10\/foto-4.jpeg\" alt=\"\" class=\"wp-image-33618\"\/><\/figure>\n\n\n\n<figure class=\"wp-block-image size-large\"><img decoding=\"async\" data-id=\"33614\" src=\"http:\/\/granadacostanacional.es\/wp-content\/uploads\/2022\/10\/foto-5.jpg\" alt=\"\" class=\"wp-image-33614\"\/><\/figure>\n<\/figure>\n\n\n\n<p>&nbsp;&nbsp;&nbsp;&nbsp;&nbsp;&nbsp;&nbsp;&nbsp;&nbsp;&nbsp;&nbsp; No hab\u00eda tiempo para tomar fotos a todas las especies, fue hermoso. Aun as\u00ed logr\u00e9 registrar muchas especies. Parte de la belleza del camino es detenerse, por la ma\u00f1ana, a observar esos hermosos campos, plantas y flores, los animales o incluso las t\u00edpicas construcciones de cada parte del Camino. Fotografiar p\u00e1jaros en el camino no es la tarea m\u00e1s f\u00e1cil. El cansancio tambi\u00e9n lo hace muy dif\u00edcil, perd\u00ed la oportunidad de tomar algunas buenas fotos porque no ten\u00eda ganas de sacar la c\u00e1mara desos\u00e9 de tantas horas de camino. Los peregrinos se levantan muy temprano y en esto se parecen mucho a los observadores de aves.&nbsp; El mejor momento para fotografiarlos era en las primeras horas del d\u00eda, la luz tambi\u00e9n ayudaba mucho. Pero no siempre est\u00e1bamos en el lugar correcto en el momento correcto. Desconoc\u00eda la existencia del mirador de La Laguna de Bercianos, por ejemplo, y cuando pasamos junto a \u00e9l, el sol ya estaba alto. No hab\u00eda patitos en el agua que estaba bastante seca. En general, tuvimos pocas oportunidades de observar m\u00e1s aves acu\u00e1ticas. Los lagos son escasos a lo largo del camino franc\u00e9s. Pero justo despu\u00e9s de Logro\u00f1o pasamos un parque llamado La Grajera y all\u00ed encontramos un gran lago. No tuvimos tiempo de explorarlo bien, pero pudimos ver patos, cisnes, etc. Gran parte del Camino de Santiago atraviesa la llamada Meseta. Formando una enorme meseta en el centro de Espa\u00f1a, la Meseta es una regi\u00f3n bastante plana con interminables campos de trigo y heno. Un verdadero desierto verde. Por razones obvias, fue donde encontramos la menor diversidad de aves. Pero la Meseta alberga una de las aves con m\u00e1s encanto que encontramos en el Camino de Santiago: el escribano triguero. No es que su canto sea demasiado asombroso, pero el pajarito canta todo el tiempo. Desde la ma\u00f1ana temprano hasta el atardecer. Llueva o haga sol. Incluso en las horas m\u00e1s calurosas del d\u00eda estaban all\u00ed, cantando, imperturbables por los peregrinos que pasaban todo el tiempo por sus territorios.<\/p>\n\n\n\n<p>La Meseta es un gran lugar para observar a las aves rapaces. A lo largo del camino hay varios carteles que invitan al visitante a descubrir la fauna y flora local. La observaci\u00f3n de aves no es muy popular entre los peregrinos, pero encontr\u00e9 algunos con prism\u00e1ticos al hombro. En general, la gente nos ve\u00eda fotografiando tanto y nos preguntaba qu\u00e9 hac\u00edamos.<\/p>\n\n\n\n<p>&nbsp;&nbsp;&nbsp;&nbsp;&nbsp;&nbsp;&nbsp;&nbsp;&nbsp;&nbsp;&nbsp; \u00a1Los p\u00e1jaros siempre son un buen gancho para iniciar una conversaci\u00f3n! Despu\u00e9s de recorrer toda la meseta, el paisaje empez\u00f3 a cambiar. Despu\u00e9s de Astorga volvimos a encontrar monta\u00f1as, un poco de fr\u00edo y paisajes impresionantes. Fue all\u00ed donde vimos algunas especies que prefieren un poco m\u00e1s de altura. A falta de pocos d\u00edas para el final del Camino de Santiago, empec\u00e9 a preocuparme. La especie que m\u00e1s quer\u00eda encontrar, la abubilla, segu\u00eda sin aparecer, pero a\u00fan no hab\u00eda perdido la esperanza del todo. Pues se trata de un p\u00e1jaro discreto y, posiblemente, ya hab\u00eda pasado cerca de uno sin darme cuenta. Un d\u00eda, estaba reflexionando sobre el peso de mi mochila (un pensamiento recurrente en este viaje) y una abubilla pas\u00f3 volando frente a m\u00ed. El encuentro debi\u00f3 durar unos 3 segundos, pero fue suficiente para reconocer a esta especie tan caracter\u00edstica. Despu\u00e9s desapareci\u00f3 y no la volv\u00ed a ver. Como les dec\u00eda, aunque el Camino de Santiago no es una ruta de observaci\u00f3n de aves, fue una experiencia importante para m\u00ed. Dir\u00eda que lo m\u00e1s interesante fue poder observarlos durante tantos d\u00edas, notando matices y gestos que no ser\u00eda posible captar en un per\u00edodo m\u00e1s corto.<\/p>\n\n\n\n<p>&nbsp;&nbsp;&nbsp;&nbsp;&nbsp;&nbsp;&nbsp;&nbsp;&nbsp;&nbsp;&nbsp; \u00a1Hemos llegado al final del viaje! Llegando a Santiago se terminaron las flechas amarillas que nos guiaron durante tantos d\u00edas de caminata. Nos tom\u00f3 un tiempo volver a nuestra rutina normal. Hubo buenos recuerdos de las personas que conocimos, los lugares por los que pasamos, las muchas situaciones que vivimos!<\/p>\n\n\n\n<hr class=\"wp-block-separator has-alpha-channel-opacity\"\/>\n\n\n\n<pre class=\"wp-block-verse has-text-align-center\" style=\"font-style:normal;font-weight:300\">EL AGUA DEL RIO LEVATE\n\nEl agua del r\u00edo levate\nvioletas largas,\njusto ayer me dijeron\nque no te casar\u00edas conmigo.\nque me enga\u00f1abas,\nno me casar\u00e9 contigo,\nni que la muerte me lleve,\nme caso contigo si me tienes amor,\npero todav\u00eda no porque soy joven;\nMa\u00f1ana a esta hora habr\u00e1 pasado el d\u00eda\nese ser\u00e1 mi pasado, te dar\u00e9 un s\u00ed o un no.\nSabes lo que te digo, amor,\nsi quieres que te escriba \u00a1Dame tu direcci\u00f3n!\nEstoy cerca, de \u00d3is da Ribeira,\neste no es mi verdadero nombre,\npara olvidar, dejo que el dolor se calme,\nhab\u00eda tanto ruido, mientras escuchaba el viento.\nYo era joven y me hizo saltar entre las rocas,\nfui despacio en estas aguas\nque me estaban ense\u00f1ando,\nno quer\u00eda recuerdos y secretos.\nEl camino va resonando\ny la monta\u00f1a va murmurando.\nLas penas con agua son\n las penas que se borran.\nFlor de azucena,\n para que el alma est\u00e9 serena.\nLas penas son como l\u00e1grimas tan grandes\ncomo viajes, \u00a1tan lejanos!\n\nSi dejo de llorar alguien las borra.\nRuego a Santiago.\nNo estropees las penas tan grandes,\nson como mi amor, se acuesta en la tarde\nen la sombr\u00eda, para m\u00ed es alegr\u00eda.\nEl agua manejada poco a poco riega y endereza.\nEl amanecer regar\u00e1 y amanece el nuevo d\u00eda.\nAgua que desciende de la monta\u00f1a con prisa:\nVen y canta a lo largo de las rocas\npara saludarme al llegar.\n\n<\/pre>\n\n\n\n<p class=\"has-text-align-right\">Francelina Robin<\/p>\n\n\n\n<figure class=\"wp-block-gallery alignright has-nested-images columns-default is-cropped wp-block-gallery-3 is-layout-flex wp-block-gallery-is-layout-flex\">\n<figure class=\"wp-block-image size-large is-style-default\"><img decoding=\"async\" data-id=\"33621\" src=\"http:\/\/granadacostanacional.es\/wp-content\/uploads\/2022\/10\/F.png\" alt=\"\" class=\"wp-image-33621\"\/><\/figure>\n\n\n\n<figure class=\"wp-block-image size-large\"><img decoding=\"async\" data-id=\"33620\" src=\"http:\/\/granadacostanacional.es\/wp-content\/uploads\/2022\/10\/R-1.png\" alt=\"\" class=\"wp-image-33620\"\/><\/figure>\n<figcaption class=\"blocks-gallery-caption\"><br \/><br \/><br \/><\/figcaption><\/figure>\n","protected":false},"excerpt":{"rendered":"<p>Hay muchas razones para hacer el Camino de Santiago de Compostela. Algunos lo hacen por penitencia, otros por pedir milagros,&hellip;<\/p>\n","protected":false},"author":2,"featured_media":19434,"comment_status":"open","ping_status":"open","sticky":false,"template":"","format":"standard","meta":{"om_disable_all_campaigns":false,"_mi_skip_tracking":false,"_monsterinsights_sitenote_active":false,"_monsterinsights_sitenote_note":"","_monsterinsights_sitenote_category":0,"footnotes":""},"categories":[21,30],"tags":[],"aioseo_notices":[],"_links":{"self":[{"href":"https:\/\/granadacostaglobal.es\/index.php?rest_route=\/wp\/v2\/posts\/33613"}],"collection":[{"href":"https:\/\/granadacostaglobal.es\/index.php?rest_route=\/wp\/v2\/posts"}],"about":[{"href":"https:\/\/granadacostaglobal.es\/index.php?rest_route=\/wp\/v2\/types\/post"}],"author":[{"embeddable":true,"href":"https:\/\/granadacostaglobal.es\/index.php?rest_route=\/wp\/v2\/users\/2"}],"replies":[{"embeddable":true,"href":"https:\/\/granadacostaglobal.es\/index.php?rest_route=%2Fwp%2Fv2%2Fcomments&post=33613"}],"version-history":[{"count":0,"href":"https:\/\/granadacostaglobal.es\/index.php?rest_route=\/wp\/v2\/posts\/33613\/revisions"}],"wp:featuredmedia":[{"embeddable":true,"href":"https:\/\/granadacostaglobal.es\/index.php?rest_route=\/"}],"wp:attachment":[{"href":"https:\/\/granadacostaglobal.es\/index.php?rest_route=%2Fwp%2Fv2%2Fmedia&parent=33613"}],"wp:term":[{"taxonomy":"category","embeddable":true,"href":"https:\/\/granadacostaglobal.es\/index.php?rest_route=%2Fwp%2Fv2%2Fcategories&post=33613"},{"taxonomy":"post_tag","embeddable":true,"href":"https:\/\/granadacostaglobal.es\/index.php?rest_route=%2Fwp%2Fv2%2Ftags&post=33613"}],"curies":[{"name":"wp","href":"https:\/\/api.w.org\/{rel}","templated":true}]}}