{"id":33594,"date":"2022-10-24T12:01:13","date_gmt":"2022-10-24T11:01:13","guid":{"rendered":"http:\/\/granadacostanacional.es\/?p=33594"},"modified":"2022-10-24T12:01:13","modified_gmt":"2022-10-24T11:01:13","slug":"el-origen-de-los-males-de-espana","status":"publish","type":"post","link":"https:\/\/granadacostaglobal.es\/?p=33594","title":{"rendered":"EL ORIGEN DE LOS MALES DE ESPA\u00d1A\u00a0"},"content":{"rendered":"\n<p class=\"has-text-align-right\"><strong>&nbsp;<\/strong><strong>&nbsp; <\/strong>S\u00f3lo hay dos cosas infinitas:<\/p>\n\n\n\n<p class=\"has-text-align-right\">&nbsp; El Universo y la estupidez humana,<\/p>\n\n\n\n<p class=\"has-text-align-right\">&nbsp;&nbsp;&nbsp;&nbsp;&nbsp;&nbsp; aunque de la primera no estoy<\/p>\n\n\n\n<p class=\"has-text-align-right\">&nbsp;&nbsp;&nbsp;&nbsp;&nbsp;&nbsp;&nbsp;&nbsp;&nbsp;&nbsp;&nbsp;&nbsp; del todo seguro (Einstein)<\/p>\n\n\n\n<p>&nbsp; Me dice mi amigo Juan que el gobierno est\u00e1 desbordado de problemas y que cuando toma alguna medida siempre es la equivocada, mete la pata continuamente y, por tanto, no es necesario ser adivino para saber hacia d\u00f3nde lleva a esta Espa\u00f1a nuestra. Todos los factores se\u00f1alan en la misma direcci\u00f3n: hacia el precipicio seg\u00fan coment\u00e1bamos el mes anterior. Pero cada d\u00eda que pasa estamos m\u00e1s cerca.<\/p>\n\n\n\n<p>Un parlamentario europeo alem\u00e1n dijo hace unos d\u00edas, con no poca preocupaci\u00f3n, que Espa\u00f1a ya hab\u00eda endeudado a esta generaci\u00f3n, a la siguiente y a sus hijos, es decir, que los espa\u00f1oles que nazcan en el a\u00f1o 2050 ya nacen endeudados. Y a pesar de este negro porvenir el gobierno central y los otros 18 siguen despilfarrando sin freno sin que nadie les tire de las riendas con fuerza y les haga caminar por el camino de la raz\u00f3n. \u00bfPara qu\u00e9 est\u00e1n esas instituciones como son el Tribunal de Cuentas, el Banco de Espa\u00f1a, los partidos de la oposici\u00f3n, los sindicatos, la patronal y dem\u00e1s organismos de gesti\u00f3n y control?<\/p>\n\n\n\n<p>Le digo a Juan que la oposici\u00f3n lo est\u00e1 denunciando continuamente pero que no le hacen caso. Juan me replica que denunciarlo est\u00e1 bien, pero que la denuncia no vale de nada si no va seguida de la acci\u00f3n. Si no llueve no vale lamentarse de la sequ\u00eda, hay que buscar soluciones.<\/p>\n\n\n\n<p>T\u00fa fuiste alcalde de Jete y de Almu\u00f1\u00e9car y cuando \u00e9sta empez\u00f3 a crecer por el turismo \u00bfno buscaste soluciones ante la escasez de agua haciendo pozos, canalizaciones, cisternas y evitaste el desperdicio del agua? \u00bfPor qu\u00e9 estos nuevos pol\u00edticos no buscan soluciones a todos los grandes problemas que hoy tenemos en Espa\u00f1a y que,\u00a0 la mayor\u00eda, los han creado ellos?<\/p>\n\n\n\n<p>Ahora que viene al caso, \u00bfCu\u00e1nto cobrabas de alcalde de Almu\u00f1\u00e9car?<\/p>\n\n\n\n<p>Me quedo mirando a Juan y dudo si es que no lo sabe o es que quiere tirarme de la lengua. Finalmente le digo muy serio y con rotundidad: No cobraba absolutamente NADA, tampoco ning\u00fan concejal. El mejor de los sueldos era el honor y la satisfacci\u00f3n que produc\u00eda el poder engrandecer a mi pueblo y&nbsp; servir a los ciudadanos.<\/p>\n\n\n\n<p>\u00a0\u00a0\u00a0\u00a0\u00a0\u00a0\u00a0\u00a0 Seguidamente me pregunta cu\u00e1nto ganan en la actualidad el grupo de gobierno del Ayuntamiento de Almu\u00f1\u00e9car y le digo que lo ignoro, pero s\u00e9 que \u00e9l lo sabe. Le digo que repase lo que se hizo en mi \u00e9poca \u201cpor el pueblo\u201d y los impuestos que se pagaban entonces y compare con lo actual.<\/p>\n\n\n\n<p>&nbsp;&nbsp;&nbsp;&nbsp;&nbsp; &nbsp;Es una normal inclinaci\u00f3n del ser humano el enriquecerse y tener poder sobre los dem\u00e1s en todos los aspectos de la vida, pero es nefasto cuando esto ocurre en un pol\u00edtico porque entra en la corrupci\u00f3n, tomando el cargo como un trampol\u00edn para enriquecerse. Hasta el ignorante y palurdo Sancho Panza pens\u00f3 en enriquecerse cuando lo nombraron gobernador. As\u00ed consta en la carta que le escribi\u00f3 a su mujer: \u201cDe aqu\u00ed a pocos d\u00edas me partir\u00e9 al gobierno, a donde voy con grand\u00edsimo deseo de hacer DINEROS, porque me han dicho que todos los gobernadores (l\u00e9ase pol\u00edticos) nuevos van con este mismo deseo\u201d.&nbsp; \u00bfCu\u00e1ntos Sanchos con este deseo de hacer dineros tenemos hoy?<\/p>\n\n\n\n<p>&nbsp;&nbsp;&nbsp;&nbsp;&nbsp;&nbsp; El fil\u00f3sofo franc\u00e9s Jean-Fran\u00e7ois Revel escribi\u00f3 en su libro: \u201cNi Marx ni Jes\u00fas\u201d, que toda revoluci\u00f3n o cambio, debe aportar al pa\u00eds soluciones econ\u00f3micas, tecnol\u00f3gicas, y mayor eficacia en la gesti\u00f3n al sistema de gobierno que reemplaza o destruye, pues de lo contrario ir\u00e1 directamente a la ruina, estar\u00e1 perdido. \u00bfNo es esto lo que ha ocurrido y sigue a marchas forzadas en Espa\u00f1a?<\/p>\n\n\n\n<p>&nbsp;&nbsp;&nbsp;&nbsp; Nunca fue Espa\u00f1a una gran naci\u00f3n industrial, pero en 1941 se cre\u00f3 el Instituto Nacional de Industria (INI) que cumpli\u00f3 su misi\u00f3n: la industrializaci\u00f3n a un alto nivel comparable a otros pa\u00edses de Europa. Pues bien, a partir de los a\u00f1os 80 esa gran industria empez\u00f3 a desmantelarse.<\/p>\n\n\n\n<p>Otro de los pilares de nuestra econom\u00eda es la agricultura que tambi\u00e9n estas pol\u00edticas se la han cargado con las presiones fiscales, encarecimiento de los abonos, agua, electricidad y otras muchas cosillas. Antes ten\u00edamos una agricultura floreciente, hoy tierra quemada. \u00bfCu\u00e1ntos saben lo que fue el Instituto Nacional de Colonizaci\u00f3n?<\/p>\n\n\n\n<p>Tambi\u00e9n podemos englobar en esta destrucci\u00f3n esa sociedad llamada \u201cclase media\u201d que es la que da estabilidad, riqueza, libertad y paz a un pa\u00eds. Otro factor a tener en cuenta es la pobreza intelectual y profesional de nuestros gobernantes, por lo que se hace imposible la eficacia en la gesti\u00f3n, como apuntaba el fil\u00f3sofo Revel; y no digamos nada sobre su \u00e9tica y moral, ah\u00ed est\u00e1n los ejemplos en todos los partidos.<\/p>\n\n\n\n<p>Le pregunto a Juan qu\u00e9 le parece la subida de sueldo de los pol\u00edticos. Por respuesta suelta un taco y simplemente dice: indecentes, cretinos y otras cosas que no se pueden escribir. As\u00ed, no tiene nada de extra\u00f1o, que cuando en Andaluc\u00eda traten de eliminar el impuesto patrimonial hayan puesto el grito en el cielo, van a desequilibrar los presupuestos; tienen que sacar dineros para sus altos sueldos. <strong>Ahora resulta que subir impuestos es bueno y bajarlos es malo.&nbsp; <\/strong>Espa\u00f1a es el \u00fanico pa\u00eds donde los muertos pagan.<\/p>\n\n\n\n<p>Nos afectan males por todas partes: el que produce los incendios no es el cambio clim\u00e1tico como machaconamente y con contumacia nuestro Dr. S\u00e1nchez repite, sino las personas, los pol\u00edticos y la falta de previsi\u00f3n, falta de personal y de medios como ha ocurrido este a\u00f1o y los anteriores, y con el \u00faltimo de los Gu\u00e1jares que nos ha afectado muy directamente. Ante tama\u00f1o desastre, \u00bfQu\u00e9 dicen los ecologistas, los verdes, los animalistas, las asociaciones de medio ambiente, los defensores de la Naturaleza y otros m\u00e1s que cobran y ese Ministerio de Medio Ambiente?<\/p>\n\n\n\n<p>\u00a0\u00a0\u00a0\u00a0 En Andaluc\u00eda est\u00e1n cobrando el paro cerca de un mill\u00f3n de personas pero nadie va ni voluntariamente ni obligado a limpiar ni a repoblar lo quemado. En \u00e9pocas pasadas cuando se produc\u00eda un incendio al poco tiempo ya estaban limpios los montes y repoblados. Y no solamente lo quemado sino tambi\u00e9n aquellas tierras desiertas en las que se pod\u00eda plantar un \u00e1rbol con aquel noble plan de la \u201crepoblaci\u00f3n forestal\u201d de Espa\u00f1a. <\/p>\n\n\n\n<p>Como muestra entre los a\u00f1os 1940 y 1957 se repobl\u00f3 un mill\u00f3n sesenta mil hect\u00e1reas, y como iba a ritmo creciente, en un solo a\u00f1o 1959 se repoblaron ciento veinticinco mil hect\u00e1reas. <strong>En estos tiempos no se hace repoblaci\u00f3n alguna, en<\/strong> <strong>cambio dejan que todo se queme. A esto este gobierno llama<\/strong> <strong>progreso.<\/strong> Tambi\u00e9n es <strong>progreso<\/strong> que en ciertas regiones de Espa\u00f1a no se pueda hablar ni estudiar el espa\u00f1ol\u2026 Que imponga restricciones de todas clases para ahorrar y el Sr. Presidente se desplace continuamente en el Falcon que contamina y gasta 6000 euros a la hora\u2026<\/p>\n\n\n\n<p>&nbsp;&nbsp;&nbsp;&nbsp;&nbsp;&nbsp;&nbsp; A la vista de los hechos le pregunto a Juan si la Moncloa est\u00e1 vac\u00eda y me contesta que no que hay un \u201cokupa\u201d por la sencilla raz\u00f3n que al Dr. S\u00e1nchez el pueblo no le ha enviado all\u00ed, pues es el \u00fanico Presidente que ha ocupado la Moncloa con un n\u00famero bajo de esca\u00f1os. Y que no le quieren demostrado est\u00e1 que a cualquier parte que va le abuchean, y la \u00faltima vez el 12 de octubre en su descort\u00e9s palurda actuaci\u00f3n en al desfile de las Fuerzas Armadas.<\/p>\n\n\n\n<p>El historiador y pol\u00edtico ingl\u00e9s Macaulay dijo esto de nuestro pa\u00eds: \u201c Todas las causas de la decadencia de Espa\u00f1a se sintetizan en una sola: el mal gobierno\u201d.<\/p>\n\n\n\n<p class=\"has-text-align-right\">JOS\u00c9 ANTONIO BUSTOS 16 de 0ctubre de 2022<\/p>\n","protected":false},"excerpt":{"rendered":"<p>&nbsp;&nbsp; S\u00f3lo hay dos cosas infinitas: &nbsp; El Universo y la estupidez humana, &nbsp;&nbsp;&nbsp;&nbsp;&nbsp;&nbsp; aunque de la primera no estoy&hellip;<\/p>\n","protected":false},"author":2,"featured_media":33167,"comment_status":"open","ping_status":"open","sticky":false,"template":"","format":"standard","meta":{"om_disable_all_campaigns":false,"_mi_skip_tracking":false,"_monsterinsights_sitenote_active":false,"_monsterinsights_sitenote_note":"","_monsterinsights_sitenote_category":0,"footnotes":""},"categories":[21,30],"tags":[],"aioseo_notices":[],"_links":{"self":[{"href":"https:\/\/granadacostaglobal.es\/index.php?rest_route=\/wp\/v2\/posts\/33594"}],"collection":[{"href":"https:\/\/granadacostaglobal.es\/index.php?rest_route=\/wp\/v2\/posts"}],"about":[{"href":"https:\/\/granadacostaglobal.es\/index.php?rest_route=\/wp\/v2\/types\/post"}],"author":[{"embeddable":true,"href":"https:\/\/granadacostaglobal.es\/index.php?rest_route=\/wp\/v2\/users\/2"}],"replies":[{"embeddable":true,"href":"https:\/\/granadacostaglobal.es\/index.php?rest_route=%2Fwp%2Fv2%2Fcomments&post=33594"}],"version-history":[{"count":0,"href":"https:\/\/granadacostaglobal.es\/index.php?rest_route=\/wp\/v2\/posts\/33594\/revisions"}],"wp:featuredmedia":[{"embeddable":true,"href":"https:\/\/granadacostaglobal.es\/index.php?rest_route=\/"}],"wp:attachment":[{"href":"https:\/\/granadacostaglobal.es\/index.php?rest_route=%2Fwp%2Fv2%2Fmedia&parent=33594"}],"wp:term":[{"taxonomy":"category","embeddable":true,"href":"https:\/\/granadacostaglobal.es\/index.php?rest_route=%2Fwp%2Fv2%2Fcategories&post=33594"},{"taxonomy":"post_tag","embeddable":true,"href":"https:\/\/granadacostaglobal.es\/index.php?rest_route=%2Fwp%2Fv2%2Ftags&post=33594"}],"curies":[{"name":"wp","href":"https:\/\/api.w.org\/{rel}","templated":true}]}}