{"id":33562,"date":"2022-10-24T07:58:48","date_gmt":"2022-10-24T06:58:48","guid":{"rendered":"http:\/\/granadacostanacional.es\/?p=33562"},"modified":"2022-10-24T07:58:48","modified_gmt":"2022-10-24T06:58:48","slug":"desde-el-mas-alla","status":"publish","type":"post","link":"https:\/\/granadacostaglobal.es\/?p=33562","title":{"rendered":"DESDE\u00a0 EL\u00a0 M\u00c1S\u00a0 ALL\u00c1"},"content":{"rendered":"\n<p class=\"has-text-align-right\"><strong>Hallar\u00e1s mucho de inveros\u00edmil<\/strong><\/p>\n\n\n\n<p class=\"has-text-align-right\"><strong>e inaudito que, no obstante, es<\/strong><\/p>\n\n\n\n<p class=\"has-text-align-right\"><strong>genuino y real. (San Jer\u00f3nimo)<\/strong><\/p>\n\n\n\n<p>\u00a0\u00a0\u00a0\u00a0\u00a0 El d\u00eda 15 de octubre descansaba yo en la Costa Tropical\u00a0 granadina cuando recib\u00ed un whats app con este lac\u00f3nico y doloroso texto: \u201c. N\u00e9stor ha muerto, el funeral hoy a las 7 de la tarde en el cementerio de Granada\u201d.\u00a0 Debo decir que no me sorprendi\u00f3 su muerte porque dos d\u00edas antes le hab\u00eda visitado en su casa y lo encontr\u00e9 ya en \u201clas \u00faltimas\u201d. Como en cierta ocasi\u00f3n dijo el escritor Balzac, \u201csu mirada era pensamiento visible\u201d, adem\u00e1s \u00e9l me manifest\u00f3 con verdadera convicci\u00f3n su deseo de partir, y los deseos de esta clase se suelen cumplir por una misteriosa percepci\u00f3n interior.<\/p>\n\n\n\n<p>&nbsp;&nbsp;&nbsp;&nbsp;&nbsp;&nbsp;&nbsp;&nbsp; Sus \u00faltimos a\u00f1os de vida terrenal no fueron tan agradables como correspond\u00eda a su comportamiento como padre de familia, como ciudadano ejemplar y como persona creyente y practicante. \u00c9l no se hac\u00eda preguntas filos\u00f3ficas ni teol\u00f3gicas, pero cumpl\u00eda al pie de la letra el mandamiento Divino: \u201ccomer\u00e1s el pan con el sudor de tu frente\u201d; y su norma de conducta fue el cumplimiento de los diez mandamientos de la Ley de Dios. Por eso a los 89 a\u00f1os s\u00f3lo le quedaba la esperanza en Dios que est\u00e1 por encima de todas nuestras debilidades y miserias: por encima de la muerte.<\/p>\n\n\n\n<p>&nbsp;&nbsp;&nbsp;&nbsp;&nbsp;&nbsp;&nbsp;&nbsp; Llegu\u00e9 al tanatorio y me fui directamente a la capilla y al pie del altar mayor destacaba una lujosa caja donde ya descansaba el cuerpo de N\u00e9stor, que no su alma. Acabado el oficio religioso y las palabras de consuelo del oficiante a la familia y amigos, acto seguido se lo llevaron al crematorio y al poco tiempo un empleado le dio a los familiares una cajita donde presumiblemente conten\u00eda lo que hab\u00eda quedado de N\u00e9stor.<\/p>\n\n\n\n<p>All\u00ed me encontr\u00e9 con un amigo com\u00fan que una vez terminado todo tomamos el autob\u00fas para el centro de Granada y nos bajamos en Puerta Real. Durante el trayecto hablamos muy poco y sin sustancia, pues en estas circunstancias el \u00e1nimo no da para mucho. Adem\u00e1s, el d\u00eda estaba triste no s\u00f3lo por la muerte de nuestro amigo sino porque acababa de caer un fuerte chaparr\u00f3n de estos de verano y todo estaba encharcado y el cielo negro amenazaba con otro golpe.<\/p>\n\n\n\n<p>Acompa\u00f1\u00e9 a mi amigo hasta su casa en Reyes Cat\u00f3licos y al pasar por la plaza de la Fuente de las Batallas, siempre tan concurrida, esa tarde-noche estaba completamente vac\u00eda, corrijo, una persona sola ocupaba un banco. Al llegar a su altura le mir\u00e9 y \u00e9l gir\u00f3 la cabeza y tambi\u00e9n me mir\u00f3. Inconscientemente di unos pasos para acercarme, de pronto me par\u00e9 en seco y un fuerte estremecimiento recorri\u00f3 todo mi ser: aquella persona sentada en el banco era N\u00c9STOR al que acababan de incinerar. Retroced\u00ed espantado y le pregunt\u00e9 a mi amigo que se\u00f1alando al banco y le dije: \u00bfVes a ese que hay en el banco? Su respuesta fue: \u201cah\u00ed no hay nadie, el banco est\u00e1 vac\u00edo\u201d. Yo segu\u00eda mirando y all\u00ed continuaba N\u00e9stor que me miraba fijamente y sonre\u00eda. No quise insistir y continuamos andando, pero volv\u00ed varias veces la cabeza para mirar y N\u00e9stor continuaba en el banco. La expresi\u00f3n de asombro&nbsp; de mi cara y mi acentuada palidez, no pas\u00f3 desapercibida para mi amigo que es m\u00e9dico me dijo al despedirme de \u00e9l: \u201ctienes mala cara,&nbsp; ser\u00e1 porque&nbsp; la muerte de N\u00e9stor te ha afectado mucho y este agua que nos ha ca\u00eddo encima ha hecho el resto.&nbsp; Cuando llegues a casa te tomas un paracetamol y algo caliente y te acuestas porque seguramente tendr\u00e1s fiebre\u201d. Le dije que as\u00ed lo har\u00eda y nos despedimos.<\/p>\n\n\n\n<p>En principio, cuando me qued\u00e9 solo, pens\u00e9 en volver a la plaza de la Fuente de las Batallas para comprobar lo que hab\u00eda visto, a N\u00e9stor sentado en el banco, y hacia all\u00ed me dirig\u00ed, pero a mitad del camino me volv\u00ed. S\u00ed, no me da verg\u00fcenza decir que a mi edad, como ocurr\u00eda cuando \u00e9ramos ni\u00f1os, me daban miedo los muertos. Siempre he pensado que los miedos de ni\u00f1o nunca desaparecen. Los tenemos en el subconsciente tengamos la edad que tengamos, y emergen cuando se dan las circunstancias. Eso fue lo que a m\u00ed, sin duda, me ocurri\u00f3.<\/p>\n\n\n\n<p>En el trayecto hacia mi casa me hice muchas reflexiones y preguntas sobre lo que me hab\u00eda ocurrido y lament\u00e9 no haber insistido en el momento oportuno con mi amigo Paco cuando vi a N\u00e9stor sentado en el banco para hacerle algunas preguntas obvias. Pero, por otra parte, si yo hubiera insistido en que all\u00ed estaba sentado N\u00e9stor al que \u00e9l hab\u00eda visto amortajado en la caja, y despu\u00e9s incinerado, no me habr\u00eda dicho s\u00f3lo que me tomara un paracetamol y me metiera en la cama; me hubiera dicho que fuera al psiquiatra porque padec\u00eda de una psicosis alucinatoria o que mi inconsciente me la hab\u00eda jugado con una proyecci\u00f3n de N\u00e9stor, o que tal vez, fue un fen\u00f3meno subjetivo de mi pensamiento por la emoci\u00f3n, por mi estado an\u00edmico. Por supuesto, que estos condicionamientos pueden desencadenar o coadyubar a la aparici\u00f3n de fen\u00f3menos paranormales. Pero eso no resta ni suma nada al hecho concreto que estamos narrando: N\u00e9stor estaba sentado en el banco y lo vi con toda claridad.<\/p>\n\n\n\n<p>&nbsp;&nbsp;&nbsp;&nbsp;&nbsp;&nbsp; Desde aquel d\u00eda, y han pasado ya dos meses, no he descansado leyendo libros y revistas y he consultado con algunas personas que han tenido experiencias paranormales y he llegado al convencimiento de que la \u201cmuerte es vida\u201d, que el esp\u00edritu, el alma vive en otra dimensi\u00f3n, en otra esfera de vida m\u00e1s amplia en la que no hay penalidades como las conocemos f\u00edsicamente en la tierra.<\/p>\n\n\n\n<p>Todos los estudios que se han hecho a aquellas personas que han estado cl\u00ednicamente muertas entre esta vida y la otra, coinciden en la enorme sensaci\u00f3n de paz y felicidad que sintieron al conocer <em>el m\u00e1s<\/em> <em>all\u00e1;<\/em> otra coincidencia es <strong>la LUZ<\/strong>. Es un mundo de luz que no ciega, colores y sonidos extraordinarios.<\/p>\n\n\n\n<p>&nbsp;&nbsp;&nbsp;&nbsp;&nbsp;&nbsp;&nbsp;&nbsp; \u00bfQu\u00e9 podemos decir de aquellas personas que pueden hablar y comunicarse con los muertos? El que fue rector de la Universidad de Birmingham, Sir Oliverio Lodge, eminente f\u00edsico, dijo en una conferencia de intelectuales cient\u00edficos: \u201cHe conversado con mis amigos difuntos lo mismo que podr\u00eda hacerlo con cualquiera de los aqu\u00ed presentes. He tratado durante varios a\u00f1os de encontrar algunas explicaciones, mas he ido elimin\u00e1ndolas todas. La conclusi\u00f3n ha sido que la supervivencia est\u00e1 emp\u00edricamente demostrada por investigaciones cient\u00edficas\u201d.<\/p>\n\n\n\n<p>\u00bfQu\u00e9 podemos decir sobre las materializaciones?<\/p>\n\n\n\n<p>El doctor Carlos Richet que fue profesor de la Facultad M\u00e9dica de Par\u00eds y Miembro de la Academia de Medicina afirm\u00f3 lo siguiente:<\/p>\n\n\n\n<p>&nbsp;\u201c Los hechos me parecen innegables. Tengo la convicci\u00f3n de lo que he visto es realidad. No sabr\u00eda decir en qu\u00e9 consiste la materializaci\u00f3n, pero no vacilo en sostener que hay en ella algo de misterioso que cambia de arriba abajo nuestros conceptos sobre la naturaleza y la vida\u201d.<\/p>\n\n\n\n<p>Naturalmente, que para que se produzcan todos estos fen\u00f3menos paranormales se necesitan ciertas condiciones; pongamos como ejemplo en la vida normal, la transmisi\u00f3n televisiva en la que se necesita un emisor y un receptor. En estos casos del esp\u00edritu suelen darse en los m\u00edsticos y en las personas con ciertos dones que se llaman MEDIUMS, cuando entra en esa especie de estado hipn\u00f3tico que se llama TRANCE.<\/p>\n\n\n\n<p>&nbsp;&nbsp;&nbsp;&nbsp;&nbsp;&nbsp;&nbsp;&nbsp; De lo que no cabe duda es que existe un mundo m\u00e1s amplio y complejo del que conocemos \u00bfcomplejo? Quiz\u00e1s sea inmensamente m\u00e1s simple de lo que nos creemos<\/p>\n\n\n\n<p>&nbsp;&nbsp;&nbsp;&nbsp; Para terminar hag\u00e1moslo con palabras de Voltaire<strong>: \u201dEsta vida es un sue\u00f1o, y la muerte , un despertar\u201d.<\/strong><\/p>\n\n\n\n<p class=\"has-text-align-right\"><strong>ROGELIO BUSTOS\u00a0 (17-10-2022)<\/strong><\/p>\n","protected":false},"excerpt":{"rendered":"<p>Hallar\u00e1s mucho de inveros\u00edmil e inaudito que, no obstante, es genuino y real. (San Jer\u00f3nimo) \u00a0\u00a0\u00a0\u00a0\u00a0 El d\u00eda 15 de&hellip;<\/p>\n","protected":false},"author":1,"featured_media":16441,"comment_status":"open","ping_status":"open","sticky":false,"template":"","format":"standard","meta":{"om_disable_all_campaigns":false,"_mi_skip_tracking":false,"_monsterinsights_sitenote_active":false,"_monsterinsights_sitenote_note":"","_monsterinsights_sitenote_category":0,"footnotes":""},"categories":[21],"tags":[],"aioseo_notices":[],"_links":{"self":[{"href":"https:\/\/granadacostaglobal.es\/index.php?rest_route=\/wp\/v2\/posts\/33562"}],"collection":[{"href":"https:\/\/granadacostaglobal.es\/index.php?rest_route=\/wp\/v2\/posts"}],"about":[{"href":"https:\/\/granadacostaglobal.es\/index.php?rest_route=\/wp\/v2\/types\/post"}],"author":[{"embeddable":true,"href":"https:\/\/granadacostaglobal.es\/index.php?rest_route=\/wp\/v2\/users\/1"}],"replies":[{"embeddable":true,"href":"https:\/\/granadacostaglobal.es\/index.php?rest_route=%2Fwp%2Fv2%2Fcomments&post=33562"}],"version-history":[{"count":0,"href":"https:\/\/granadacostaglobal.es\/index.php?rest_route=\/wp\/v2\/posts\/33562\/revisions"}],"wp:featuredmedia":[{"embeddable":true,"href":"https:\/\/granadacostaglobal.es\/index.php?rest_route=\/"}],"wp:attachment":[{"href":"https:\/\/granadacostaglobal.es\/index.php?rest_route=%2Fwp%2Fv2%2Fmedia&parent=33562"}],"wp:term":[{"taxonomy":"category","embeddable":true,"href":"https:\/\/granadacostaglobal.es\/index.php?rest_route=%2Fwp%2Fv2%2Fcategories&post=33562"},{"taxonomy":"post_tag","embeddable":true,"href":"https:\/\/granadacostaglobal.es\/index.php?rest_route=%2Fwp%2Fv2%2Ftags&post=33562"}],"curies":[{"name":"wp","href":"https:\/\/api.w.org\/{rel}","templated":true}]}}