{"id":33524,"date":"2022-10-21T10:40:56","date_gmt":"2022-10-21T09:40:56","guid":{"rendered":"http:\/\/granadacostanacional.es\/?p=33524"},"modified":"2022-10-21T10:40:56","modified_gmt":"2022-10-21T09:40:56","slug":"encuentro-internacional-de-artistas-plasticos-del-17-al-23-de-octubre-organizado-por-artesur","status":"publish","type":"post","link":"https:\/\/granadacostaglobal.es\/?p=33524","title":{"rendered":"ENCUENTRO INTERNACIONAL DE ARTISTAS PL\u00c1STICOS DEL 17 AL 23 DE OCTUBRE ORGANIZADO POR ARTESUR"},"content":{"rendered":"\n<p class=\"has-text-align-justify\">Este encuentro se desarrolla en la sede de Talleres y Exposiciones Sala de Arte \u201cLa Galer\u00eda\u201d en Calle V\u00e9lez n 1 Almu\u00f1\u00e9car, Granada, Espa\u00f1a.<\/p>\n\n\n\n<p class=\"has-text-align-justify\"><strong>Entrevista realizada a Don Francisco Ariza, presidente de ArteSur.<\/strong><\/p>\n\n\n\n<p class=\"has-text-align-justify\">El Se\u00f1or Ariza nos comenta que desde hace bastantes a\u00f1os se vienen organizando estos encuentros para potenciar la cultura de artes pl\u00e1sticas, el turismo y la gastronom\u00eda.<\/p>\n\n\n\n<p class=\"has-text-align-justify\">Normalmente, estos encuentros se realizan con un grupo que ronda las veinte personas entre los locales y los que se desplazan de otras partes del mundo, al tratarse de un encuentro internacional.<\/p>\n\n\n\n<p class=\"has-text-align-justify\">para poder organizar este tipo de evento, con lo primero con lo que hay que contar, por supuesto, es con los pintores. En segundo lugar, se necesita a los patrocinadores, que suministran con todo lo necesario para la convivencia de los artistas y a cambio reciben las obras de arte que se realicen durante las jornadas.<\/p>\n\n\n\n<p class=\"has-text-align-justify\">Tambi\u00e9n se realizan visitas guiadas para conocer las calles, plazas, monumentos y lugares de inter\u00e9s del municipio de Almu\u00f1\u00e9car, que despu\u00e9s plasman en la mayor\u00eda de las obras que realizan.<\/p>\n\n\n\n<p class=\"has-text-align-justify\">En la galer\u00eda de arte en que trabajan los artistas se exponen las obras de arte que se van creando, consiguiendo as\u00ed un espacio que a la vez sirve de banco trabajo y sala de exposiciones. Esta sala est\u00e1 teniendo una gran afluencia de p\u00fablico interesado por el trabajo que all\u00ed se realiza, atrayendo no solo a los locales, sino tambi\u00e9n a turistas de otras partes de la comarca.<\/p>\n\n\n\n<p class=\"has-text-align-justify\">Esta es una iniciativa muy importante para el desarrollo cultural de estos artistas, pero tambi\u00e9n del propio municipio donde se organiza este tipo de eventos.<\/p>\n\n\n\n<p class=\"has-text-align-justify\">Relaci\u00f3n de participantes:<\/p>\n\n\n\n<p><\/p>\n\n\n\n<figure class=\"wp-block-image size-full\"><img decoding=\"async\" src=\"http:\/\/granadacostanacional.es\/wp-content\/uploads\/2022\/10\/WhatsApp-Image-2022-10-20-at-11.04.20.jpg\" alt=\"\" class=\"wp-image-33525\"\/><\/figure>\n\n\n\n<figure class=\"wp-block-image size-full\"><img decoding=\"async\" src=\"http:\/\/granadacostanacional.es\/wp-content\/uploads\/2022\/10\/IMG_1079.jpg\" alt=\"\" class=\"wp-image-33536\"\/><\/figure>\n\n\n\n<figure class=\"wp-block-image size-full\"><img decoding=\"async\" src=\"http:\/\/granadacostanacional.es\/wp-content\/uploads\/2022\/10\/IMG_1073.jpg\" alt=\"\" class=\"wp-image-33535\"\/><\/figure>\n\n\n\n<figure class=\"wp-block-image size-full\"><img decoding=\"async\" src=\"http:\/\/granadacostanacional.es\/wp-content\/uploads\/2022\/10\/IMG_1084.jpg\" alt=\"\" class=\"wp-image-33534\"\/><\/figure>\n\n\n\n<figure class=\"wp-block-image size-full\"><img decoding=\"async\" src=\"http:\/\/granadacostanacional.es\/wp-content\/uploads\/2022\/10\/IMG_1077.jpg\" alt=\"\" class=\"wp-image-33529\"\/><\/figure>\n\n\n\n<figure class=\"wp-block-image size-full\"><img decoding=\"async\" src=\"http:\/\/granadacostanacional.es\/wp-content\/uploads\/2022\/10\/IMG_1092.jpg\" alt=\"\" class=\"wp-image-33530\"\/><\/figure>\n\n\n\n<figure class=\"wp-block-image size-full\"><img decoding=\"async\" src=\"http:\/\/granadacostanacional.es\/wp-content\/uploads\/2022\/10\/IMG_1090.jpg\" alt=\"\" class=\"wp-image-33531\"\/><\/figure>\n\n\n\n<figure class=\"wp-block-image size-full\"><img decoding=\"async\" src=\"http:\/\/granadacostanacional.es\/wp-content\/uploads\/2022\/10\/IMG_1075.jpg\" alt=\"\" class=\"wp-image-33532\"\/><\/figure>\n\n\n\n<figure class=\"wp-block-image size-full\"><img decoding=\"async\" src=\"http:\/\/granadacostanacional.es\/wp-content\/uploads\/2022\/10\/IMG_1076.jpg\" alt=\"\" class=\"wp-image-33533\"\/><\/figure>\n\n\n\n<figure class=\"wp-block-image size-full\"><img decoding=\"async\" src=\"http:\/\/granadacostanacional.es\/wp-content\/uploads\/2022\/10\/IMG_1093.jpg\" alt=\"\" class=\"wp-image-33528\"\/><\/figure>\n\n\n\n<figure class=\"wp-block-image size-full\"><img decoding=\"async\" src=\"http:\/\/granadacostanacional.es\/wp-content\/uploads\/2022\/10\/IMG_1078.jpg\" alt=\"\" class=\"wp-image-33527\"\/><\/figure>\n\n\n\n<figure class=\"wp-block-image size-large\"><img decoding=\"async\" src=\"http:\/\/granadacostanacional.es\/wp-content\/uploads\/2022\/10\/IMG_1080.jpg\" alt=\"\" class=\"wp-image-33539\"\/><\/figure>\n\n\n\n<figure class=\"wp-block-image size-large\"><img decoding=\"async\" src=\"http:\/\/granadacostanacional.es\/wp-content\/uploads\/2022\/10\/IMG_1082.jpg\" alt=\"\" class=\"wp-image-33538\"\/><\/figure>\n\n\n\n<figure class=\"wp-block-image size-full\"><img decoding=\"async\" src=\"http:\/\/granadacostanacional.es\/wp-content\/uploads\/2022\/10\/IMG_1091-5.jpg\" alt=\"\" class=\"wp-image-33549\"\/><\/figure>\n\n\n\n<figure class=\"wp-block-image size-large\"><img decoding=\"async\" src=\"http:\/\/granadacostanacional.es\/wp-content\/uploads\/2022\/10\/IMG_1089.jpg\" alt=\"\" class=\"wp-image-33543\"\/><\/figure>\n\n\n\n<figure class=\"wp-block-image size-large\"><img decoding=\"async\" src=\"http:\/\/granadacostanacional.es\/wp-content\/uploads\/2022\/10\/IMG_1088.jpg\" alt=\"\" class=\"wp-image-33540\"\/><\/figure>\n\n\n\n<figure class=\"wp-block-image size-large\"><img decoding=\"async\" src=\"http:\/\/granadacostanacional.es\/wp-content\/uploads\/2022\/10\/IMG_1087.jpg\" alt=\"\" class=\"wp-image-33541\"\/><\/figure>\n\n\n\n<figure class=\"wp-block-image size-full\"><img decoding=\"async\" src=\"http:\/\/granadacostanacional.es\/wp-content\/uploads\/2022\/10\/IMG_1081.jpg\" alt=\"\" class=\"wp-image-33542\"\/><\/figure>\n\n\n\n<p class=\"has-text-align-right\"><strong>Redacci\u00f3n Almu\u00f1\u00e9car<\/strong><\/p>\n","protected":false},"excerpt":{"rendered":"<p>Este encuentro se desarrolla en la sede de Talleres y Exposiciones Sala de Arte \u201cLa Galer\u00eda\u201d en Calle V\u00e9lez n&hellip;<\/p>\n","protected":false},"author":3,"featured_media":33526,"comment_status":"open","ping_status":"open","sticky":false,"template":"","format":"standard","meta":{"om_disable_all_campaigns":false,"_mi_skip_tracking":false,"_monsterinsights_sitenote_active":false,"_monsterinsights_sitenote_note":"","_monsterinsights_sitenote_category":0,"footnotes":""},"categories":[21],"tags":[],"aioseo_notices":[],"_links":{"self":[{"href":"https:\/\/granadacostaglobal.es\/index.php?rest_route=\/wp\/v2\/posts\/33524"}],"collection":[{"href":"https:\/\/granadacostaglobal.es\/index.php?rest_route=\/wp\/v2\/posts"}],"about":[{"href":"https:\/\/granadacostaglobal.es\/index.php?rest_route=\/wp\/v2\/types\/post"}],"author":[{"embeddable":true,"href":"https:\/\/granadacostaglobal.es\/index.php?rest_route=\/wp\/v2\/users\/3"}],"replies":[{"embeddable":true,"href":"https:\/\/granadacostaglobal.es\/index.php?rest_route=%2Fwp%2Fv2%2Fcomments&post=33524"}],"version-history":[{"count":0,"href":"https:\/\/granadacostaglobal.es\/index.php?rest_route=\/wp\/v2\/posts\/33524\/revisions"}],"wp:featuredmedia":[{"embeddable":true,"href":"https:\/\/granadacostaglobal.es\/index.php?rest_route=\/"}],"wp:attachment":[{"href":"https:\/\/granadacostaglobal.es\/index.php?rest_route=%2Fwp%2Fv2%2Fmedia&parent=33524"}],"wp:term":[{"taxonomy":"category","embeddable":true,"href":"https:\/\/granadacostaglobal.es\/index.php?rest_route=%2Fwp%2Fv2%2Fcategories&post=33524"},{"taxonomy":"post_tag","embeddable":true,"href":"https:\/\/granadacostaglobal.es\/index.php?rest_route=%2Fwp%2Fv2%2Ftags&post=33524"}],"curies":[{"name":"wp","href":"https:\/\/api.w.org\/{rel}","templated":true}]}}