{"id":33461,"date":"2022-10-17T16:13:59","date_gmt":"2022-10-17T15:13:59","guid":{"rendered":"http:\/\/granadacostanacional.es\/?p=33461"},"modified":"2022-10-17T16:13:59","modified_gmt":"2022-10-17T15:13:59","slug":"la-cultura-del-esfuerzo-y-las-redes-sociales","status":"publish","type":"post","link":"https:\/\/granadacostaglobal.es\/?p=33461","title":{"rendered":"LA CULTURA DEL ESFUERZO Y LAS REDES SOCIALES\u00a0"},"content":{"rendered":"\n<p><strong>A<\/strong>hora que estamos a comienzo de curso me comentan varias amigas su preocupaci\u00f3n sobre los estudios de sus hijos, sus amistades, c\u00f3mo distribuyen su tiempo, su educaci\u00f3n, c\u00f3mo transmitirles valores positivos, qu\u00e9 influencia tienen en ellos la tv, los videojuegos, las redes sociales en general, etc. Seg\u00fan el \u00faltimo estudio la OCDE se\u00f1ala que los alumnos espa\u00f1oles tienen m\u00e1s horas de clase que los alumnos finlandeses, por ejemplo, y m\u00e1s que la media de los j\u00f3venes europeos. Pero, a pesar de esta diferencia, en cuanto al n\u00famero de horas lectivas, no se corresponde la cantidad con la calidad de los estudios ni con los resultados esperados. Entonces hay que preguntarse, \u00bfQu\u00e9 estamos haciendo mal? \u00bfSe esfuerzan lo suficiente? Un profesor de Secundaria me dice que hay que orientar a los padres para ayudar a esta generaci\u00f3n bastante debilitada, y, aclarar a estos ni\u00f1os algo capital relacionado con \u201clas identidades y los roles\u201d. Tambi\u00e9n Carmen Posadas apunta que hay otro fen\u00f3meno que ata\u00f1e a la mayor\u00eda de los j\u00f3venes de las sociedades avanzadas y es que \u201cle falta la habilidad para gestionar la frustraci\u00f3n y el rechazo\u201d. En ello tambi\u00e9n tienen mucho que ver los padres por darle todo lo que piden y no prepararlos para lo que se van a encontrar en la vida de adultos. Nadie les advierte que la vida real es otra cosa. Pues est\u00e1 llena de injusticias, golpes bajos, trampas, etc. Lo que se deber\u00eda hacer es dotarlos de herramientas que los ayuden a sobrevivir en una sociedad hostil.<\/p>\n\n\n\n<p><strong>LA FAMILIA DEBE SER EL APOYO DEL NI\u00d1O<\/strong><\/p>\n\n\n\n<p>Una enmienda socialista a la LOE de hace unos a\u00f1os intenta ejercitar el h\u00e1bito de leer en los alumnos de Primaria y de la ESO. El informe Pisa tambi\u00e9n se\u00f1al\u00f3 que un 21% de nuestros adolescentes NO ENTIENDEN LO QUE LEEN; o sea, que no comprenden los libros de Historia, de matem\u00e1ticas, de ciencias\u2026<\/p>\n\n\n\n<p>&nbsp;&nbsp;&nbsp;&nbsp;&nbsp;&nbsp;&nbsp;&nbsp; Una de las respuestas del por qu\u00e9 no se esfuerzan lo que deber\u00edan nuestros estudiantes&nbsp;&nbsp; es&nbsp; &#8211; casi seguro &#8211;&nbsp; el uso y abuso de las redes sociales, pues dedican demasiadas horas \u201cenganchados\u201d a las plataformas y otros canales de moda. En una revista de actualidad acusan a una de estas plataformas con sede central en San Bruno (California) que YouTube es la causante o instigadora de \u201csuicidio entre los adolescentes\u201d. Su due\u00f1a Susan Wojcicki ha creado YouTube Kids donde m\u00e1s del 72% de los ni\u00f1os entre seis y ocho a\u00f1os visita la plataforma diariamente. Mucha gente, desde pol\u00edticos a gur\u00fas tecnol\u00f3gicos critican a YouTube por no hacer lo suficiente para frenar a estos \u201cagentes o charlatanes\u201d que pululan por la web. Eso s\u00ed, todos coinciden que la plataforma est\u00e1 corrompiendo a la sociedad. Comentan los horrores y estupideces que circulan por YouTube, donde a cada minuto se suben 400 horas de video.<\/p>\n\n\n\n<p>Son preocupantes las noticias y portadas de peri\u00f3dicos como \u00e9stas: \u201ccrecen<strong> los intentos de suicidio entre los menores de 12 a\u00f1os\u201d, o \u201clas unidades psiqui\u00e1tricas de los hospitales est\u00e1n saturadas\u201d<\/strong><\/p>\n\n\n\n<p>En muchos de nuestros j\u00f3venes hay un vac\u00edo, una desesperanza, una falta de valores, de motivaci\u00f3n, de optimismo, de alegr\u00eda, y, tal vez, de amor, y muchos miedos e inseguridades; factores que afectan a su salud mental. Ahora acaban de aprobar el \u201cBONO CULTURAL JOVEN\u201d para todos los j\u00f3venes mayores de 18 a\u00f1os \u201cdestinado al consumo de productos y servicios culturales\u201d, entre los que se cuentan cine, teatro, videojuegos, suscripciones a plataformas digitales que promocionan pel\u00edculas y series en l\u00ednea, etc. En fin, incitan al consumo \u2013 sin control &#8211; lo que no debemos confundir con cultura. Creemos que m\u00e1s bien tratan de mantener a la gente distra\u00edda anul\u00e1ndole el gusto y la raz\u00f3n cre\u00e1ndoles un gran vac\u00edo espiritual. Se trata de evitar el esfuerzo del intelecto y la b\u00fasqueda espiritual. Lo que este bono pretende es convertir a los j\u00f3venes en \u201cclientes\u201d de la ideolog\u00eda gubernativa.<\/p>\n\n\n\n<p>El Catedr\u00e1tico y Psiquiatra Rojas Marcos habl\u00f3 del <strong>\u201cmiedo<\/strong>\u201d en las jornadas del SANTANDER Women NOW de la revista VOCENTO. Miedo a la hipervigilancia, a la mirada ajena, a que nos esp\u00eden, a los peligros del sistema actual (redes sociales, entre otras) que lo saben todo sobre nosotros \u2026 Tambi\u00e9n habl\u00f3 del optimismo y de la alegr\u00eda, de la manera c\u00f3mo nos explicamos nosotros mismos las cosas, la confianza en nuestros recursos, en nuestros amigos, en nuestra familia. En definitiva, en nosotros mismos para poder cambiar lo que no nos gusta.<\/p>\n\n\n\n<p>Por otra parte, el fil\u00f3sofo, ensayista y pedagogo Jos\u00e9 Antonio Marina en su libro <strong><em>Biograf\u00eda de la humanidad,<\/em><\/strong> repasa el progreso de la humanidad con sus avances \u00e9ticos y retrocesos, centr\u00e1ndose en la crueldad; o qu\u00e9 es lo que lleva a las sociedades avanzadas a caer en el horror, c\u00f3mo evoluciona el ser humano\u2026 La humanidad siempre se ha enfrentado a los mismos problemas, s\u00f3lo que los ha resuelto de manera distinta, afirma. En esto coincide con Saramago en su \u201cEnsayo sobre la ceguera\u201d, que a pesar de haberlo escrito hace m\u00e1s de 25 a\u00f1os, vuelve a estar de actualidad. Hace una radiograf\u00eda de la sociedad que \u00e9l mismo defini\u00f3 como \u201cpodrida y desencajada\u201d, una sociedad \u201ccarcomida\u201d por el ego\u00edsmo, sin control de nada. En el libro narra una imagen aterradora y conmovedora de los tiempos \u201cque estamos viviendo\u201d. Se pregunta, \u00bfen un mundo as\u00ed, cabr\u00e1 alguna esperanza?<\/p>\n\n\n\n<p>Saramago nos obliga a parar, cerrar los ojos y ver. Recuperar la lucidez y rescatar el afecto, los sentimientos, los principios morales, la comprensi\u00f3n, la empat\u00eda, el valor de las palabras y las relaciones interpersonales que est\u00e1n en momentos muy bajos.<\/p>\n\n\n\n<p>Tambi\u00e9n Daniel Barenboim dice en una entrevista que la <strong>cultura<\/strong> sufre un mal momento debido al cambio social tan brusco que estamos viviendo. Que Espa\u00f1a est\u00e1 pasando una etapa mala: c\u00f3mo han gestionado la pandemia, la clase pol\u00edtica en primer lugar, y el comportamiento de la sociedad en general. \u00bfQu\u00e9 hemos aprendido? \u00bfSomos mejores, qu\u00e9 virtudes hemos mejorado? Me duele Espa\u00f1a, como dijo Unamuno. Coincide con P\u00e9rez-Reverte en que casi todos nuestros males vienen por la falta de <strong>cultura.<\/strong><\/p>\n\n\n\n<p>Llevando a la pr\u00e1ctica todos estos conceptos habremos recuperado <strong>LA CULTURA DEL ESFUERZO.<\/strong><\/p>\n\n\n\n<p class=\"has-text-align-right\"><strong>AURORA FERN\u00c1NDEZ (14-10-2022)<\/strong><\/p>\n","protected":false},"excerpt":{"rendered":"<p>Ahora que estamos a comienzo de curso me comentan varias amigas su preocupaci\u00f3n sobre los estudios de sus hijos, sus&hellip;<\/p>\n","protected":false},"author":3,"featured_media":19339,"comment_status":"open","ping_status":"open","sticky":false,"template":"","format":"standard","meta":{"om_disable_all_campaigns":false,"_mi_skip_tracking":false,"_monsterinsights_sitenote_active":false,"_monsterinsights_sitenote_note":"","_monsterinsights_sitenote_category":0,"footnotes":""},"categories":[21],"tags":[],"aioseo_notices":[],"_links":{"self":[{"href":"https:\/\/granadacostaglobal.es\/index.php?rest_route=\/wp\/v2\/posts\/33461"}],"collection":[{"href":"https:\/\/granadacostaglobal.es\/index.php?rest_route=\/wp\/v2\/posts"}],"about":[{"href":"https:\/\/granadacostaglobal.es\/index.php?rest_route=\/wp\/v2\/types\/post"}],"author":[{"embeddable":true,"href":"https:\/\/granadacostaglobal.es\/index.php?rest_route=\/wp\/v2\/users\/3"}],"replies":[{"embeddable":true,"href":"https:\/\/granadacostaglobal.es\/index.php?rest_route=%2Fwp%2Fv2%2Fcomments&post=33461"}],"version-history":[{"count":0,"href":"https:\/\/granadacostaglobal.es\/index.php?rest_route=\/wp\/v2\/posts\/33461\/revisions"}],"wp:featuredmedia":[{"embeddable":true,"href":"https:\/\/granadacostaglobal.es\/index.php?rest_route=\/"}],"wp:attachment":[{"href":"https:\/\/granadacostaglobal.es\/index.php?rest_route=%2Fwp%2Fv2%2Fmedia&parent=33461"}],"wp:term":[{"taxonomy":"category","embeddable":true,"href":"https:\/\/granadacostaglobal.es\/index.php?rest_route=%2Fwp%2Fv2%2Fcategories&post=33461"},{"taxonomy":"post_tag","embeddable":true,"href":"https:\/\/granadacostaglobal.es\/index.php?rest_route=%2Fwp%2Fv2%2Ftags&post=33461"}],"curies":[{"name":"wp","href":"https:\/\/api.w.org\/{rel}","templated":true}]}}