{"id":33423,"date":"2022-10-14T12:09:49","date_gmt":"2022-10-14T11:09:49","guid":{"rendered":"http:\/\/granadacostanacional.es\/?p=33423"},"modified":"2022-10-14T12:09:49","modified_gmt":"2022-10-14T11:09:49","slug":"el-proyecto-socioeducativo-de-churriana-se-extiende-al-ces-ramon-y-cajal","status":"publish","type":"post","link":"https:\/\/granadacostaglobal.es\/?p=33423","title":{"rendered":"El proyecto socioeducativo de Churriana se extiende al CES Ram\u00f3n y Cajal"},"content":{"rendered":"<p style=\"text-align: center;\">Este programa para j\u00f3venes expulsados obtuvo el Premio Europeo de Servicios Sociales<\/p>\n<p style=\"text-align: justify;\">\n<p style=\"text-align: justify;\">El Centro de Ense\u00f1anza Secundaria Ram\u00f3n y Cajal de Granada se une al proyecto socioeducativo desarrollado el Ayuntamiento de Churriana de la Vega. Este programa, que obtuvo el Premio Europeo de Servicios Sociales 2021, ofrece\u00a0una segunda oportunidad a los j\u00f3venes expulsados del centro educativo, que realizan tareas para la comunidad durante su periodo de sanci\u00f3n y se reintegran en el centro con normalidad.<\/p>\n<p style=\"text-align: justify;\">\u00a0La firma de un convenio de colaboraci\u00f3n entre este centro de ense\u00f1anza y el Ayuntamiento permitir\u00e1 que los estudiantes del CES Ram\u00f3n y Cajal que participan en el proyecto se impliquen en actividades sociales con la colaboraci\u00f3n de las asociaciones Cadena de Favores, Granada Integra, El Sol Brilla para Todos y la residencia de mayores Mar\u00eda Auxiliadora. Adem\u00e1s, realizar\u00e1n pr\u00e1cticas en Churriana los alumnos de integraci\u00f3n social.<\/p>\n<p style=\"text-align: justify;\"><a href=\"http:\/\/granadacostanacional.es\/wp-content\/uploads\/2022\/10\/PROYECTO-SOCIOEDUCATIVO-CHURRIANA-CES-RAMO\u0301N-Y-CAJAL.jpeg\"><img decoding=\"async\" loading=\"lazy\" class=\"aligncenter size-large wp-image-33424\" src=\"http:\/\/granadacostanacional.es\/wp-content\/uploads\/2022\/10\/PROYECTO-SOCIOEDUCATIVO-CHURRIANA-CES-RAMO\u0301N-Y-CAJAL-472x1024.jpeg\" alt=\"PROYECTO SOCIOEDUCATIVO CHURRIANA CES RAMO\u0301N Y CAJAL\" width=\"472\" height=\"1024\" \/><\/a><\/p>\n<p style=\"text-align: justify;\">Los j\u00f3venes expulsados del centro asisten a las profesionales de la ayuda a domicilio con algunos de sus usuarios, apoyan la preparaci\u00f3n y reparto en el Banco de Alimentos de la localidad, el servicio de ropero y zapatero para vecinos sin recursos, o acompa\u00f1an a mayores de la Residencia Mar\u00eda Auxiliadora, instalada en Churriana de la Vega. En todo momento reciben atenci\u00f3n y seguimiento por parte de una integradora social, una educadora social, un psic\u00f3logo cl\u00ednico y una coordinadora de Servicios Sociales.<\/p>\n<p style=\"text-align: justify;\">El proyecto socioeducativo naci\u00f3 en 2020, cuando el \u00e1rea de Servicios Sociales del Ayuntamiento de Churriana de la Vega detect\u00f3 la necesidad de un sector muy concreto, el de los estudiantes con problemas de comportamiento que desembocaban en la expulsi\u00f3n del centro educativo, comenzando inicialmente con el alumnado del IES Federico Garc\u00eda Lorca de la localidad.<\/p>\n<p style=\"text-align: justify;\">Con la ayuda del personal especializado a su disposici\u00f3n, los estudiantes expulsados combaten la ludopat\u00eda, la violencia y trastornos de conducta o de control de impulsos, entre otros. Los casos de estudiantes con una mayor complejidad se derivan a los Servicios Sociales Comunitarios. Asimismo, al t\u00e9rmino de los trabajos que se desarrollan\u00a0durante el periodo de expulsi\u00f3n, la educadora social realiza un\u00a0seguimiento exhaustivo de cada caso durante el resto del curso acad\u00e9mico.<\/p>\n<p style=\"text-align: justify;\">El programa socioeducativo fomenta conductas positivas, habilidades sociales y valores como la autoestima entre los estudiantes implicados, con la participaci\u00f3n de sus progenitores, para lograr\u00a0un reingreso efectivo de los alumnos en el centro educativo. Esta iniciativa tambi\u00e9n recibi\u00f3 el premio Social-Dipgra\u00a02020 en la categor\u00eda de municipios y entidades locales.<\/p>\n","protected":false},"excerpt":{"rendered":"<p>Este programa para j\u00f3venes expulsados obtuvo el Premio Europeo de Servicios Sociales El Centro de Ense\u00f1anza Secundaria Ram\u00f3n y Cajal&hellip;<\/p>\n","protected":false},"author":3,"featured_media":18283,"comment_status":"open","ping_status":"open","sticky":false,"template":"","format":"standard","meta":{"om_disable_all_campaigns":false,"_mi_skip_tracking":false,"_monsterinsights_sitenote_active":false,"_monsterinsights_sitenote_note":"","_monsterinsights_sitenote_category":0,"footnotes":""},"categories":[21,30],"tags":[],"aioseo_notices":[],"_links":{"self":[{"href":"https:\/\/granadacostaglobal.es\/index.php?rest_route=\/wp\/v2\/posts\/33423"}],"collection":[{"href":"https:\/\/granadacostaglobal.es\/index.php?rest_route=\/wp\/v2\/posts"}],"about":[{"href":"https:\/\/granadacostaglobal.es\/index.php?rest_route=\/wp\/v2\/types\/post"}],"author":[{"embeddable":true,"href":"https:\/\/granadacostaglobal.es\/index.php?rest_route=\/wp\/v2\/users\/3"}],"replies":[{"embeddable":true,"href":"https:\/\/granadacostaglobal.es\/index.php?rest_route=%2Fwp%2Fv2%2Fcomments&post=33423"}],"version-history":[{"count":0,"href":"https:\/\/granadacostaglobal.es\/index.php?rest_route=\/wp\/v2\/posts\/33423\/revisions"}],"wp:featuredmedia":[{"embeddable":true,"href":"https:\/\/granadacostaglobal.es\/index.php?rest_route=\/"}],"wp:attachment":[{"href":"https:\/\/granadacostaglobal.es\/index.php?rest_route=%2Fwp%2Fv2%2Fmedia&parent=33423"}],"wp:term":[{"taxonomy":"category","embeddable":true,"href":"https:\/\/granadacostaglobal.es\/index.php?rest_route=%2Fwp%2Fv2%2Fcategories&post=33423"},{"taxonomy":"post_tag","embeddable":true,"href":"https:\/\/granadacostaglobal.es\/index.php?rest_route=%2Fwp%2Fv2%2Ftags&post=33423"}],"curies":[{"name":"wp","href":"https:\/\/api.w.org\/{rel}","templated":true}]}}