{"id":33378,"date":"2022-10-07T10:23:50","date_gmt":"2022-10-07T09:23:50","guid":{"rendered":"http:\/\/granadacostanacional.es\/?p=33378"},"modified":"2022-10-07T10:23:50","modified_gmt":"2022-10-07T09:23:50","slug":"churriana-de-la-vega-celebra-las-vi-jornadas-de-igualdad","status":"publish","type":"post","link":"https:\/\/granadacostaglobal.es\/?p=33378","title":{"rendered":"Churriana de la Vega celebra las VI Jornadas de Igualdad"},"content":{"rendered":"<p style=\"text-align: center;\"><strong>Se desarrollar\u00e1n m\u00e1s de 70 actividades con la participaci\u00f3n de asociaciones y colectivos del municipio<\/strong><\/p>\n<p style=\"text-align: justify;\">Churriana de la Vega acoge este s\u00e1bado las VI Jornadas de Igualdad de Derechos y Oportunidades, una iniciativa del Ayuntamiento en colaboraci\u00f3n con la Asociaci\u00f3n Deportiva Granada Integra.<\/p>\n<p style=\"text-align: justify;\">El evento, con la participaci\u00f3n de asociaciones, colectivos, centros educativos, clubes y colectivos de todos los sectores sociales, tendr\u00e1 lugar a lo largo del s\u00e1bado 8 de octubre en el Polideportivo Municipal con m\u00e1s de 70 talleres, actividades deportivas y concursos.<\/p>\n<p style=\"text-align: justify;\">Estas jornadas pretenden fomentar la sensibilizaci\u00f3n de la sociedad en la igualdad de derechos y la igualdad de oportunidades en \u00e1mbitos como la discapacidad o la igualdad entre hombre y mujer.<\/p>\n<p style=\"text-align: justify;\">La amplia programaci\u00f3n de actividades tiene como objetivo rendir homenaje a todas las personas que luchan por una sociedad m\u00e1s justa e igualitaria en diferentes \u00e1mbitos de la sociedad.<\/p>\n<p style=\"text-align: justify;\">Desde las 11:00 h. el Pabell\u00f3n Municipal de Churriana acoger\u00e1 numerosos talleres para todas las edades. Adem\u00e1s, los asistentes podr\u00e1n disfrutar de actividades al aire libre, exhibiciones, competiciones deportivas o una clase de taich\u00ed en familia.<\/p>\n<p style=\"text-align: justify;\">Para el alcalde Antonio Narv\u00e1ez, las VI Jornadas de Igualdad constituyen &#8220;un magn\u00edfico punto de partida para dar pasos en derechos y oportunidades y visibilizar las desigualdades que por desgracia persisten en nuestra sociedad&#8221;.<\/p>\n<p style=\"text-align: justify;\">Por su parte, el concejal de Servicios Sociales, Igualdad, y Familia, Luis Rodr\u00edguez, ha resaltado la diversidad de Churriana de la Vega, que cree &#8220;en las personas y en sus valores, m\u00e1s all\u00e1 de su g\u00e9nero, su raza o su condici\u00f3n social&#8221;.<\/p>\n<p style=\"text-align: justify;\">Toda la recaudaci\u00f3n de la entrada de las jornadas, con un precio simb\u00f3lico de 1 euro, se destinar\u00e1 a los afectados por la guerra de Ucrania a trav\u00e9s de la asociaci\u00f3n Slava Ukraini Granada.<\/p>\n","protected":false},"excerpt":{"rendered":"<p>Se desarrollar\u00e1n m\u00e1s de 70 actividades con la participaci\u00f3n de asociaciones y colectivos del municipio Churriana de la Vega acoge&hellip;<\/p>\n","protected":false},"author":3,"featured_media":33380,"comment_status":"open","ping_status":"open","sticky":false,"template":"","format":"standard","meta":{"om_disable_all_campaigns":false,"_mi_skip_tracking":false,"_monsterinsights_sitenote_active":false,"_monsterinsights_sitenote_note":"","_monsterinsights_sitenote_category":0,"footnotes":""},"categories":[19,30],"tags":[],"aioseo_notices":[],"_links":{"self":[{"href":"https:\/\/granadacostaglobal.es\/index.php?rest_route=\/wp\/v2\/posts\/33378"}],"collection":[{"href":"https:\/\/granadacostaglobal.es\/index.php?rest_route=\/wp\/v2\/posts"}],"about":[{"href":"https:\/\/granadacostaglobal.es\/index.php?rest_route=\/wp\/v2\/types\/post"}],"author":[{"embeddable":true,"href":"https:\/\/granadacostaglobal.es\/index.php?rest_route=\/wp\/v2\/users\/3"}],"replies":[{"embeddable":true,"href":"https:\/\/granadacostaglobal.es\/index.php?rest_route=%2Fwp%2Fv2%2Fcomments&post=33378"}],"version-history":[{"count":0,"href":"https:\/\/granadacostaglobal.es\/index.php?rest_route=\/wp\/v2\/posts\/33378\/revisions"}],"wp:featuredmedia":[{"embeddable":true,"href":"https:\/\/granadacostaglobal.es\/index.php?rest_route=\/"}],"wp:attachment":[{"href":"https:\/\/granadacostaglobal.es\/index.php?rest_route=%2Fwp%2Fv2%2Fmedia&parent=33378"}],"wp:term":[{"taxonomy":"category","embeddable":true,"href":"https:\/\/granadacostaglobal.es\/index.php?rest_route=%2Fwp%2Fv2%2Fcategories&post=33378"},{"taxonomy":"post_tag","embeddable":true,"href":"https:\/\/granadacostaglobal.es\/index.php?rest_route=%2Fwp%2Fv2%2Ftags&post=33378"}],"curies":[{"name":"wp","href":"https:\/\/api.w.org\/{rel}","templated":true}]}}