{"id":33364,"date":"2022-10-05T12:42:14","date_gmt":"2022-10-05T11:42:14","guid":{"rendered":"http:\/\/granadacostanacional.es\/?p=33364"},"modified":"2022-10-05T12:42:14","modified_gmt":"2022-10-05T11:42:14","slug":"presentacion-del-libro-luces-y-sombras-e-inauguracion-de-exposicion-de-pintura-colectiva","status":"publish","type":"post","link":"https:\/\/granadacostaglobal.es\/?p=33364","title":{"rendered":"PRESENTACI\u00d3N DEL LIBRO LUCES Y SOMBRAS E INAUGURACI\u00d3N DE EXPOSICI\u00d3N DE PINTURA COLECTIVA"},"content":{"rendered":"<p style=\"text-align: center;\"><strong>Marcelino Arellano, Mar\u00eda Dolores Alabarces y Jos\u00e9 Segura<\/strong><\/p>\n<p>&nbsp;<\/p>\n<p style=\"text-align: justify;\">El pasado 30 de septiembre de 2022, se organiz\u00f3 un acto cultural en Peguera, Palma de Mallorca, uniendo la literatura con la pintura. El acto tuvo lugar en el Casal de Peguera, donde se dieron cita los pintores Pepa Cort\u00e9s, Norberto Espinosa y Mar\u00eda Dolores Alabarces, que tambi\u00e9n present\u00f3 su \u00faltimo libro, <em>Luces y Sombras<\/em>, editado por la Editorial Granada Club Selecci\u00f3n y prologado por D\u00f1a. Carmen Carrasco Ramos, Delegada Nacional de Poes\u00eda de Granada Costa.<\/p>\n<p style=\"text-align: justify;\">Este tr\u00edo de pintores llevaba tiempo sin exponer juntos, por lo cual, fue todo un acontecimiento, como as\u00ed lo demostr\u00f3 el abarrotado p\u00fablico de la sala. Los primeros en intervenir, por supuesto fueron los pintores, los cuales agradecieron al p\u00fablico que les arropasen y explicaron las diferentes t\u00e9cnicas y cuadros que expon\u00edan.<\/p>\n<p style=\"text-align: justify;\"><a href=\"http:\/\/granadacostanacional.es\/wp-content\/uploads\/2022\/10\/20220930_183519.jpg\"><img decoding=\"async\" loading=\"lazy\" class=\"aligncenter wp-image-33368 size-large\" src=\"http:\/\/granadacostanacional.es\/wp-content\/uploads\/2022\/10\/20220930_183519-1024x577.jpg\" alt=\"20220930_183519\" width=\"1024\" height=\"577\" \/><\/a><\/p>\n<p style=\"text-align: justify;\">A continuaci\u00f3n, tuvo lugar la presentaci\u00f3n del libro <em>Luces y Sombras<\/em> de Mar\u00eda Dolores Alabarces Villa. El encargado de llevar a cabo la presentaci\u00f3n fue nuestro compa\u00f1ero, el escritor y poeta D. Marcelino Arellano, quien salud\u00f3 al p\u00fablico y describi\u00f3 a la autora como una mujer extremadamente polifac\u00e9tica, pues es poeta, escritora de cuentos y relatos, pintora y creadora de manualidades, y todo lo hace bien. Es una mujer completa en cuanto al don de crear distintos estilos art\u00edsticos que le sirven de complemento a otras muchas cualidades de las que es poseedora. Durante la presentaci\u00f3n, Marcelino recalc\u00f3 la dif\u00edcil tarea de disociar su propia alma po\u00e9tica del alma del autor del libro, sobre todo cuando se tiene que hacer el pr\u00f3logo de la obra o hablar de la misma. Dijo:<\/p>\n<p style=\"text-align: justify;\">\u00a0<em>\u201cAl leer en este caso los poemas de Mar\u00eda Dolores nos dejamos llevar a la fuente emocional que germina en el coraz\u00f3n de esta autora itrabe\u00f1a.<\/em><\/p>\n<p style=\"text-align: justify;\"><em>Este nuevo libro de Mar\u00eda Dolores, Luces y sombras, tiene dos partes muy diferenciadas la una de la otra. La primera parte consta de tres narraciones: la primera es una verdadera explosi\u00f3n de fantas\u00eda, muy bien descrita y estructurada. Hay muchas personas que creen que escribir un relato corto es f\u00e1cil, pues no es as\u00ed, ya que, en unas pocas cuartillas, debe crear los personajes, desarrollar la historia y tener un final feliz. Mar\u00eda Dolores hace de ello un ejercicio contundente, fruct\u00edfero y ameno. El segundo relato, en este caso m\u00e1s real, en el que en vez de recurrir a la imaginaci\u00f3n se ha valido de la verdad, siendo ella en este caso no la protagonista fantasiosa y creadora, sino la espectadora, receptora y, finalmente, transmisora, de unos hechos dolorosos y aut\u00e9nticos que a ella le ha ido contando su sobrino \u00c1lvaro. Creo que para ella no ha sido solamente relatar unos hechos, sino volver a vivir nuevamente toda la vida dolorosa de su sobrino. Se puede percibir en ese relato que Mar\u00eda Dolores ha sabido anteponer el rigor literario al sentimentalismo, porque, en el fondo, de lo que se ha tratado es de ser ella el hilo conductor de una persona que ha sufrido mucho, pero que al mismo tiempo es un ser alegre, bondadoso y animoso que reparte alegr\u00eda a su alrededor.<\/em><\/p>\n<p style=\"text-align: justify;\"><em>Este libro ha sido magn\u00edficamente editado -como ya nos tiene acostumbrados- por la Editorial Granada Club Selecci\u00f3n (Granada Costa). Tambi\u00e9n este libro lleva un magn\u00edfico pr\u00f3logo de la poeta y escritora Carmen Carrasco, residente en Valencia, que ha escrito un pr\u00f3logo exacto y definitorio de la poes\u00eda de Mar\u00eda Dolores, a la cual define como &lt;&lt;Mujer sencilla de eterna sonrisa&gt;&gt;. Doy fe de ello, no s\u00e9 si por casualidad, nunca he visto triste a nuestra autora de hoy, aunque pienso que lo habr\u00e1 estado, por desgracia, muchas veces. Pero eso queda en el libro de su historia personal de cada cual y no viene al caso hoy.<\/em><\/p>\n<p style=\"text-align: justify;\"><em>Ya para terminar esta presentaci\u00f3n del libro Luces y sombras de Mar\u00eda Dolores Alabarces Villa, hablemos del eje principal del libro, su poes\u00eda, creada por ella, sentida por ella, expresada por ella. Toda la parte po\u00e9tica del libro es un esplendor delirante, lleno de estrellas luminosas, es simplemente el resultado an\u00edmico de su sentir, descriptivo. En su interpretaci\u00f3n y af\u00e1n de querer expresar y darnos a leer su sentir m\u00e1s primigenio, sus sentimientos m\u00e1s profundos y aut\u00e9nticos. Sentimientos que no son figurines ante un escaparate gris, sino que est\u00e1n abiertos al ancho paisaje de colores de un frondoso paisaje que ella va festoneando flor a flor, con las l\u00e1grimas de su alma po\u00e9tica, con verdaderos hallazgos po\u00e9ticos deslumbrantes. Al leer sus versos nos hace ver c\u00f3mo Mar\u00eda Dolores borda el cielo, con su poes\u00eda, un cielo que llora auroras azules. Su obra se destaca con un cierto rigor creativo y emotivo. Podr\u00edamos decir que sigue una l\u00ednea en donde se va afianzando como poeta paso a paso.<\/em><\/p>\n<p style=\"text-align: justify;\"><a href=\"http:\/\/granadacostanacional.es\/wp-content\/uploads\/2022\/10\/20220930_195652.jpg\"><img decoding=\"async\" loading=\"lazy\" class=\"aligncenter size-large wp-image-33369\" src=\"http:\/\/granadacostanacional.es\/wp-content\/uploads\/2022\/10\/20220930_195652-1024x577.jpg\" alt=\"20220930_195652\" width=\"1024\" height=\"577\" \/><\/a><\/p>\n<p style=\"text-align: justify;\"><em>En el primer poema del libro Mar\u00eda Dolores dice: abr\u00ed la puerta de un libro \/ y se ampli\u00f3 mi lenguaje. \/ Sin viajar fui de viaje; \/ sin perder el equilibrio. La verdad es que un libro es muy importante y lo es, en el caso de Mar\u00eda Dolores, porque s\u00e9 que ella, en su ni\u00f1ez y juventud, a\u00f1or\u00f3, esos libros que por circunstancias de la vida no pudieron llegar hasta ella, para que la hubieran enriquecido con su lectura. Pero si sus manos no pudieron palpar el texto amoroso de un libro y sus ojos no pudieron recrearse en el paisaje esplendoroso de sus letras, esto no fue impedimento para que, en su alma sensible, se fuese despertando un gran sentimiento que la fue cultivando y que hizo que sus poemas salieran de su alma como los trinos de los p\u00e1jaros cantores que ella escuchaba de ni\u00f1a en los \u00e1rboles de las huertas cercanas a su casa.<\/em><\/p>\n<p style=\"text-align: justify;\"><em>La mayor\u00eda de sus poemas son de verso corto, que ella ejecuta magistralmente, dominando el ritmo y la estructura del poema, la rima a veces se le escapa, pero ella, en un alarde ya de dominio y madurez po\u00e9tica, sabe guiarlos nuevamente, convirtiendo sus poemas en fotograf\u00edas de estrellas. En el contenido del libro hace incursiones en otros estilos versificadores, pero, con acierto e inteligencia, sabe volver a su estilo personal de escribir los versos. Yo no soy cr\u00edtico literario, por lo que no puedo analizar concienzudamente y con rigor el contenido del libro. Solamente dir\u00e9 que este libro es como una fuente clara de agua que nace en el coraz\u00f3n de Mar\u00eda Dolores y nos lo da a beber a todos los que tengamos sed de amor, de amistad y de compresi\u00f3n. Este libro, en mi opini\u00f3n, es como una sinfon\u00eda musical interpretada junto al mar, ese mar que ella tiene tan cercano.\u201d<\/em><\/p>\n<p style=\"text-align: justify;\"><a href=\"http:\/\/granadacostanacional.es\/wp-content\/uploads\/2022\/10\/20220930_195647.jpg\"><img decoding=\"async\" loading=\"lazy\" class=\"aligncenter size-large wp-image-33370\" src=\"http:\/\/granadacostanacional.es\/wp-content\/uploads\/2022\/10\/20220930_195647-1024x576.jpg\" alt=\"20220930_195647\" width=\"1024\" height=\"576\" \/><\/a><\/p>\n<p style=\"text-align: justify;\"><em>\u00a0<\/em>La autora, Mar\u00eda Dolores Alabarces, agradeci\u00f3 enormemente al p\u00fablico el verse tan arropada, tuvo palabras de cari\u00f1o para Marcelino por la magn\u00edfica presentaci\u00f3n del libro, tambi\u00e9n para la prologuista, Do\u00f1a Carmen Carrasco Ramos, y termin\u00f3 leyendo algunos poemas contenidos en su libro. Le dio la palabra al Presidente del Proyecto de Cultura Granada Costa, Jos\u00e9 Segura, agradeci\u00e9ndole que estuviera presente en ese acto tan importante tanto para los pintores como para ella, y termin\u00f3 firmando libros a todos los asistentes que as\u00ed lo desearon.<\/p>\n<p style=\"text-align: justify;\"><a href=\"http:\/\/granadacostanacional.es\/wp-content\/uploads\/2022\/10\/20220930_183519-1.jpg\"><img decoding=\"async\" loading=\"lazy\" class=\"aligncenter size-large wp-image-33371\" src=\"http:\/\/granadacostanacional.es\/wp-content\/uploads\/2022\/10\/20220930_183519-1-1024x577.jpg\" alt=\"20220930_183519\" width=\"1024\" height=\"577\" \/><\/a><\/p>\n<p style=\"text-align: justify;\">Clausur\u00f3 el acto D. Jos\u00e9 Segura, quien hizo referencia a que ya hac\u00eda m\u00e1s de tres a\u00f1os que no visitaba Palma de Mallorca, por supuesto debido a la pandemia. Segura tuvo palabras de cari\u00f1o para todos los asistentes e hizo referencia a los tres pintores que en su d\u00eda salieron de sus pueblos, en este caso los tres de Granada, para establecerse en Palma, encontrar trabajo y hacer all\u00ed su vida. Todos han compaginado sus ocupaciones con el crecimiento en el \u00e1mbito cultural, llegando a d\u00eda de hoy, a ser grandes pintores de reconocido prestigio y no es de extra\u00f1ar, pues en el lugar en que viven se respira cultura por los cuatro costados. Termin\u00f3 dando una noticia de bastante calado, sobre todo relevante para los pintores, el Proyecto Global de Cultura Granada Costa inaugurar\u00e1 una sala de exposiciones, llamada <strong>Oasis Cultural<\/strong>, tanto presencial como virtual para que de esta forma no solamente los visitantes puedan ver la exposici\u00f3n, sino que, gracias a los avances de las nuevas tecnolog\u00edas, llegar a cualquier punto del mundo. Por \u00faltimo, prometi\u00f3 volver de forma temprana a Palma de Mallorca con el objetivo de emprender nuevas actividades culturales todos juntos.<\/p>\n<p>&nbsp;<\/p>\n<p style=\"text-align: center;\"><strong>Carlos \u00c1lvaro Segura Venegas<\/strong><\/p>\n<p style=\"text-align: center;\"><strong>Vicepresidente del Proyecto de Cultura Granada Costa<\/strong><\/p>\n","protected":false},"excerpt":{"rendered":"<p>Marcelino Arellano, Mar\u00eda Dolores Alabarces y Jos\u00e9 Segura &nbsp; El pasado 30 de septiembre de 2022, se organiz\u00f3 un acto&hellip;<\/p>\n","protected":false},"author":3,"featured_media":33365,"comment_status":"open","ping_status":"open","sticky":false,"template":"","format":"standard","meta":{"om_disable_all_campaigns":false,"_mi_skip_tracking":false,"_monsterinsights_sitenote_active":false,"_monsterinsights_sitenote_note":"","_monsterinsights_sitenote_category":0,"footnotes":""},"categories":[21],"tags":[],"aioseo_notices":[],"_links":{"self":[{"href":"https:\/\/granadacostaglobal.es\/index.php?rest_route=\/wp\/v2\/posts\/33364"}],"collection":[{"href":"https:\/\/granadacostaglobal.es\/index.php?rest_route=\/wp\/v2\/posts"}],"about":[{"href":"https:\/\/granadacostaglobal.es\/index.php?rest_route=\/wp\/v2\/types\/post"}],"author":[{"embeddable":true,"href":"https:\/\/granadacostaglobal.es\/index.php?rest_route=\/wp\/v2\/users\/3"}],"replies":[{"embeddable":true,"href":"https:\/\/granadacostaglobal.es\/index.php?rest_route=%2Fwp%2Fv2%2Fcomments&post=33364"}],"version-history":[{"count":0,"href":"https:\/\/granadacostaglobal.es\/index.php?rest_route=\/wp\/v2\/posts\/33364\/revisions"}],"wp:featuredmedia":[{"embeddable":true,"href":"https:\/\/granadacostaglobal.es\/index.php?rest_route=\/"}],"wp:attachment":[{"href":"https:\/\/granadacostaglobal.es\/index.php?rest_route=%2Fwp%2Fv2%2Fmedia&parent=33364"}],"wp:term":[{"taxonomy":"category","embeddable":true,"href":"https:\/\/granadacostaglobal.es\/index.php?rest_route=%2Fwp%2Fv2%2Fcategories&post=33364"},{"taxonomy":"post_tag","embeddable":true,"href":"https:\/\/granadacostaglobal.es\/index.php?rest_route=%2Fwp%2Fv2%2Ftags&post=33364"}],"curies":[{"name":"wp","href":"https:\/\/api.w.org\/{rel}","templated":true}]}}