{"id":33362,"date":"2022-10-05T10:53:27","date_gmt":"2022-10-05T09:53:27","guid":{"rendered":"http:\/\/granadacostanacional.es\/?p=33362"},"modified":"2022-10-05T10:53:27","modified_gmt":"2022-10-05T09:53:27","slug":"especial-antonio-gutierrez-moreno-editorial-granada-costa-524","status":"publish","type":"post","link":"https:\/\/granadacostaglobal.es\/?p=33362","title":{"rendered":"ESPECIAL ANTONIO GUTI\u00c9RREZ MORENO EDITORIAL GRANADA COSTA 524"},"content":{"rendered":"<p style=\"text-align: justify;\">Como cada mes, dedicamos esta Editorial a uno de nuestros queridos amigos y asociados al Proyecto de Cultura Granada Costa, en esta ocasi\u00f3n correspondiendo a un vele\u00f1o que ha desarrollado gran parte de su vida en tierra catalanas, <strong>D. Antonio Guti\u00e9rrez Moreno<\/strong>, y, por supuesto, a su mujer, <strong>D\u00f1a. Carmen<\/strong>, quien ha tenido un gran peso en el desarrollo como persona y como artista de D. Antonio.<\/p>\n<p style=\"text-align: justify;\">Antonio Guti\u00e9rrez es una de las personas que nacieron antes de la Guerra Civil, que han vivido plenamente todos los a\u00f1os de la dictadura y, por supuesto, la entrada de la democracia y todo lo que ha conllevado hasta d\u00eda de hoy, septiembre de 2022. En 1932 nace nuestro querido amigo Antonio y con muy pocos a\u00f1os, cuando estalla la Guerra Civil, su familia se traslada a <strong>C\u00e1diar<\/strong>, un pueblo de la Alpujarra Granadina, donde permanece durante toda la contienda. Finalizada la lucha entre hermanos de la Guerra Civil, su familia vuelve de regreso a <strong>V\u00e9lez de Benaudalla<\/strong>. Su paso por la escuela dur\u00f3 poco, uno o dos a\u00f1os. A partir de ah\u00ed, D. Antonio se dedica a trabajar, pero su ilusi\u00f3n era la de ser m\u00e9dico, escritor o artista. Transcurren los a\u00f1os y comienza su Servicio Militar en <strong>Ceuta<\/strong>, donde aprende el oficio de mec\u00e1nico conductor.<\/p>\n<p style=\"text-align: justify;\">Pasados los cuatro a\u00f1os y terminado su servicio militar, es la hora de tomar grandes decisiones, siendo una de ellas la de trasladarse a <strong>L\u00e9rida<\/strong> para ejercer de conductor, por supuesto yendo de la mano del amor de su vida, aquella ni\u00f1a de las trenzas largas, su mujer, Carmen, con la que conforma una familia de cuatro hijos y cinco nietos.<\/p>\n<p style=\"text-align: justify;\">De aquellas ilusiones del ni\u00f1o Antonio, de ser m\u00e9dico, escritor o artista, se descarta la primera, pero la vida s\u00ed le da la oportunidad de hacer algo de teatro y, por supuesto, convertirse en un gran poeta.<\/p>\n<p style=\"text-align: justify;\">Podemos decir que lo llevaba en lo genes y que con el tiempo lo puso en pr\u00e1ctica. Tiene repartido el coraz\u00f3n al cincuenta por ciento entre Catalu\u00f1a y su Andaluc\u00eda, manteniendo casa tanto en L\u00e9rida como en V\u00e9lez Benaudalla, y reteniendo los a\u00f1os que pas\u00f3 tanto en C\u00e1diar como en Ceuta. Si visitamos V\u00e9lez de Benaudalla, nos encontramos bastantes poes\u00edas en sitios emblem\u00e1ticos del municipio. Si visitamos L\u00e9rida, tiene infinidad de poemas dedicados a esta tierra y una cantidad enorme de reconocimientos, como pueden ser <strong>Medalla de Oro o Galard\u00f3n de Gran Persona de L\u00e9rida por la Asociaci\u00f3n D\u2019els Armats de Lleida<\/strong> o tambi\u00e9n la <strong>Medalla de Oro al M\u00e9rito Art\u00edstico y Cultural<\/strong> del Ayuntamiento de Lleida, homenaje que le llena de orgullo como andaluz. No podemos dejar de mencionar el <strong>Primer premio<\/strong> en la Real Academia de las Buenas Letras de Barcelona por la Federaci\u00f3n de Casas Regionales y Entidades Culturales de Catalu\u00f1a.<\/p>\n<p style=\"text-align: justify;\">Podemos enumerar algunos de sus premios en poes\u00eda:<\/p>\n<p style=\"text-align: justify;\">2010: <strong>Segundo premio<\/strong> en la casa de Andaluc\u00eda de Benicarl\u00f3. 2010: Primer premio en el Ayuntamiento de Moncofa.<\/p>\n<p style=\"text-align: justify;\">2013: <strong>Primer premio<\/strong> en la Asociaci\u00f3n de Jubilados de Logro\u00f1o.<\/p>\n<p style=\"text-align: justify;\">2013: <strong>Primer premio<\/strong> en la Casa de la Cultura de V\u00e9lez de Benaudalla con el relato <strong><em>Con la luz de las estrellas<\/em><\/strong>, certamen que alguien suspendi\u00f3.<\/p>\n<p style=\"text-align: justify;\">2013: <strong>Primer premio<\/strong> en el Certamen Internacional Pedro Parpal \u2013 Granada Costa.<\/p>\n<p style=\"text-align: justify;\">2013: <strong>Segundo premio<\/strong> en la Federaci\u00f3n de Casas Regionales en el Ayuntamiento de Barcelona.<\/p>\n<p style=\"text-align: justify;\">2013: <strong>Segundo premio<\/strong> en el Certamen Internacional Carlos Ben\u00edtez \u2013 Granada Costa.<\/p>\n<p style=\"text-align: justify;\">2014: <strong>Segundo premio<\/strong> en el Ayuntamiento de Barcelona por la Federaci\u00f3n de Entidades Culturales de Catalu\u00f1a.<\/p>\n<p style=\"text-align: justify;\">2015: <strong>Primer premio<\/strong> en el Certamen de Poes\u00eda internacional Pedro Parpal Llad\u00f3 \u2013 Granada Costa.<\/p>\n<p style=\"text-align: justify;\">2018: <strong>Primer premio<\/strong> en la Real Academia de las Buenas Letras de Barcelona por la Federaci\u00f3n de Casas Regionales y Entidades Culturales de Catalu\u00f1a.<\/p>\n<p style=\"text-align: justify;\">Tiene editados cuatro libros, todos ellos muy bien valorados por sus lectores.<\/p>\n<p style=\"text-align: justify;\">Desde que lleg\u00f3 a Granada Costa, en los primeros a\u00f1os del 2000, su poes\u00eda nunca ha faltado en el Rinc\u00f3n Po\u00e9tico y ha sido galardonado en bastantes ocasiones con distinciones culturales. Se le concedi\u00f3 la <strong>Medalla de Oro al Trabajo Cultural Granada Costa<\/strong> por su aportaci\u00f3n a la cultura en diversos \u00e1mbitos. En el a\u00f1o 2021, Granada Costa edita <strong><em>Sue\u00f1os y A\u00f1oranzas<\/em><\/strong>, libro dedicado a V\u00e9lez de Benaudalla. Anteriormente se edit\u00f3 un <strong>libro en homenaje a su persona<\/strong>, en que colaboraron numerosos compa\u00f1eros del Proyecto dedic\u00e1ndole palabras de cari\u00f1o y halago. En este a\u00f1o 2022, Granada Costa le concede el <strong>Premio Humanidades<\/strong> por su gran trayectoria en el mundo de la cultura. El galard\u00f3n fue entregado en el Palacio de la Prensa en Madrid junto a diferentes personalidades del mundo de la cultura. Todos estos acontecimientos siempre se han realizado <strong>de la mano de la ni\u00f1a de las Trenzas Largas, de la que siempre estuvo y est\u00e1 enamorado, su mujer, Carmen.<\/strong><\/p>\n<p style=\"text-align: center;\"><strong>Carlos \u00c1lvaro Segura Venegas<\/strong><\/p>\n<p style=\"text-align: center;\"><strong>Vicepresidente del Proyecto de Cultura Granada Costa<\/strong><\/p>\n","protected":false},"excerpt":{"rendered":"<p>Como cada mes, dedicamos esta Editorial a uno de nuestros queridos amigos y asociados al Proyecto de Cultura Granada Costa,&hellip;<\/p>\n","protected":false},"author":3,"featured_media":30715,"comment_status":"open","ping_status":"open","sticky":false,"template":"","format":"standard","meta":{"om_disable_all_campaigns":false,"_mi_skip_tracking":false,"_monsterinsights_sitenote_active":false,"_monsterinsights_sitenote_note":"","_monsterinsights_sitenote_category":0,"footnotes":""},"categories":[21],"tags":[],"aioseo_notices":[],"_links":{"self":[{"href":"https:\/\/granadacostaglobal.es\/index.php?rest_route=\/wp\/v2\/posts\/33362"}],"collection":[{"href":"https:\/\/granadacostaglobal.es\/index.php?rest_route=\/wp\/v2\/posts"}],"about":[{"href":"https:\/\/granadacostaglobal.es\/index.php?rest_route=\/wp\/v2\/types\/post"}],"author":[{"embeddable":true,"href":"https:\/\/granadacostaglobal.es\/index.php?rest_route=\/wp\/v2\/users\/3"}],"replies":[{"embeddable":true,"href":"https:\/\/granadacostaglobal.es\/index.php?rest_route=%2Fwp%2Fv2%2Fcomments&post=33362"}],"version-history":[{"count":0,"href":"https:\/\/granadacostaglobal.es\/index.php?rest_route=\/wp\/v2\/posts\/33362\/revisions"}],"wp:featuredmedia":[{"embeddable":true,"href":"https:\/\/granadacostaglobal.es\/index.php?rest_route=\/wp\/v2\/media\/30715"}],"wp:attachment":[{"href":"https:\/\/granadacostaglobal.es\/index.php?rest_route=%2Fwp%2Fv2%2Fmedia&parent=33362"}],"wp:term":[{"taxonomy":"category","embeddable":true,"href":"https:\/\/granadacostaglobal.es\/index.php?rest_route=%2Fwp%2Fv2%2Fcategories&post=33362"},{"taxonomy":"post_tag","embeddable":true,"href":"https:\/\/granadacostaglobal.es\/index.php?rest_route=%2Fwp%2Fv2%2Ftags&post=33362"}],"curies":[{"name":"wp","href":"https:\/\/api.w.org\/{rel}","templated":true}]}}