{"id":33345,"date":"2022-10-05T08:35:40","date_gmt":"2022-10-05T07:35:40","guid":{"rendered":"http:\/\/granadacostanacional.es\/?p=33345"},"modified":"2022-10-05T08:35:40","modified_gmt":"2022-10-05T07:35:40","slug":"rescoldo-de-literatura-castellana-mediterrania","status":"publish","type":"post","link":"https:\/\/granadacostaglobal.es\/?p=33345","title":{"rendered":"RESCOLDO DE LITERATURA CASTELLANA MEDITERR\u00c1NIA"},"content":{"rendered":"<h2 style=\"text-align: center;\"><strong>Una pluma de Mallorca a Molv\u00edzar<\/strong><\/h2>\n<p>&nbsp;<\/p>\n<p style=\"text-align: justify;\">Hoy con el fuego m\u00e1s templado de literatura, quiero dedicarle a nuestro presidente don Jos\u00e9 Seguro Haro, esta Miscel\u00e1nea de mi \u00faltimo libro, por su visita a Palma de Mallorca, donde le esperaba a su llegada en la plaza de Espa\u00f1a, acompa\u00f1ado de su hijo Antonio: despu\u00e9s de los saludos nos sentamos en el Restaurante Bar. Hablamos de mis proyectos m\u00e1s inmediatos de mi \u00faltimo libro que es una Miscel\u00e1nea de mis actividades, a lo largo de sesenta a\u00f1os escribiendo benditamente joven y sano. Desde hace bastantes a\u00f1os he querido que mis libros sean conocidos y le\u00eddos. \u00bfSer\u00e1 este libro presentado por su Presidente Editor Granada Costa?<\/p>\n<p style=\"text-align: justify;\"><a href=\"http:\/\/granadacostanacional.es\/wp-content\/uploads\/2022\/10\/20220928_185813.jpg\"><img decoding=\"async\" loading=\"lazy\" class=\"aligncenter size-large wp-image-33347\" src=\"http:\/\/granadacostanacional.es\/wp-content\/uploads\/2022\/10\/20220928_185813-768x1024.jpg\" alt=\"20220928_185813\" width=\"768\" height=\"1024\" \/><\/a><\/p>\n<p style=\"text-align: center;\"><strong>Enrique Mart\u00ednez de Barrax y Jos\u00e9 Segura<\/strong><\/p>\n<p>Hablando con don Jos\u00e9 me ha hecho recordar en cada palabra que escribo en el pr\u00f3logo del libro no ser\u00e1, el libro m\u00e1s vendido del mundo, porque no vendo libros los escribo y si los vendiera ser\u00eda como la biblia. Es el libro m\u00e1s vendido y le\u00eddo del mundo y sus autores no los venden, son sus editores a los que deben en su h\u00e1bito de lectura cotidiana. Por ello, todos mis esfuerzos de dar a conocer mi Miscel\u00e1nea a los lectores de hoy y ayudarles en seguir la senda de lo desconocido en una hermosa capital, Mallorca como Isla, las Baleares.<\/p>\n<p><a href=\"http:\/\/granadacostanacional.es\/wp-content\/uploads\/2022\/10\/20220928_190008.jpg\"><img decoding=\"async\" loading=\"lazy\" class=\"aligncenter size-large wp-image-33348\" src=\"http:\/\/granadacostanacional.es\/wp-content\/uploads\/2022\/10\/20220928_190008-1024x576.jpg\" alt=\"20220928_190008\" width=\"1024\" height=\"576\" \/><\/a><\/p>\n<p style=\"text-align: center;\"><strong>Antonio Segura y Enrique Mart\u00ednez<\/strong><\/p>\n<p>El hombre moderno necesita salir al exterior\u2026 compartir sus ideas de progreso y comunicarse con la historia, si quiere progresar.\u00a0 En esta isla de grandes personalidades de la cultura de reconocido prestigio internacional.- Tambi\u00e9n conocida por los arque\u00f3logos de sus monumentos de la prehistoria.<\/p>\n<p style=\"text-align: justify;\">Estos momentos son:<\/p>\n<p style=\"text-align: justify;\">1\u00ba\u00a0 Talaiot.<\/p>\n<p style=\"text-align: justify;\">2\u00ba\u00a0 Navetas<\/p>\n<p style=\"text-align: justify;\">3\u00ba\u00a0 D\u00f3lmenes<\/p>\n<p style=\"text-align: justify;\">4\u00ba\u00a0 Poblados amurallados<\/p>\n<p style=\"text-align: justify;\">\n<p style=\"text-align: justify;\">Esta cultura tuvo su mayor apogeo alrededor del a\u00f1o mil antes de Cristo.<\/p>\n<p style=\"text-align: justify;\">\n<p style=\"text-align: justify;\">Sus primeros pobladores. En un periodo de transici\u00f3n hacia los tiempos hist\u00f3ricos conquistaron gran renombre los honderos mallorquines, que se hicieron famosos con el manejo de la honda.- La utilizaban para defenderse y para cazar, recoger frutos de los \u00e1rboles. De esta manera impidieron que en el a\u00f1o 205 a. C, el general cartagin\u00e9s Mag\u00f3n pudiera desembarcar y conquistar la isla.<\/p>\n<p style=\"text-align: justify;\">\n<p style=\"text-align: justify;\">Los romanos procedentes de la Pen\u00ednsula decidieron conquistar la isla en el a\u00f1o 123 a.C, Quinto Cecilio Metelo (General romano) con sus tropas venci\u00f3 a los honderos y se estableci\u00f3 en la isla: En Mallorca fund\u00f3 las primeras ciudades de:<\/p>\n<p style=\"text-align: justify;\">&#8211; Pollentia (Actualmente Alcudia)<\/p>\n<p style=\"text-align: justify;\">&#8211; Palmaria (Actualmente Palma)<\/p>\n<p style=\"text-align: justify;\">\n<p style=\"text-align: justify;\">Cabe destacar en la Colonia de Sant Jordi, en cuyas aguas se han encontrado restos de barcos romanos hundidos, y gran profusi\u00f3n de \u00e1nforas romanas.<\/p>\n<p style=\"text-align: justify;\">\n<p style=\"text-align: justify;\">Nota; 1, 2, 3 y 4.- Monumentos prehist\u00f3ricos funerarios y poblados amurallados.<\/p>\n<p style=\"text-align: justify;\">Ejemplo: Capucorp Vell (Lluchmayor)<\/p>\n<p style=\"text-align: justify;\">\n<p style=\"text-align: justify;\">Despu\u00e9s del imperio romano. Los \u00e1rabes conquistaron Mallorca en el a\u00f1o 902 y la reconstruyeron. De su literatura hemos heredado las famosas jarchas, poes\u00eda l\u00edrica la m\u00e1s antigua de Europa en lengua romance \u00e1rabe. Tambi\u00e9n llamados romances fronterizos o moriscos.<\/p>\n<p style=\"text-align: justify;\">\n<p style=\"text-align: justify;\">El Rey Jaime I en la primera nave mandando la formidable flota. Al d\u00eda siguiente se encontraban sobre la isla. El d\u00eda 7 desembarcaron los primeros soldados.<\/p>\n<p style=\"text-align: justify;\">\n<p style=\"text-align: justify;\">Realiz\u00e1ndose y entrando victorioso el Rey Jaime I al frente de su ej\u00e9rcito, el d\u00eda 31 de diciembre de 1229. Expulsando a los \u00e1rabes que estaban mandados por Wal\u00ed.<\/p>\n<p style=\"text-align: justify;\">El Rey Jaime I quien conquist\u00f3 Mallorca y fund\u00f3 el nuevo estado Mallorqu\u00edn sobre una base de igualdad y autonom\u00eda. Era hijo de Pedro II el Cat\u00f3lico y de Mar\u00eda Montpellier, naci\u00f3 en 1208 y muri\u00f3 en 1276. Este tuvo como rey grandes virtudes y fue tambi\u00e9n un exquisito poeta en catal\u00e1n.<\/p>\n<p style=\"text-align: justify;\">Al morir Jaime I, dej\u00f3 a su hijo, Jaime II el reino de Mallorca. La labor de este joven rey se concentr\u00f3 sobre la isla realizando una formidable obra para terminar los proyectos que quedaron pendientes por hacer y edificar\u2026\u00a0 Jaime II, construy\u00f3 b\u00e1sicamente las obras de tan grandiosos monumentos:<\/p>\n<p style=\"text-align: justify;\">\u00a0\u00a0\u00a0\u00a0\u00a0\u00a0\u00a0\u00a0\u00a0\u00a0\u00a0\u00a0\u00a0\u00a0\u00a0 <em>El Real Palacio de la Almudaina.<\/em><\/p>\n<p style=\"text-align: justify;\"><em>\u00a0\u00a0\u00a0\u00a0\u00a0\u00a0\u00a0\u00a0\u00a0\u00a0\u00a0\u00a0\u00a0\u00a0\u00a0 El Castillo de Bellver<\/em><\/p>\n<p style=\"text-align: justify;\"><em>\u00a0\u00a0\u00a0\u00a0\u00a0\u00a0\u00a0\u00a0\u00a0\u00a0\u00a0\u00a0\u00a0\u00a0\u00a0 Palacios Reales de Valldemossa<\/em><\/p>\n<p style=\"text-align: justify;\"><em>\u00a0\u00a0\u00a0\u00a0\u00a0\u00a0\u00a0\u00a0\u00a0\u00a0\u00a0\u00a0\u00a0\u00a0\u00a0 El de Sineu y el de Manacor <\/em><\/p>\n<p style=\"text-align: justify;\"><em>\u00a0\u00a0\u00a0\u00a0\u00a0\u00a0\u00a0\u00a0\u00a0\u00a0\u00a0\u00a0\u00a0\u00a0\u00a0 Las Murallas de Alcudia. <\/em><\/p>\n<p style=\"text-align: justify;\">\n<p style=\"text-align: justify;\">Fundando numerosas villas:<\/p>\n<p style=\"text-align: justify;\"><em>\u00a0\u00a0\u00a0\u00a0\u00a0\u00a0\u00a0\u00a0\u00a0\u00a0\u00a0\u00a0\u00a0\u00a0\u00a0 Lluchmayor<\/em><\/p>\n<p style=\"text-align: justify;\"><em>\u00a0\u00a0\u00a0\u00a0\u00a0\u00a0\u00a0\u00a0\u00a0\u00a0\u00a0\u00a0\u00a0\u00a0\u00a0 Manacor<\/em><\/p>\n<p style=\"text-align: justify;\"><em>\u00a0\u00a0\u00a0\u00a0\u00a0\u00a0\u00a0\u00a0\u00a0\u00a0\u00a0\u00a0\u00a0\u00a0\u00a0 Petra<\/em><\/p>\n<p style=\"text-align: justify;\"><em>\u00a0\u00a0\u00a0\u00a0\u00a0\u00a0\u00a0\u00a0\u00a0\u00a0\u00a0\u00a0\u00a0\u00a0\u00a0 Felanitx<\/em><\/p>\n<p style=\"text-align: justify;\">\n<p style=\"text-align: justify;\">El Monarca Jaime II con el respeto y la influencia de su mayordomo Ram\u00f3n Lluch, la gran figura de la \u00e9poca, que interfiere en el orden cultural y religioso, realiz\u00e1ndose las obras en urbanismo de las iglesias.<\/p>\n<p style=\"text-align: justify;\">Las jarchas compuestas de tres y cuatro versos de ocho s\u00edlabas\u2026 Al igual que el romancero viejo o de gesta, de cuatro y ocho versos, compuestos de diecis\u00e9is s\u00edlabas con dos hemistiquios y una censura en medio, rimando los pares y quedando libres los impares.<\/p>\n<p style=\"text-align: justify;\">En la actualidad se llama: \u2018El Romancero Art\u00edstico o Moderno\u2019 m\u00e1s cuidado en su forma. Escribiendo autores como: Lope de Vega, G\u00f3ngora. Y en nuestra \u00e9poca, han sido: Antonio Machado, Garc\u00eda Lorca y Rafael Alberti. En sucesivas y nuevas generaciones seguiremos aprendiendo de los poetas moz\u00e1rabes. Fuente de inspiraci\u00f3n para escritores de todos los tiempos.<\/p>\n<p style=\"text-align: justify;\">\n<p style=\"text-align: justify;\">Durante esta dominaci\u00f3n \u00e1rabe su poder\u00edo era cada vez m\u00e1s creciente sembrando las costas mediterr\u00e1neas de piratas.<\/p>\n<p style=\"text-align: justify;\">En 1113, el Conde de Barcelona Berenguer IIIorganiz\u00f3 una expedici\u00f3n (con 500 naves y 70.000 hombres) para conquistar la isla\u2026 Pero no pudieron conquistarla, y los \u00e1rabes dominaron Mallorca durante cuatro siglos. Dejando profunda huella, tanto es el modo de ser de sus habitantes, como en sus costumbres y en su folklore.<\/p>\n<p style=\"text-align: justify;\">De su cultura medieval podemos apreciar:<\/p>\n<p style=\"text-align: justify;\">Arco de la Almudaina y S\u2019Hort del rei.<\/p>\n<p style=\"text-align: justify;\">\n<p style=\"text-align: justify;\"><strong>Ba\u00f1os \u00c1rabes<\/strong><\/p>\n<p style=\"text-align: justify;\"><strong>\u00a0<\/strong><\/p>\n<p style=\"text-align: justify;\">Los catalanes aspiraban a la conquista de la isla y a limpiar el mar de corsarios \u00e1rabes. Y fue en Tarragona el d\u00eda 16 de Noviembre de 1228, el Rey Don Jaime I junto con sus grandes nobles, propusieron libremente los elementos militares, hombres, armas, caballos y dinero, para tan arriesgada empresa.<\/p>\n<p style=\"text-align: justify;\">Un a\u00f1o m\u00e1s tarde, el 5 de septiembre de 1229, venciendo todas las dificultades, la expedici\u00f3n se hizo a la mar. Las fuerzas del desembarco lo constitu\u00edan cuatro cuerpos del ej\u00e9rcito con 16.000 hombres y 1.500 caballos, embarcados en 150 naves, de calado mayor y otras menores.<\/p>\n<p style=\"text-align: justify;\">El Wal\u00ed de Mallorca previniendo el ataque, ten\u00eda preparado un ej\u00e9rcito de 18.000 hombres y 1000 caballos.<\/p>\n<p style=\"text-align: justify;\"><em>San Miguel <\/em><\/p>\n<p style=\"text-align: justify;\"><em>Santa Eulalia <\/em><\/p>\n<p style=\"text-align: justify;\"><em>San Jaime <\/em><\/p>\n<p style=\"text-align: justify;\"><em>San Nicol\u00e1s y <\/em><\/p>\n<p style=\"text-align: justify;\"><em>Santa Cruz<\/em><\/p>\n<p style=\"text-align: justify;\">\n<p style=\"text-align: justify;\">Dos hombres emprendedores el Rey y Ram\u00f3n Lluch, con su fe cristiana, fundaron los conventos de:<\/p>\n<p style=\"text-align: justify;\"><em>Santa Margarita y<\/em><\/p>\n<p style=\"text-align: justify;\"><em>San Francisco<\/em><\/p>\n<p style=\"text-align: justify;\"><em>\u00a0<\/em><\/p>\n<p style=\"text-align: justify;\">Hoy monumentos nacionales.<\/p>\n<p style=\"text-align: justify;\">En el silencio de la noche y llev\u00e1ndose la bravura, sus obras hoy acariciadas de los siglos. Muere el Rey Jaime II, heredando su hijo Sancho el relevo de su reinado de Mallorca, para seguir la continuaci\u00f3n creativa de reformas y progresos de un nuevo reinado cultural y administrativo de sus antecesores de nacionalidad espa\u00f1ola que son cuatro:<\/p>\n<p style=\"text-align: justify;\"><em>Monarqu\u00eda<\/em><\/p>\n<p style=\"text-align: justify;\"><em>Nobleza<\/em><\/p>\n<p style=\"text-align: justify;\"><em>Iglesia y <\/em><\/p>\n<p style=\"text-align: justify;\"><em>Pueblo<\/em><\/p>\n<p style=\"text-align: justify;\">\n<p style=\"text-align: justify;\">El Rey Sancho muri\u00f3 sin descendencia, heredando el reino, a la edad de nueve a\u00f1os su sobrino Jaime III. El reino fue presidido por un Consejo de Regencia, que fiel a su rey, procur\u00f3 mantener su integridad y el progreso realizado. Cre\u00e1ndose en el a\u00f1o 1325<\/p>\n<p style=\"text-align: justify;\">El Consulado del Mar<\/p>\n<p style=\"text-align: justify;\">\n<p style=\"text-align: justify;\">Pedro III, Rey de Arag\u00f3n y cu\u00f1ado de Jaime III pretend\u00eda apoderarse del reinado de Mallorca. Dotado de la confianza familiar, someti\u00f3 a su cu\u00f1ado\u00a0 al cese de su reinado de Mallorca, logrando su prop\u00f3sito.<\/p>\n<p style=\"text-align: justify;\">\n<p style=\"text-align: justify;\">Jaime III intent\u00f3 recuperarlo organizando un ej\u00e9rcito de desembarco, siendo vencido y muerto en la batalla de Llumchmayor el 25 de octubre del a\u00f1o 1349.<\/p>\n<p style=\"text-align: justify;\">Con ello, Mallorca qued\u00f3 al mando del Reinado de Arag\u00f3n. Uni\u00e9ndose al Reinado de Castilla y conquistada Granada en el a\u00f1o 1492, se fund\u00f3 la unidad nacional y pol\u00edtica de Espa\u00f1a.<\/p>\n<p style=\"text-align: justify;\">Hoy, junto con las otras islas de Menorca, Ibiza y Formentera forma la provincia espa\u00f1ola de Baleares.<\/p>\n<p style=\"text-align: justify;\">Debemos coger el relevo de la historia, con dedicaci\u00f3n absoluta y con el mismo amor defendiendo la capital de nuestra Comunidad Aut\u00f3noma moderna y democr\u00e1tica, por su cultura y progreso.<\/p>\n<p style=\"text-align: justify;\">Como dice el historiador griego Tucidides: \u2018La fortaleza no est\u00e1 en sus naves, ni en sus murallas, si no en el esp\u00edritu de sus ciudadanos\u2019.<\/p>\n<p style=\"text-align: justify;\">Si queremos un mundo mejor debemos proteger la naturaleza, que es el arte y el trabajo de Dios. Los r\u00edos, mares y animales, que en labios del poeta es la primera en belleza y poes\u00eda.<\/p>\n<p>&nbsp;<\/p>\n<p style=\"text-align: right;\"><strong>Enrique Mart\u00ednez de Barrax<\/strong><\/p>\n<p style=\"text-align: right;\"><strong>04\/10\/2022<\/strong><\/p>\n","protected":false},"excerpt":{"rendered":"<p>Una pluma de Mallorca a Molv\u00edzar &nbsp; Hoy con el fuego m\u00e1s templado de literatura, quiero dedicarle a nuestro presidente&hellip;<\/p>\n","protected":false},"author":3,"featured_media":19590,"comment_status":"open","ping_status":"open","sticky":false,"template":"","format":"standard","meta":{"om_disable_all_campaigns":false,"_mi_skip_tracking":false,"_monsterinsights_sitenote_active":false,"_monsterinsights_sitenote_note":"","_monsterinsights_sitenote_category":0,"footnotes":""},"categories":[21],"tags":[],"aioseo_notices":[],"_links":{"self":[{"href":"https:\/\/granadacostaglobal.es\/index.php?rest_route=\/wp\/v2\/posts\/33345"}],"collection":[{"href":"https:\/\/granadacostaglobal.es\/index.php?rest_route=\/wp\/v2\/posts"}],"about":[{"href":"https:\/\/granadacostaglobal.es\/index.php?rest_route=\/wp\/v2\/types\/post"}],"author":[{"embeddable":true,"href":"https:\/\/granadacostaglobal.es\/index.php?rest_route=\/wp\/v2\/users\/3"}],"replies":[{"embeddable":true,"href":"https:\/\/granadacostaglobal.es\/index.php?rest_route=%2Fwp%2Fv2%2Fcomments&post=33345"}],"version-history":[{"count":0,"href":"https:\/\/granadacostaglobal.es\/index.php?rest_route=\/wp\/v2\/posts\/33345\/revisions"}],"wp:featuredmedia":[{"embeddable":true,"href":"https:\/\/granadacostaglobal.es\/index.php?rest_route=\/"}],"wp:attachment":[{"href":"https:\/\/granadacostaglobal.es\/index.php?rest_route=%2Fwp%2Fv2%2Fmedia&parent=33345"}],"wp:term":[{"taxonomy":"category","embeddable":true,"href":"https:\/\/granadacostaglobal.es\/index.php?rest_route=%2Fwp%2Fv2%2Fcategories&post=33345"},{"taxonomy":"post_tag","embeddable":true,"href":"https:\/\/granadacostaglobal.es\/index.php?rest_route=%2Fwp%2Fv2%2Ftags&post=33345"}],"curies":[{"name":"wp","href":"https:\/\/api.w.org\/{rel}","templated":true}]}}