{"id":33342,"date":"2022-10-04T17:20:34","date_gmt":"2022-10-04T16:20:34","guid":{"rendered":"http:\/\/granadacostanacional.es\/?p=33342"},"modified":"2022-10-04T17:20:34","modified_gmt":"2022-10-04T16:20:34","slug":"fallo-del-jurado-del-x-certamen-internacional-de-poesia-granada-costa-dedicado-al-soneto-poeta-carlos-benitez-villodres","status":"publish","type":"post","link":"https:\/\/granadacostaglobal.es\/?p=33342","title":{"rendered":"FALLO DEL JURADO DEL X CERTAMEN INTERNACIONAL DE POES\u00cdA GRANADA COSTA DEDICADO AL SONETO \u201cPOETA CARLOS BEN\u00cdTEZ VILLODRES\u201d"},"content":{"rendered":"<p style=\"text-align: justify;\">Reunido el jurado del X Certamen Internacional de Poes\u00eda Granada Costa dedicado al Soneto \u201cPoeta Carlos Ben\u00edtez Villodres\u201d, presidido por su presidente D. Diego Sabiote Navarro, Subdirector y Delegado Nacional de Literatura de la Academia de las Ciencias, Bellas Artes y Buenas Letras Granada Costa, junto a Do\u00f1a Carmen Carrasco Ramos, Delegada Nacional de Poes\u00eda y Don Marcelino Arellano Alabarces, Vocal de la Academia, en sesi\u00f3n extraordinaria el 30 de septiembre 2022 a las 10:30 horas, acuerda por unanimidad, conceder los siguientes premios de dicho certamen:<\/p>\n<p style=\"text-align: justify;\">Primer Premio: <strong>D. Dami\u00e0 Vidal Rodr\u00edguez<\/strong>, t\u00edtulo del poema: \u201c<em>Eleg\u00eda para un ni\u00f1o an\u00f3nimo<\/em>\u201d.<\/p>\n<p style=\"text-align: justify;\">Y los siguientes 3 finalistas:<\/p>\n<ul style=\"text-align: justify;\">\n<li>Finalista: <strong> Isidro Sierra Calzado<\/strong>. T\u00edtulo del poema: \u201c<em>El Campesino<\/em>\u201d.<\/li>\n<li>Finalista<strong>: D\u00f1a. Mar\u00eda Teresa Ayll\u00f3n Trujillo<\/strong>, t\u00edtulo del poema: \u201c<em>La llamada del mar<\/em>\u201d<\/li>\n<li>Finalista: <strong> Agust\u00edn Herv\u00e1s Cobo<\/strong>, t\u00edtulo del poema: \u201cFebrero de 1978 A Juani\u201d<\/li>\n<\/ul>\n<p style=\"text-align: justify;\">La entrega de los premios se efectuar\u00e1 el pr\u00f3ximo 18 de marzo de 2023, durante las Jornadas Comprometidos con la Cultura Granada Costa que se llevar\u00e1n a cabo en la Sede del Proyecto en la Costa Tropical, Molv\u00edzar (Granada) en los d\u00edas del 11 al 26 de marzo.<\/p>\n<p style=\"text-align: justify;\">Y para que conste y se cumpla lo aqu\u00ed acordado se firma este documento en Granada, a treinta de septiembre de dos mil veintid\u00f3s.<\/p>\n<p style=\"text-align: center;\"><strong>Carlos \u00c1lvaro Segura Venegas<\/strong><\/p>\n<p style=\"text-align: center;\"><strong>Secretario de Actas del Jurado<\/strong><\/p>\n","protected":false},"excerpt":{"rendered":"<p>Reunido el jurado del X Certamen Internacional de Poes\u00eda Granada Costa dedicado al Soneto \u201cPoeta Carlos Ben\u00edtez Villodres\u201d, presidido por&hellip;<\/p>\n","protected":false},"author":3,"featured_media":20268,"comment_status":"open","ping_status":"open","sticky":false,"template":"","format":"standard","meta":{"om_disable_all_campaigns":false,"_mi_skip_tracking":false,"_monsterinsights_sitenote_active":false,"_monsterinsights_sitenote_note":"","_monsterinsights_sitenote_category":0,"footnotes":""},"categories":[21],"tags":[],"aioseo_notices":[],"_links":{"self":[{"href":"https:\/\/granadacostaglobal.es\/index.php?rest_route=\/wp\/v2\/posts\/33342"}],"collection":[{"href":"https:\/\/granadacostaglobal.es\/index.php?rest_route=\/wp\/v2\/posts"}],"about":[{"href":"https:\/\/granadacostaglobal.es\/index.php?rest_route=\/wp\/v2\/types\/post"}],"author":[{"embeddable":true,"href":"https:\/\/granadacostaglobal.es\/index.php?rest_route=\/wp\/v2\/users\/3"}],"replies":[{"embeddable":true,"href":"https:\/\/granadacostaglobal.es\/index.php?rest_route=%2Fwp%2Fv2%2Fcomments&post=33342"}],"version-history":[{"count":0,"href":"https:\/\/granadacostaglobal.es\/index.php?rest_route=\/wp\/v2\/posts\/33342\/revisions"}],"wp:featuredmedia":[{"embeddable":true,"href":"https:\/\/granadacostaglobal.es\/index.php?rest_route=\/"}],"wp:attachment":[{"href":"https:\/\/granadacostaglobal.es\/index.php?rest_route=%2Fwp%2Fv2%2Fmedia&parent=33342"}],"wp:term":[{"taxonomy":"category","embeddable":true,"href":"https:\/\/granadacostaglobal.es\/index.php?rest_route=%2Fwp%2Fv2%2Fcategories&post=33342"},{"taxonomy":"post_tag","embeddable":true,"href":"https:\/\/granadacostaglobal.es\/index.php?rest_route=%2Fwp%2Fv2%2Ftags&post=33342"}],"curies":[{"name":"wp","href":"https:\/\/api.w.org\/{rel}","templated":true}]}}