{"id":3331,"date":"2015-11-22T11:49:11","date_gmt":"2015-11-22T11:49:11","guid":{"rendered":"http:\/\/granadacosta.es\/?p=3331"},"modified":"2015-11-22T11:49:11","modified_gmt":"2015-11-22T11:49:11","slug":"redaccion-ii-presentacion-de-suenos-dispersos","status":"publish","type":"post","link":"https:\/\/granadacostaglobal.es\/?p=3331","title":{"rendered":"Presentaci\u00f3n de \u201cSUE\u00d1OS   DISPERSOS\u201d"},"content":{"rendered":"<p><a href=\"http:\/\/granadacosta.es\/wp-content\/uploads\/2015\/11\/IMG00016-20111130-1939.jpg\"><br \/>\n<\/a> <a href=\"http:\/\/granadacosta.es\/wp-content\/uploads\/2015\/11\/Presentaci\u00f3n3.jpg\"><img decoding=\"async\" loading=\"lazy\" class=\"aligncenter size-large wp-image-3336\" src=\"http:\/\/granadacosta.es\/wp-content\/uploads\/2015\/11\/Presentaci\u00f3n3-1024x640.jpg\" alt=\"Presentaci\u00f3n3\" width=\"1024\" height=\"640\" \/><\/a> <a href=\"http:\/\/granadacosta.es\/wp-content\/uploads\/2015\/11\/12191580_982888688433930_9168537781884267440_n.jpg\"><img decoding=\"async\" loading=\"lazy\" class=\"aligncenter size-large wp-image-3337\" src=\"http:\/\/granadacosta.es\/wp-content\/uploads\/2015\/11\/12191580_982888688433930_9168537781884267440_n.jpg\" alt=\"12191580_982888688433930_9168537781884267440_n\" width=\"720\" height=\"540\" \/><\/a><a href=\"http:\/\/granadacosta.es\/wp-content\/uploads\/2015\/11\/PlanoMedioCementerioGr.jpg\"><br \/>\n<\/a>El 20 de Noviembre, de perenne\u00a0 recuerdo para los espa\u00f1oles \u2013 tuve\u00a0 el honor de ser invitado\u00a0 a la presentaci\u00f3n del libro \u201cSue\u00f1os Dispersos\u201d, cuyo autor,\u00a0 Don Francisco\u00a0 Beltr\u00e1n\u00a0 S\u00e1nchez, Profesor, Escritor y Poeta, hizo las\u00a0 delicias de cuantos tuvimos la suerte de acompa\u00f1arle en dicho acto. El lugar no pod\u00eda ser m\u00e1s id\u00f3neo: Biblioteca\u00a0 Municipal de La Chana, sita en la calle \u201cVirgen\u00a0 de Consolaci\u00f3n\u201d. (Granada).La mesa estaba presidida por la Directora de la Biblioteca, el Director de\u00a0 la Editorial\u00a0 Nazar\u00ed, el autor, Sr. Beltr\u00e1n y el Cantautor Enrique\u00a0 Moratalla Molina, quien hizo una brillante descripci\u00f3n de los valores literarios, est\u00e9ticos y did\u00e1cticos de la \u00faltima obra del Profesor Dr. Beltr\u00e1n\u00a0 S\u00e1nchez.<a href=\"http:\/\/granadacosta.es\/wp-content\/uploads\/2015\/11\/yo-EscribiendoSal\u00f3nCasa2015.jpg\"><img decoding=\"async\" loading=\"lazy\" class=\"aligncenter size-large wp-image-3340\" src=\"http:\/\/granadacosta.es\/wp-content\/uploads\/2015\/11\/yo-EscribiendoSal\u00f3nCasa2015-576x1024.jpg\" alt=\"yo-EscribiendoSal\u00f3nCasa'2015\" width=\"576\" height=\"1024\" \/><\/a><a href=\"http:\/\/granadacosta.es\/wp-content\/uploads\/2015\/11\/Cartel-A3-29-10-2015-72ppp.jpg\"><br \/>\n<\/a><a href=\"http:\/\/granadacosta.es\/wp-content\/uploads\/2015\/11\/yo-FeriaLibroGranada2015.jpg\"><img decoding=\"async\" loading=\"lazy\" class=\"aligncenter size-large wp-image-3341\" src=\"http:\/\/granadacosta.es\/wp-content\/uploads\/2015\/11\/yo-FeriaLibroGranada2015-1024x576.jpg\" alt=\"yo-FeriaLibroGranada'2015\" width=\"1024\" height=\"576\" \/><\/a><\/p>\n<p>A la verdad, yo no conoc\u00eda a Paco Beltr\u00e1n en su faceta intelectual y po\u00e9tica de la que est\u00e1 profundamente dotado, pero llegaron a mis manos \u2013 por su inmensa generosidad \u2013 dos peque\u00f1os libros &#8211; \u201cLos lazos de la\u00a0 Pasi\u00f3n y la Sangre\u201d y \u201cDiv\u00e1n de Yay&#8217;Yana\u201d &#8211; que me han descentrado po\u00e9tica y est\u00e9ticamente. No esperaba tanta calidad\u00a0 literaria \u2013 aunque Granada es \u201ctierra de poetas\u201d &#8211; como la que he encontrado en este nuevo valor po\u00e9tico, nacido\u00a0 en Chauchina\u00a0 (1964). Hace s\u00f3lo unos d\u00edas\u00a0 pude leer \u201cHilvanes\u00a0 del agua\u201d (Granada, 2014), donde Paco se nos revela como fino, delicado y sublime poeta. Lo que me confirm\u00f3, una vez m\u00e1s, la verdad de que\u00a0 \u201cPoeta nascitur\u201d. El Profesor\u00a0\u00a0 Beltr\u00e1n es poeta \u201cex\u00a0 natura sua\u201d, aunque\u00a0 ejerza como\u00a0 qu\u00edmico. No importa. Anoche lo demostr\u00f3 sobradamente: hablaba,\u00a0 sent\u00eda, miraba&#8230;<img decoding=\"async\" loading=\"lazy\" class=\"aligncenter size-large wp-image-3338\" src=\"http:\/\/granadacosta.es\/wp-content\/uploads\/2015\/11\/12189525_982893185100147_3256088329716868311_n.jpg\" alt=\"12189525_982893185100147_3256088329716868311_n\" width=\"720\" height=\"540\" \/><a href=\"http:\/\/granadacosta.es\/wp-content\/uploads\/2015\/11\/yo-2015-TerrazaCasa2.jpg\"><img decoding=\"async\" loading=\"lazy\" class=\"aligncenter size-large wp-image-3345\" src=\"http:\/\/granadacosta.es\/wp-content\/uploads\/2015\/11\/yo-2015-TerrazaCasa2.jpg\" alt=\"yo-2015-TerrazaCasa2\" width=\"567\" height=\"765\" \/><img decoding=\"async\" loading=\"lazy\" class=\"aligncenter size-large wp-image-3339\" src=\"http:\/\/granadacosta.es\/wp-content\/uploads\/2015\/11\/11224105_982888081767324_8296610981776166393_n.jpg\" alt=\"11224105_982888081767324_8296610981776166393_n\" width=\"640\" height=\"480\" \/><\/a><\/p>\n<p>Porque la Poes\u00eda no es m\u00e1s que la manifestaci\u00f3n de la belleza\u00a0 art\u00edstica por\u00a0 medio\u00a0 del\u00a0 lenguaje\u00a0 oral. Es vocablo griego (Po\u00edesis) que significa, en nuestra lengua vern\u00e1cula, \u201ccreaci\u00f3n, invenci\u00f3n, ficci\u00f3n\u201d; el lenguaje\u00a0 del\u00a0 sentimiento y la obra\u00a0 del\u00a0 genio: pensar alto, sentir\u00a0 hondo,\u00a0 hablar\u00a0 claro, etc.. Lo que constituye\u00a0 la poes\u00eda es la expresi\u00f3n oral de la belleza, sus creaciones,\u00a0 sus im\u00e1genes, su fervor, cualidades que est\u00e1n perfectamente reflejadas en \u201cSue\u00f1os\u00a0 dispersos\u201d. A tal efecto, hay que rese\u00f1ar: aunque se hubieran\u00a0 escrito en verso las historias de Herodoto o del Padre Mariana no ser\u00edan\u00a0 poemas; por\u00a0 el\u00a0 contrario, El Quijote est\u00e1 escrito\u00a0 en prosa y es, sin\u00a0 embargo,\u00a0 una\u00a0 composici\u00f3n po\u00e9tica. Algo semejante he querido ver en \u201cSue\u00f1os dispersos\u201d &#8211; mezcla de prosa y verso \u2013 de este ya bien\u00a0 conocido y admirado\u00a0 poeta\u00a0 granadino: Francisco\u00a0 Beltr\u00e1n\u00a0 S\u00e1nchez<\/p>\n<p>&nbsp;<\/p>\n<p style=\"text-align: right;\"><em><strong>Alfredo Arrebola S\u00e1nchez<\/strong><\/em><\/p>\n","protected":false},"excerpt":{"rendered":"<p>El 20 de Noviembre, de perenne\u00a0 recuerdo para los espa\u00f1oles \u2013 tuve\u00a0 el honor de ser invitado\u00a0 a la presentaci\u00f3n&hellip;<\/p>\n","protected":false},"author":2,"featured_media":3335,"comment_status":"open","ping_status":"open","sticky":false,"template":"","format":"standard","meta":{"om_disable_all_campaigns":false,"_mi_skip_tracking":false,"_monsterinsights_sitenote_active":false,"_monsterinsights_sitenote_note":"","_monsterinsights_sitenote_category":0,"footnotes":""},"categories":[21],"tags":[],"aioseo_notices":[],"_links":{"self":[{"href":"https:\/\/granadacostaglobal.es\/index.php?rest_route=\/wp\/v2\/posts\/3331"}],"collection":[{"href":"https:\/\/granadacostaglobal.es\/index.php?rest_route=\/wp\/v2\/posts"}],"about":[{"href":"https:\/\/granadacostaglobal.es\/index.php?rest_route=\/wp\/v2\/types\/post"}],"author":[{"embeddable":true,"href":"https:\/\/granadacostaglobal.es\/index.php?rest_route=\/wp\/v2\/users\/2"}],"replies":[{"embeddable":true,"href":"https:\/\/granadacostaglobal.es\/index.php?rest_route=%2Fwp%2Fv2%2Fcomments&post=3331"}],"version-history":[{"count":0,"href":"https:\/\/granadacostaglobal.es\/index.php?rest_route=\/wp\/v2\/posts\/3331\/revisions"}],"wp:featuredmedia":[{"embeddable":true,"href":"https:\/\/granadacostaglobal.es\/index.php?rest_route=\/"}],"wp:attachment":[{"href":"https:\/\/granadacostaglobal.es\/index.php?rest_route=%2Fwp%2Fv2%2Fmedia&parent=3331"}],"wp:term":[{"taxonomy":"category","embeddable":true,"href":"https:\/\/granadacostaglobal.es\/index.php?rest_route=%2Fwp%2Fv2%2Fcategories&post=3331"},{"taxonomy":"post_tag","embeddable":true,"href":"https:\/\/granadacostaglobal.es\/index.php?rest_route=%2Fwp%2Fv2%2Ftags&post=3331"}],"curies":[{"name":"wp","href":"https:\/\/api.w.org\/{rel}","templated":true}]}}