{"id":33303,"date":"2022-10-03T16:07:46","date_gmt":"2022-10-03T15:07:46","guid":{"rendered":"http:\/\/granadacostanacional.es\/?p=33303"},"modified":"2022-10-03T16:07:46","modified_gmt":"2022-10-03T15:07:46","slug":"el-aislamiento-de-la-economia-rusa-amenaza-nuclearmente","status":"publish","type":"post","link":"https:\/\/granadacostaglobal.es\/?p=33303","title":{"rendered":"El aislamiento de la econom\u00eda rusa amenaza nuclearmente"},"content":{"rendered":"<p style=\"text-align: justify;\">Vlad\u00edmir Putin contin\u00faa con las amenazas para iniciar una guerra nuclear, de una confrontaci\u00f3n nuclear si Occidente se involucra en la guerra de Ucrania o ataca a Rusia.\u00a0 La posibilidad de que el conflicto desemboque en ataques nucleares es muy peque\u00f1a y la OTAN no considera probable una guerra nuclear, pero los cuerpos de inteligencia se toman en serio las amenazas. Amenazar con armas nucleares es una estrategia rusa que se ha convertido en recurrente. &#8220;Si la integridad territorial del pa\u00eds se ve amenazada, por supuesto, utilizaremos todos los medios a nuestro alcance para proteger a Rusia y a nuestro pueblo&#8221;, afirm\u00f3 y a\u00f1adi\u00f3 que no era &#8220;un farol&#8221; en un momento en el que sus tropas parecen no avanzar en su ofensiva, dejando ver sin ocultar su almacenamiento y posible contaminaci\u00f3n nuclear. Sobre todo por la provocadora adhesi\u00f3n de nuevos territorios y el riesgo por las amenazas tanto f\u00edsicas como psicol\u00f3gicas. Por eso ante el riesgo de recesi\u00f3n por la amenaza energ\u00e9tica, Espa\u00f1a va a tomar decisiones.<\/p>\n<p style=\"text-align: justify;\">Para afrontar la crisis energ\u00e9tica se recomiendan y tomar\u00e1n medidas para ahorrar energ\u00eda, suprimir el agua caliente en edificios p\u00fablicos, no imprimir, reducir al m\u00e1ximo la contaminaci\u00f3n lum\u00ednica, sobre todo en la reducci\u00f3n del horario de las luces navide\u00f1as, y fomentar el uso de veh\u00edculos el\u00e9ctricos entre otras. \u00bfRealmente son medidas serias, que reduzcan severamente el problema? En otro orden de cosas, cu\u00e1ndo vamos a prevenir las inundaciones por fuertes lluvias oto\u00f1ales por no limpiar bien las ramblas, y los efectos devastadores de la sequ\u00eda para evitar los da\u00f1os ante la desertizaci\u00f3n o la salinizaci\u00f3n de Almu\u00f1\u00e9car, igual que la falta de cortafuegos por los incendios que arrasan siempre y han arrasado este verano en nuestro pa\u00eds como en otros.<\/p>\n<p style=\"text-align: justify;\">La falta de equidad contra las mujeres en Ir\u00e1n, por poner un ejemplo, que se manifiestan para exigir respetar los derechos de la mujer, y no obligar al uso del velo. Es una muestra de lucha de las mujeres ante una situaci\u00f3n bastante dram\u00e1tica por la falta de libertades en Ir\u00e1n. \u00bfPol\u00edticamente no hay nada que decir ante la falta de igualdad? El silencio ante la condena y la valent\u00eda de los pueblos internacionalmente, exigen ante el mundo una voz para que se oiga la injusticia y se rebelen ante la desigualdad. Juzguen ustedes.<\/p>\n<p style=\"text-align: right;\"><strong>Francisco Velasco Rey<\/strong><\/p>\n","protected":false},"excerpt":{"rendered":"<p>Vlad\u00edmir Putin contin\u00faa con las amenazas para iniciar una guerra nuclear, de una confrontaci\u00f3n nuclear si Occidente se involucra en&hellip;<\/p>\n","protected":false},"author":3,"featured_media":0,"comment_status":"open","ping_status":"open","sticky":false,"template":"","format":"standard","meta":{"om_disable_all_campaigns":false,"_mi_skip_tracking":false,"_monsterinsights_sitenote_active":false,"_monsterinsights_sitenote_note":"","_monsterinsights_sitenote_category":0,"footnotes":""},"categories":[21],"tags":[],"aioseo_notices":[],"_links":{"self":[{"href":"https:\/\/granadacostaglobal.es\/index.php?rest_route=\/wp\/v2\/posts\/33303"}],"collection":[{"href":"https:\/\/granadacostaglobal.es\/index.php?rest_route=\/wp\/v2\/posts"}],"about":[{"href":"https:\/\/granadacostaglobal.es\/index.php?rest_route=\/wp\/v2\/types\/post"}],"author":[{"embeddable":true,"href":"https:\/\/granadacostaglobal.es\/index.php?rest_route=\/wp\/v2\/users\/3"}],"replies":[{"embeddable":true,"href":"https:\/\/granadacostaglobal.es\/index.php?rest_route=%2Fwp%2Fv2%2Fcomments&post=33303"}],"version-history":[{"count":0,"href":"https:\/\/granadacostaglobal.es\/index.php?rest_route=\/wp\/v2\/posts\/33303\/revisions"}],"wp:attachment":[{"href":"https:\/\/granadacostaglobal.es\/index.php?rest_route=%2Fwp%2Fv2%2Fmedia&parent=33303"}],"wp:term":[{"taxonomy":"category","embeddable":true,"href":"https:\/\/granadacostaglobal.es\/index.php?rest_route=%2Fwp%2Fv2%2Fcategories&post=33303"},{"taxonomy":"post_tag","embeddable":true,"href":"https:\/\/granadacostaglobal.es\/index.php?rest_route=%2Fwp%2Fv2%2Ftags&post=33303"}],"curies":[{"name":"wp","href":"https:\/\/api.w.org\/{rel}","templated":true}]}}