{"id":3326,"date":"2015-11-20T08:27:28","date_gmt":"2015-11-20T08:27:28","guid":{"rendered":"http:\/\/granadacosta.es\/?p=3326"},"modified":"2015-11-20T08:27:28","modified_gmt":"2015-11-20T08:27:28","slug":"hablando-con-marcelino-arellano-alabarces","status":"publish","type":"post","link":"https:\/\/granadacostaglobal.es\/?p=3326","title":{"rendered":"HABLANDO CON MARCELINO ARELLANO ALABARCES"},"content":{"rendered":"<p style=\"text-align: justify;\"><strong><br \/>\nMarcelino Arellano es un escritor que lo mismo escribe narrativa, poemas, relatos, art\u00edculos o novela. Es una persona carism\u00e1tica, agradable, atenta, seria y que demuestra grandes emociones en sus escritos, en su lado amoroso o de misterio. \u00bfSus historias son ficticias o reales?, muchas veces me lo he preguntado yo. Es una manera de mantener la intriga y darle un nuevo atractivo al lector.<\/strong><\/p>\n<p style=\"text-align: justify;\"><strong>\u00a0\u00a0\u00a0\u00a0\u00a0\u00a0\u00a0\u00a0\u00a0\u00a0\u00a0 Marcelino tiene infinidad de libros en su haber, como por ejemplo <em>Por los caminos de la vida<\/em>, que va publicando por tomos, (ya van publicados cuatro), en donde nos descubre su gran sensibilidad para hacer del relato una realidad.<\/strong><\/p>\n<p style=\"text-align: justify;\"><strong>\u00a0\u00a0\u00a0\u00a0\u00a0\u00a0\u00a0\u00a0\u00a0\u00a0\u00a0 Yo podr\u00eda catalogarlo de genio empedernido, con obsesiones por seguir una l\u00ednea propia que es muy dif\u00edcil de imitar, y siendo autodidacta, tenemos la suerte de poder disfrutar de todo lo que plasma su bella pluma.<\/strong><\/p>\n<p style=\"text-align: justify;\"><strong>\u00a0\u00a0\u00a0\u00a0\u00a0\u00a0\u00a0\u00a0\u00a0\u00a0\u00a0 Tengo el privilegio de entrevistar a este gran personaje, que creo es merecedor de los reconocimientos m\u00e1s altos, a pesar de la gran carrera que lleva ya de por s\u00ed y todo lo que hasta la fecha ha conseguido, premios y reconocimientos de todas clases que enumerar ser\u00eda quiz\u00e1s dif\u00edcil de contar en esta entrevista.<\/strong><\/p>\n<p style=\"text-align: justify;\"><strong>\u00a0<\/strong><\/p>\n<p style=\"text-align: justify;\"><strong>-\u00bfDon Marcelino Arellano, o Marcelino Arellano?<\/strong><\/p>\n<p style=\"text-align: justify;\">-Para empezar, ni Marcelino Arellano ni don. Yo firmo con los dos apellidos: Arellano Alabarces. En cuanto al \u201cDon\u201d, eso es cosa del pasado, o que a uno lo consideran ya viejo.<\/p>\n<p style=\"text-align: justify;\"><strong>-\u00bfDesde cu\u00e1ndo se puede decir que es escritor Marcelino Arellano Alabarces?<\/strong><\/p>\n<p style=\"text-align: justify;\">-Pienso que desde el vientre de mi madre. De ni\u00f1o mi imaginaci\u00f3n se desbordaba, inventaba unas historias sorprendentes; quienes me las o\u00edan contar se quedaban sorprendidos, anonadados. Muchas veces, esas narraciones infantiles eran sobre personas vivas y narraban los hechos como si hubieran sucedido horas antes, sin ser verdad. En una palabra: eran todas mentiras. Pero lo bueno era que durante horas todos se la cre\u00edan e iban de boca en boca por el pueblo. \u00a1Imaginaci\u00f3n de ni\u00f1o!<\/p>\n<p style=\"text-align: justify;\"><strong>-\u00bfC\u00f3mo es posible que cuente con much\u00edsimos libros escritos y art\u00edculos? \u00bfDe d\u00f3nde saca el tiempo para escribir tanto?<\/strong><\/p>\n<p style=\"text-align: justify;\">-Me hace usted dos preguntas en una. Contestar\u00e9 a las dos lo m\u00e1s escuetamente posible. No tengo tantos libros publicados, creo que entre poes\u00eda, narraci\u00f3n y novela corta son once o doce publicados. Sin publicar, realmente no s\u00e9 los que tengo escritos. Puedo decirle sin vanidad ni prepotencia que hay para publicar much\u00edsimos m\u00e1s. Pero si tuvi\u00e9ramos que publicar todo lo que tengo escrito: poes\u00eda, relatos, reportajes, entrevistas, cr\u00f3nicas, novelas, art\u00edculos\u2026 no me atrevo a decir una cifra, pero creo que ser\u00edan muchos.<\/p>\n<p style=\"text-align: justify;\"><strong>\u00a0\u00a0\u00a0\u00a0\u00a0\u00a0\u00a0\u00a0\u00a0\u00a0\u00a0 <\/strong>En cuanto a de d\u00f3nde saco el tiempo: el tiempo se tiene, solamente hay que saber administrarlo. Mire, yo he estado hasta hace unos a\u00f1os trabajando todos los d\u00edas, incluidos domingos y d\u00edas festivos, 9 horas diarias, y ten\u00eda tiempo para escribir mis cosas, dirigir una revista literaria que se distribu\u00eda por casi todo el mundo, dirigir un grupo literario, organizar m\u00faltiples actos culturales, asistir a exposiciones de pinturas, conferencias y otros actos. Si me faltaba tiempo se lo robaba a mi descanso. Para m\u00ed la cultura ha sido mi vida, lo es y lo ser\u00e1 mientras viva. Desprecio a las personas vagas que todo lo dejan para despu\u00e9s.<\/p>\n<p style=\"text-align: justify;\"><strong>-\u00bfQu\u00e9 temas son los que m\u00e1s le apasionan?<\/strong><\/p>\n<p style=\"text-align: justify;\">-Podr\u00eda decirle que me gustan todos los temas, ya que sin leer no puedo estar. Ese es, entre otros, mi mayor vicio. Pero entre todos los temas, los que m\u00e1s me gustan son sin duda alguna la poes\u00eda, la historia y los libros de viajes.<\/p>\n<p style=\"text-align: justify;\"><strong>-\u00bfQui\u00e9n le gusta como escritor?<\/strong><\/p>\n<p style=\"text-align: justify;\">-La lista ser\u00eda interminable. Pero destacar\u00e9 que me gusta mucho la escritora norteamericana Pearl S. Buck, Miguel Delibes, Jorge Luis Borges, Cervantes, Umberto Eco, etc\u2026<\/p>\n<p style=\"text-align: justify;\"><strong>-\u00bfAlg\u00fan libro preferido por Vd. que le haya dado m\u00e1s satisfacci\u00f3n?<\/strong><\/p>\n<p style=\"text-align: justify;\">-Dif\u00edcil respuesta, ya que para m\u00ed leer cualquier libro ya es una gran satisfacci\u00f3n. Lo que quiz\u00e1s m\u00e1s he le\u00eddo de prosa, aparte de <em>El Quijote<\/em> de Cervantes, han sido los libros de Pearl S. Buck, sobre todo <em>Viento del este, viento del oeste<\/em>, <em>La buena tierra<\/em>, <em>La primera esposa<\/em>, <em>La madre<\/em>, etc\u2026 Y sobre todo mi lectura preferida, de la que he le\u00eddo miles de libros, ha sido la poes\u00eda. Debo decirle que posiblemente queden muy pocos poetas a los que yo no haya le\u00eddo, de los cinco continentes. Y la mayor\u00eda de los libros de mis estanter\u00edas son de poes\u00eda.<\/p>\n<p style=\"text-align: justify;\"><strong>-\u00bfCu\u00e1ntos libros tiene en su haber?<\/strong><\/p>\n<p style=\"text-align: justify;\">-Bastantes. Donde quiera que mire, all\u00ed habr\u00e1 uno. Tambi\u00e9n los voy apilando en el suelo. Pero muchos los voy entregando a diferentes entidades: a la Biblioteca de mi pueblo, tambi\u00e9n entregu\u00e9 bastantes a la Casa de Andaluc\u00eda en Palma, y muchos otros que he regalado a amigos y conocidos.<img decoding=\"async\" loading=\"lazy\" class=\"aligncenter size-full wp-image-3328\" src=\"http:\/\/granadacosta.es\/wp-content\/uploads\/2015\/11\/DSC_4790-web.jpg\" alt=\"DSC_4790 web\" width=\"567\" height=\"376\" \/><\/p>\n<p style=\"text-align: justify;\"><strong>-Su pueblo natal es \u00cdtrabo, de la provincia de Granada, \u00bfqu\u00e9 me puede contar de su pueblo y por qu\u00e9 decidi\u00f3 dejarlo para trasladarse a Palma de Mallorca?<\/strong><\/p>\n<p style=\"text-align: justify;\">-Me pone en un apuro, ya que yo siento un gran cari\u00f1o, amor y agradecimiento por mi pueblo, especialmente, porque en \u00e9l est\u00e1n enterrados mis padres, porque all\u00ed hasta los 16 a\u00f1os fui muy feliz y all\u00ed permanecen mis quereres. \u00cdtrabo es un pueblo precioso, t\u00edpicamente andaluz, con reminiscencias moriscas. Sus casas est\u00e1n todas encaladas y en sus balcones proliferan las flores, pareci\u00e9ndose a peque\u00f1os jardines que cuelgan del cielo. Dispone de un entramado de calles estrechas con m\u00faltiples vericuetos sorprendentes y llenos de magia. Hay que dejarse perder por sus calles para poder percibir todo su encanto, misterios y aromas, y por supuesto degustar algunos de sus platos m\u00e1s conocidos y emblem\u00e1ticos: el choto al ajillo, el puchero de hinojos, las migas\u2026 e imprescindible para cualquier plato es que vaya acompa\u00f1ado del estupendo vino de la tierra, de sabor exquisito, afrutado y de gran buquet.<\/p>\n<p style=\"text-align: justify;\">\u00a0\u00a0\u00a0\u00a0\u00a0\u00a0\u00a0\u00a0\u00a0\u00a0\u00a0 El venirme a vivir a Palma de Mallorca fue porque aqu\u00ed resid\u00edan dos t\u00edos m\u00edos. Vine a pasar unos d\u00edas, me gust\u00f3, y con la autorizaci\u00f3n de mis abuelos maternos me qued\u00e9 aqu\u00ed \u2013mis padres hab\u00edan fallecido muy j\u00f3venes- y aqu\u00ed sigo. Pero siempre he estado conectado con mi pueblo, y cada vez que puedo paso en \u00e9l unos d\u00edas. En el pueblo no exist\u00eda la expectativa cultural que yo deseaba, ello deb\u00eda encontrarlo en una gran ciudad. Le voy a contar un hecho: cuando ten\u00eda unos 10 u 11 a\u00f1os era monaguillo en la Parroquia de Nuestra Se\u00f1ora del Carmen de \u00cdtrabo. Al acabar los domingos la Santa Misa, a las 8 de la ma\u00f1ana, yo me iba a Motril andando a comprar tebeos del Capit\u00e1n Trueno y de Roberto Alc\u00e1zar y Pedr\u00edn. Desde \u00cdtrabo a Motril hab\u00eda 17 km. de ida y otros tantos de vuelta. Era la \u00fanica forma de poder leer, aparte de los libros de texto del colegio. Hasta que un d\u00eda un se\u00f1or de mi pueblo, muy culto y que dispon\u00eda de una buena biblioteca con libros de autores cl\u00e1sicos, me los dej\u00f3 para que los leyera: San Juan de la Cruz, Quevedo, G\u00f3ngora, Zorrilla, etc\u2026<\/p>\n<p style=\"text-align: justify;\"><strong>-\u00bfQu\u00e9 proyectos tiene en mente y qu\u00e9 le gustar\u00eda poder plasmar en sus pr\u00f3ximos libros?<\/strong><\/p>\n<p style=\"text-align: justify;\">-Yo siempre tengo muchos proyectos literarios en la cabeza. Ahora estoy preparando tres libros al mismo tiempo, dos de poes\u00eda y uno de novela corta y relatos. Y acaba de ser recientemente editado el cuarto tomo de <em>Por los caminos de la vida<\/em>, pero que no se presentar\u00e1 hasta el d\u00eda 3 de abril del a\u00f1o pr\u00f3ximo. Pero mi m\u00e1s importante proyecto es tratar de ser feliz. \u00a1Algo dif\u00edcil!<\/p>\n<p style=\"text-align: justify;\"><strong>-Usted es colaborador del peri\u00f3dico Granada Costa, adem\u00e1s de ser director adjunto del mismo peri\u00f3dico para Baleares, \u00bfqu\u00e9 destacar\u00eda de este gran peri\u00f3dico Granada Costa y c\u00f3mo se podr\u00eda acceder a \u00e9l para seguirle en sus escritos o tomar parte del peri\u00f3dico?<\/strong><\/p>\n<p style=\"text-align: justify;\">-El peri\u00f3dico <strong>GRANADA COSTA <\/strong>es un caso especial en Espa\u00f1a. Un caso excepcional de gran valent\u00eda y de un amor desmesurado por la cultura, para los tiempos que corren, editar un peri\u00f3dico de estas caracter\u00edsticas cada mes. Es un inmenso trabajo el que conlleva su edici\u00f3n, aparte de que econ\u00f3micamente debe ser una empresa de riesgo constante, ya que desgraciadamente estas obras no suelen estar protegidas ni subvencionadas en su totalidad por las autoridades culturales. Lo s\u00e9 por propia experiencia. Por lo que para m\u00ed es m\u00e1s meritorio la labor que lleva a cabo su director, D. Jos\u00e9 Segura Haro.<\/p>\n<p style=\"text-align: justify;\">El peri\u00f3dico Granada Costa est\u00e1 abierto a todas aquellas personas a las que les guste la cultura, sean escritores, poetas\u2026 solamente deben suscribirse y publicar sus trabajos en \u00e9l. Esta publicaci\u00f3n no est\u00e1 cerrada para nadie. Quienes se interesen, dir\u00edjanse a la siguiente direcci\u00f3n: Avd\u00aa de Andaluc\u00eda, 18. 18611 Molv\u00edzar, Granada, Espa\u00f1a. O al tel\u00e9fono 958 626473 y muy amablemente les informar\u00e1n.<\/p>\n<p style=\"text-align: justify;\"><strong>-S\u00e9 que tiene un certamen anual de poes\u00eda que lleva su nombre, \u00bfqui\u00e9n puede participar en dicho certamen?<\/strong><\/p>\n<p style=\"text-align: justify;\">-El concurso de poes\u00eda que lleva mi nombre lo convoca el Excmo. Ayuntamiento de \u00cdtrabo, y en \u00e9l puede participar todo el que lo desee, siguiendo, eso s\u00ed, las normas del concurso. Pueden entrar en la web del Ayuntamiento a partir de los \u00faltimos d\u00edas de diciembre.<\/p>\n<p style=\"text-align: justify;\"><strong>-D. Marcelino, yo s\u00e9 que hablar de pol\u00edtica en estos tiempos es algo dif\u00edcil, por tant\u00edsimos partidos que se han adherido a ella. \u00bfC\u00f3mo ve Vd. el futuro y qu\u00e9 opini\u00f3n tiene de nuestra Madre Patria?<\/strong><\/p>\n<p style=\"text-align: justify;\">-No me gusta nada el panorama que pol\u00edticamente se avecina. No comulgo en nada con las ideas de algunos elementos pol\u00edticos emergentes, que de gobernar podr\u00edan llevar de nuevo a Espa\u00f1a a un callej\u00f3n sin salida, por lo que debemos ser muy cautos y responsables en las pr\u00f3ximas elecciones del 20 de diciembre. Debemos reflexionar muy bien y saber a qu\u00e9 partido entregamos nuestro voto. Espa\u00f1a no debe vivir lo de a\u00f1os anteriores, y sobre todo debemos caminar todos los espa\u00f1oles unidos, que algunos pol\u00edticos se dejen de aventuras inviables queriendo erigirse en un dios mesi\u00e1nico, que no lo llevar\u00e1 a ning\u00fan fin. En cuanto a eso de Madre Patria, hay 500 millones de hispanoparlantes, pues bien, supongo que habr\u00e1 500 millones de respuestas.<\/p>\n<p style=\"text-align: justify;\"><strong>-S\u00e9 que cuenta con una calle con su nombre, y que aparece usted en alguna enciclopedia, \u00bfpodr\u00edamos hablar un poco de esto? \u00bfQu\u00e9 se siente cuando a uno se le reconocen los valores?<\/strong><\/p>\n<p style=\"text-align: justify;\">-Obviamente, el que el Ayuntamiento de \u00cdtrabo pusiese mi nombre a una calle de nueva apertura fue una gran satisfacci\u00f3n, m\u00e1s si tenemos en cuenta que estos homenajes no suelen darse en vida de las personas que son homenajeadas. Fue una gran alegr\u00eda que nunca olvidar\u00e9. Pero le dir\u00e9 que el d\u00eda de su inauguraci\u00f3n me alegr\u00e9 m\u00e1s por mi familia que por m\u00ed, quiz\u00e1s porque yo estaba emocionado y no percib\u00eda en toda su grandeza el honor que se me otorgaba. Pero sigo pensando que habr\u00eda otras personas que se lo merec\u00edan m\u00e1s que yo. No obstante, mi agradecimiento a las autoridades municipales de mi pueblo ser\u00e1n eternas.<\/p>\n<p style=\"text-align: justify;\">\u00a0\u00a0\u00a0\u00a0\u00a0\u00a0\u00a0\u00a0\u00a0\u00a0\u00a0 Estoy incluido en la \u201cGran Enciclopedia de Mallorca\u201d (Tomo XXIV, P\u00c1G. 28). S\u00ed, es un reconocimiento que les agradezco, por compartir con grandes personajes las p\u00e1ginas de esa magna obra, aunque yo sea el m\u00e1s humilde de todos los personajes que aparecen en esa grandiosa enciclopedia, que por otro lado ha supuesto un gran esfuerzo editorial y en donde muchas personas durante a\u00f1os han estado trabajando.<\/p>\n<p style=\"text-align: justify;\"><strong>-\u00bfQu\u00e9 consejo les dar\u00eda a los j\u00f3venes que quieran iniciarse en el mundo de las letras?<\/strong><\/p>\n<p style=\"text-align: justify;\">-Mi \u00fanico consejo ser\u00eda que lean mucho, y sobre todo que lean a los cl\u00e1sicos. Si es en poes\u00eda, que perseveren y tiren muchos folios a la papelera antes de dar por bueno aquello que han escrito. Solo el tiempo y el trabajo dir\u00e1 qui\u00e9n es qui\u00e9n.<\/p>\n<p style=\"text-align: justify;\"><strong>-No s\u00e9 si querr\u00e1 a\u00f1adir algo de su vida que podamos saber y no haya sido capaz de pregunt\u00e1rselo, sus aficiones por ejemplo, aparte de la escritura.<\/strong><\/p>\n<p style=\"text-align: justify;\">-Mis aficiones son asistir a exposiciones de pintura, a conciertos de m\u00fasica cl\u00e1sica, asistir a actos culturales, caminar, sobre todo por el campo, y estar reunido con buenos amigos\/as. En cuanto a lo que m\u00e1s odio: la traici\u00f3n, y puedo asegurarle que me han traicionado muchas veces.<\/p>\n<p style=\"text-align: justify;\"><strong>-Muchas gracias, Don Marcelino Arellano Alabarces, con todos mis respetos es un gran profesional como escritor, una gran persona y un gran amigo, al que puedo hacerle saber que es muy grato para m\u00ed contar con su amistad. Espero que sea por muchos a\u00f1os.<\/strong><\/p>\n<p><strong>\u00a0<\/strong><\/p>\n<p><strong>\u00a0<\/strong><\/p>\n<p><strong>\u00a0<\/strong><\/p>\n<p style=\"text-align: right;\"><strong>Soledad Durnes Casa\u00f1al<\/strong><\/p>\n<p style=\"text-align: right;\"><strong>Torremolinos\u00a0\u00a0 (M\u00e1laga)<\/strong><\/p>\n","protected":false},"excerpt":{"rendered":"<p>Marcelino Arellano es un escritor que lo mismo escribe narrativa, poemas, relatos, art\u00edculos o novela. Es una persona carism\u00e1tica, agradable,&hellip;<\/p>\n","protected":false},"author":2,"featured_media":3327,"comment_status":"open","ping_status":"open","sticky":false,"template":"","format":"standard","meta":{"om_disable_all_campaigns":false,"_mi_skip_tracking":false,"_monsterinsights_sitenote_active":false,"_monsterinsights_sitenote_note":"","_monsterinsights_sitenote_category":0,"footnotes":""},"categories":[21],"tags":[],"aioseo_notices":[],"_links":{"self":[{"href":"https:\/\/granadacostaglobal.es\/index.php?rest_route=\/wp\/v2\/posts\/3326"}],"collection":[{"href":"https:\/\/granadacostaglobal.es\/index.php?rest_route=\/wp\/v2\/posts"}],"about":[{"href":"https:\/\/granadacostaglobal.es\/index.php?rest_route=\/wp\/v2\/types\/post"}],"author":[{"embeddable":true,"href":"https:\/\/granadacostaglobal.es\/index.php?rest_route=\/wp\/v2\/users\/2"}],"replies":[{"embeddable":true,"href":"https:\/\/granadacostaglobal.es\/index.php?rest_route=%2Fwp%2Fv2%2Fcomments&post=3326"}],"version-history":[{"count":0,"href":"https:\/\/granadacostaglobal.es\/index.php?rest_route=\/wp\/v2\/posts\/3326\/revisions"}],"wp:featuredmedia":[{"embeddable":true,"href":"https:\/\/granadacostaglobal.es\/index.php?rest_route=\/"}],"wp:attachment":[{"href":"https:\/\/granadacostaglobal.es\/index.php?rest_route=%2Fwp%2Fv2%2Fmedia&parent=3326"}],"wp:term":[{"taxonomy":"category","embeddable":true,"href":"https:\/\/granadacostaglobal.es\/index.php?rest_route=%2Fwp%2Fv2%2Fcategories&post=3326"},{"taxonomy":"post_tag","embeddable":true,"href":"https:\/\/granadacostaglobal.es\/index.php?rest_route=%2Fwp%2Fv2%2Ftags&post=3326"}],"curies":[{"name":"wp","href":"https:\/\/api.w.org\/{rel}","templated":true}]}}